{"id":228440,"date":"2026-08-30T21:52:24","date_gmt":"2026-08-31T02:52:24","guid":{"rendered":"https:\/\/www.buroperiodistico.com.mx\/?p=228440"},"modified":"2026-08-30T21:52:24","modified_gmt":"2026-08-31T02:52:24","slug":"cronicas-politicas-por-alberto-guerra-salazar-768","status":"publish","type":"post","link":"https:\/\/www.buroperiodistico.com.mx\/?p=228440","title":{"rendered":"CRONICAS POLITICAS\/ Por Alberto Guerra Salazar"},"content":{"rendered":"<p><strong><em>30 DE agosto 2026<\/em><\/strong><\/p>\n<p style=\"text-align: center;\"><em><strong>Todos a apoyar el Telet\u00f3n<\/strong><\/em><\/p>\n<p>CIUDAD VICTORIA, (ASI).\u2014 Nuevo Laredo tiene fiesta por el 18 aniversario de la Estaci\u00f3n Palabra \u201cGabriel Garc\u00eda M\u00e1rquez\u201d y lo celebra con una edici\u00f3n especial de \u201cMaquinitas Creativas\u201d, donde los ni\u00f1os echan a volar su imaginaci\u00f3n creando su propio pastel de cumplea\u00f1os, usando materiales reciclados.<\/p>\n<p>Esta actividad est\u00e1 pensada para que los ni\u00f1os disfruten de un espacio de creatividad, aprendizaje y diversi\u00f3n, al mismo tiempo que conocen y celebran la trayectoria de este importante espacio dedicado a la lectura y la cultura.<\/p>\n<p>La actividad se realizar\u00e1 el s\u00e1bado 5 de septiembre, a las 12:00 horas, en la Sala Infantil de Estaci\u00f3n Palabra.<\/p>\n<p>El gobierno de Carmen Lilia Cant\u00farosas Villarreal est\u00e1 invitando a las familias a celebrar y disfrutar de una actividad en la que la creatividad, la imaginaci\u00f3n y la lectura se unen para festejar un a\u00f1o m\u00e1s de Estaci\u00f3n Palabra.<\/p>\n<p>En tanto que la Secretar\u00eda de Seguridad P\u00fablica del Estado dio inicio al boteo Telet\u00f3n 2026 a trav\u00e9s del cual el personal operativo y administrativo de esta dependencia se sum\u00f3 a esta causa altruista.<\/p>\n<p>En otros temas, todav\u00eda resuenan los aplausos por el \u00e9xito conseguido en la Cabalgata por la Unidad de Tamaulipas auspiciada entre la Rector\u00eda de la Universidad Aut\u00f3noma de Tamaulipas y la Uni\u00f3n Ganadera Regional de Tamaulipas.<\/p>\n<p>El evento tuvo como testigo de honor al Gobernador Am\u00e9rico Villarreal Anaya y en el marco del multitudinario evento que reuni\u00f3 a delegaciones venidas de todos los municipios, se firm\u00f3 el convenio estrat\u00e9gico para el desarrollo pecuario del Estado.<\/p>\n<p>A trav\u00e9s de este acuerdo se formaliz\u00f3 la colaboraci\u00f3n acad\u00e9mica, cient\u00edfica y tecnol\u00f3gica entre la UAT y la UGRT, el cual tiene como prop\u00f3sito articular capacidades investigativas, t\u00e9cnicas y operativas entre la academia y el sector productivo.<\/p>\n<p>Destaca el trabajo conjunto entre las plantas de alimentos de la Facultad de Medicina Veterinaria y Zootecnia y los productores integrados en la Uni\u00f3n Ganadera Regional, uniendo esfuerzos para potenciar la productividad y elevar la calidad de los procesos ganaderos en \u00e1reas prioritarias como la nutrici\u00f3n animal, sanidad, reproducci\u00f3n, manejo integral de especies y estrategias de comercializaci\u00f3n.<\/p>\n<p>M\u00e1s de dos mil 100 cabalgantes recorrieron las principales vialidades de la capital de Tamaulipas, en una demostraci\u00f3n de unidad, organizaci\u00f3n y fortaleza popular.<\/p>\n<p>En esta celebraci\u00f3n participaron los alcaldes de los 43 municipios, senadores de la Rep\u00fablica, diputados federales y locales, integrantes del Gabinete estatal, representantes de los sectores productivos y familias tamaulipecas.<\/p>\n<p>La presencia de representantes populares de todo el territorio estatal confirma que Tamaulipas se encuentra unido en torno a las grandes causas de M\u00e9xico: la defensa de la soberan\u00eda, la libertad del pueblo para decidir su propio destino y la continuidad de la transformaci\u00f3n nacional. Eso dice el bolet\u00edn.<\/p>\n<p>Durante su mensaje en el Polyforum, el Gobernador Am\u00e9rico Villarreal hizo un llamado a fortalecer la unidad y a seguir trabajando en estos gobiernos humanistas por la grandeza de Tamaulipas y de M\u00e9xico.<\/p>\n<p>\u201cComo nos lo ha convocado la gran Presidenta de M\u00e9xico, la doctora Claudia Sheibaum Pardo, que privilegiemos la unidad, que sigamos trabajando por esta gran naci\u00f3n y por este gran Estado, que tengamos presentes, el gozo que significa ser mexicanos y mexicanas y que bajo los colores de nuestra bandera, que significan el verde, soberan\u00eda; el blanco, libertad y el rojo, independencia, podemos seguir trabajando en unidad para la grandeza de nuestra patria\u201d, expres\u00f3.<\/p>\n<p>Rematamos la colaboraci\u00f3n de este d\u00eda informando que hoy a las nueve de la ma\u00f1ana, la presidenta municipal de Nuevo Laredo Carmen Lilia Canturosas Villarreal inaugurar\u00e1 el ciclo escolar 2026-2027 y entregar\u00e1 gu\u00edas en la escuela primaria Ignacio Manuel Altamirano.<\/p>\n<p>Una hora y media despu\u00e9s entregar\u00e1 la joven edil uniformes en la preparatoria municipal \u201cG\u00f3mez Mor\u00edn\u201d, en la colonia El Progreso.<\/p>\n<p>Y a las 11:30 horas entregar\u00e1 \u00fatiles escolares en la escuela primaria \u201cJosefa Ortiz de Dom\u00ednguez\u201d, en la colonia Uni\u00f3n del Recuerdo.<\/p>\n<p>Aniversario natalicio de don Jos\u00e9 Villarreal Caballero, empresario y editor tamaulipeco ya desaparecido.<\/p>\n<p>En tanto que familiares y amigos del abogado Rafael D\u00edez Pi\u00f1eyro se preparan para congratularlo por su inminente cumplea\u00f1os.<\/p>\n<p>Correo electr\u00f3nico: albertoguerra65@hotmail.com<\/p>\n","protected":false},"excerpt":{"rendered":"<p>30 DE agosto 2026 Todos a apoyar el Telet\u00f3n CIUDAD VICTORIA, (ASI).\u2014 Nuevo Laredo tiene&#8230;<\/p>\n","protected":false},"author":1,"featured_media":149413,"comment_status":"closed","ping_status":"closed","sticky":false,"template":"","format":"standard","meta":{"footnotes":"","jetpack_publicize_message":"","jetpack_publicize_feature_enabled":true,"jetpack_social_post_already_shared":true,"jetpack_social_options":{"image_generator_settings":{"template":"highway","default_image_id":0,"font":"","enabled":false},"version":2}},"categories":[23],"tags":[],"class_list":["post-228440","post","type-post","status-publish","format-standard","has-post-thumbnail","hentry","category-columnas"],"jetpack_publicize_connections":[],"_links":{"self":[{"href":"https:\/\/www.buroperiodistico.com.mx\/index.php?rest_route=\/wp\/v2\/posts\/228440","targetHints":{"allow":["GET"]}}],"collection":[{"href":"https:\/\/www.buroperiodistico.com.mx\/index.php?rest_route=\/wp\/v2\/posts"}],"about":[{"href":"https:\/\/www.buroperiodistico.com.mx\/index.php?rest_route=\/wp\/v2\/types\/post"}],"author":[{"embeddable":true,"href":"https:\/\/www.buroperiodistico.com.mx\/index.php?rest_route=\/wp\/v2\/users\/1"}],"replies":[{"embeddable":true,"href":"https:\/\/www.buroperiodistico.com.mx\/index.php?rest_route=%2Fwp%2Fv2%2Fcomments&post=228440"}],"version-history":[{"count":1,"href":"https:\/\/www.buroperiodistico.com.mx\/index.php?rest_route=\/wp\/v2\/posts\/228440\/revisions"}],"predecessor-version":[{"id":228441,"href":"https:\/\/www.buroperiodistico.com.mx\/index.php?rest_route=\/wp\/v2\/posts\/228440\/revisions\/228441"}],"wp:featuredmedia":[{"embeddable":true,"href":"https:\/\/www.buroperiodistico.com.mx\/index.php?rest_route=\/wp\/v2\/media\/149413"}],"wp:attachment":[{"href":"https:\/\/www.buroperiodistico.com.mx\/index.php?rest_route=%2Fwp%2Fv2%2Fmedia&parent=228440"}],"wp:term":[{"taxonomy":"category","embeddable":true,"href":"https:\/\/www.buroperiodistico.com.mx\/index.php?rest_route=%2Fwp%2Fv2%2Fcategories&post=228440"},{"taxonomy":"post_tag","embeddable":true,"href":"https:\/\/www.buroperiodistico.com.mx\/index.php?rest_route=%2Fwp%2Fv2%2Ftags&post=228440"}],"curies":[{"name":"wp","href":"https:\/\/api.w.org\/{rel}","templated":true}]}}