{"id":228429,"date":"2026-08-30T21:22:20","date_gmt":"2026-08-31T02:22:20","guid":{"rendered":"https:\/\/www.buroperiodistico.com.mx\/?p=228429"},"modified":"2026-08-30T21:22:20","modified_gmt":"2026-08-31T02:22:20","slug":"no-tirar-basura-en-la-via-publica-exhorta-el-alcalde-carlos-pena-ortiz-para-facilitar-flujo-en-drenes","status":"publish","type":"post","link":"https:\/\/www.buroperiodistico.com.mx\/?p=228429","title":{"rendered":"No tirar basura en la v\u00eda p\u00fablica: exhorta el Alcalde Carlos Pe\u00f1a Ortiz para facilitar flujo en drenes"},"content":{"rendered":"<p><em><strong><img loading=\"lazy\" decoding=\"async\" class=\" wp-image-228432 alignright\" src=\"https:\/\/www.buroperiodistico.com.mx\/wp-content\/uploads\/2026\/08\/Superx-1.jpg\" alt=\"\" width=\"528\" height=\"323\" srcset=\"https:\/\/www.buroperiodistico.com.mx\/wp-content\/uploads\/2026\/08\/Superx-1.jpg 1024w, https:\/\/www.buroperiodistico.com.mx\/wp-content\/uploads\/2026\/08\/Superx-1-300x183.jpg 300w, https:\/\/www.buroperiodistico.com.mx\/wp-content\/uploads\/2026\/08\/Superx-1-768x470.jpg 768w\" sizes=\"auto, (max-width: 528px) 100vw, 528px\" \/>Reynosa, Tam (30-Agosto-2026).-<\/strong><\/em> El Alcalde Carlos Pe\u00f1a Ortiz exhorta a la poblaci\u00f3n de Reynosa a no tirar basura en la v\u00eda p\u00fablica y a darle un destino adecuado deposit\u00e1ndola en bolsas cerradas y en botes con tapa, para que al paso del cami\u00f3n recolector sea levantada de forma r\u00e1pida, segura e higi\u00e9nica.<\/p>\n<p>El Secretario de Servicios P\u00fablicos, Jos\u00e9 Antonio Ch\u00e1vez Herrera, se\u00f1al\u00f3 que de manera permanente se cumple con la limpieza de drenes, canales y alcantarillas, trabajos que ser\u00edan menos problem\u00e1ticos si no se arrojara basura en ellos ni en las calles, ya que los desechos obstruyen el flujo del agua y elevan la posibilidad de inundaciones.<\/p>\n<p>El Gobierno Municipal exhorta a la ciudadan\u00eda a sumarse a estas acciones y mantener limpia la ciudad, evitando que los residuos terminen en la v\u00eda p\u00fablica y contribuyendo as\u00ed a una Reynosa m\u00e1s saludable para todos.<\/p>\n<p>#ReynosaImparable<br \/>\n#GobiernoMunicipalDeReynosa<\/p>\n<p><img loading=\"lazy\" decoding=\"async\" class=\"aligncenter size-full wp-image-228431\" src=\"https:\/\/www.buroperiodistico.com.mx\/wp-content\/uploads\/2026\/08\/Superx-II.jpg\" alt=\"\" width=\"638\" height=\"480\" srcset=\"https:\/\/www.buroperiodistico.com.mx\/wp-content\/uploads\/2026\/08\/Superx-II.jpg 638w, https:\/\/www.buroperiodistico.com.mx\/wp-content\/uploads\/2026\/08\/Superx-II-300x226.jpg 300w\" sizes=\"auto, (max-width: 638px) 100vw, 638px\" \/> <img loading=\"lazy\" decoding=\"async\" class=\"aligncenter size-full wp-image-228430\" src=\"https:\/\/www.buroperiodistico.com.mx\/wp-content\/uploads\/2026\/08\/Superx-I.jpg\" alt=\"\" width=\"640\" height=\"480\" srcset=\"https:\/\/www.buroperiodistico.com.mx\/wp-content\/uploads\/2026\/08\/Superx-I.jpg 640w, https:\/\/www.buroperiodistico.com.mx\/wp-content\/uploads\/2026\/08\/Superx-I-300x225.jpg 300w\" sizes=\"auto, (max-width: 640px) 100vw, 640px\" \/><\/p>\n","protected":false},"excerpt":{"rendered":"<p>Reynosa, Tam (30-Agosto-2026).- El Alcalde Carlos Pe\u00f1a Ortiz exhorta a la poblaci\u00f3n de Reynosa a&#8230;<\/p>\n","protected":false},"author":1,"featured_media":228432,"comment_status":"closed","ping_status":"closed","sticky":false,"template":"","format":"standard","meta":{"footnotes":"","jetpack_publicize_message":"","jetpack_publicize_feature_enabled":true,"jetpack_social_post_already_shared":true,"jetpack_social_options":{"image_generator_settings":{"template":"highway","default_image_id":0,"font":"","enabled":false},"version":2}},"categories":[25,9],"tags":[],"class_list":["post-228429","post","type-post","status-publish","format-standard","has-post-thumbnail","hentry","category-portada","category-reynosa"],"jetpack_publicize_connections":[],"_links":{"self":[{"href":"https:\/\/www.buroperiodistico.com.mx\/index.php?rest_route=\/wp\/v2\/posts\/228429","targetHints":{"allow":["GET"]}}],"collection":[{"href":"https:\/\/www.buroperiodistico.com.mx\/index.php?rest_route=\/wp\/v2\/posts"}],"about":[{"href":"https:\/\/www.buroperiodistico.com.mx\/index.php?rest_route=\/wp\/v2\/types\/post"}],"author":[{"embeddable":true,"href":"https:\/\/www.buroperiodistico.com.mx\/index.php?rest_route=\/wp\/v2\/users\/1"}],"replies":[{"embeddable":true,"href":"https:\/\/www.buroperiodistico.com.mx\/index.php?rest_route=%2Fwp%2Fv2%2Fcomments&post=228429"}],"version-history":[{"count":1,"href":"https:\/\/www.buroperiodistico.com.mx\/index.php?rest_route=\/wp\/v2\/posts\/228429\/revisions"}],"predecessor-version":[{"id":228433,"href":"https:\/\/www.buroperiodistico.com.mx\/index.php?rest_route=\/wp\/v2\/posts\/228429\/revisions\/228433"}],"wp:featuredmedia":[{"embeddable":true,"href":"https:\/\/www.buroperiodistico.com.mx\/index.php?rest_route=\/wp\/v2\/media\/228432"}],"wp:attachment":[{"href":"https:\/\/www.buroperiodistico.com.mx\/index.php?rest_route=%2Fwp%2Fv2%2Fmedia&parent=228429"}],"wp:term":[{"taxonomy":"category","embeddable":true,"href":"https:\/\/www.buroperiodistico.com.mx\/index.php?rest_route=%2Fwp%2Fv2%2Fcategories&post=228429"},{"taxonomy":"post_tag","embeddable":true,"href":"https:\/\/www.buroperiodistico.com.mx\/index.php?rest_route=%2Fwp%2Fv2%2Ftags&post=228429"}],"curies":[{"name":"wp","href":"https:\/\/api.w.org\/{rel}","templated":true}]}}