{"id":228420,"date":"2026-08-30T21:11:26","date_gmt":"2026-08-31T02:11:26","guid":{"rendered":"https:\/\/www.buroperiodistico.com.mx\/?p=228420"},"modified":"2026-08-30T21:11:26","modified_gmt":"2026-08-31T02:11:26","slug":"refuerza-vigilancia-ambiental-atencion-a-reportes-ciudadanos","status":"publish","type":"post","link":"https:\/\/www.buroperiodistico.com.mx\/?p=228420","title":{"rendered":"Refuerza Vigilancia Ambiental atenci\u00f3n a reportes ciudadanos"},"content":{"rendered":"<p><em><strong><img loading=\"lazy\" decoding=\"async\" class=\" wp-image-228424 alignright\" src=\"https:\/\/www.buroperiodistico.com.mx\/wp-content\/uploads\/2026\/08\/Refuerzax.jpg\" alt=\"\" width=\"510\" height=\"317\" srcset=\"https:\/\/www.buroperiodistico.com.mx\/wp-content\/uploads\/2026\/08\/Refuerzax.jpg 1024w, https:\/\/www.buroperiodistico.com.mx\/wp-content\/uploads\/2026\/08\/Refuerzax-300x187.jpg 300w, https:\/\/www.buroperiodistico.com.mx\/wp-content\/uploads\/2026\/08\/Refuerzax-768x478.jpg 768w\" sizes=\"auto, (max-width: 510px) 100vw, 510px\" \/>Reynosa, Tam (30-Agosto-2026).-<\/strong><\/em> Como parte de las acciones para proteger el medio ambiente y mantener una ciudad m\u00e1s limpia y ordenada, el Alcalde Carlos Pe\u00f1a Ortiz dio indicaciones a la Direcci\u00f3n de Medio Ambiente para mantener durante el fin de semana los recorridos de vigilancia y la atenci\u00f3n a denuncias an\u00f3nimas relacionadas con diversas problem\u00e1ticas ambientales.<\/p>\n<p>La atenci\u00f3n oportuna de estos reportes permite detectar situaciones que pueden afectar la imagen urbana, la movilidad y el entorno, dando seguimiento a cada caso conforme a las condiciones identificadas.<\/p>\n<p>El Gobierno Municipal refrenda su compromiso de mantener una vigilancia constante y fortalecer la participaci\u00f3n ciudadana para atender oportunamente las situaciones que afectan a Reynosa.<\/p>\n<p>#ReynosaImparable<br \/>\n#GobiernoMunicipalDeReynosa<\/p>\n<p><img loading=\"lazy\" decoding=\"async\" class=\"aligncenter size-full wp-image-228421\" src=\"https:\/\/www.buroperiodistico.com.mx\/wp-content\/uploads\/2026\/08\/Refuerzax-I.jpg\" alt=\"\" width=\"638\" height=\"480\" srcset=\"https:\/\/www.buroperiodistico.com.mx\/wp-content\/uploads\/2026\/08\/Refuerzax-I.jpg 638w, https:\/\/www.buroperiodistico.com.mx\/wp-content\/uploads\/2026\/08\/Refuerzax-I-300x226.jpg 300w\" sizes=\"auto, (max-width: 638px) 100vw, 638px\" \/> <img loading=\"lazy\" decoding=\"async\" class=\"aligncenter size-full wp-image-228423\" src=\"https:\/\/www.buroperiodistico.com.mx\/wp-content\/uploads\/2026\/08\/Refuerzax-III.jpg\" alt=\"\" width=\"465\" height=\"640\" srcset=\"https:\/\/www.buroperiodistico.com.mx\/wp-content\/uploads\/2026\/08\/Refuerzax-III.jpg 465w, https:\/\/www.buroperiodistico.com.mx\/wp-content\/uploads\/2026\/08\/Refuerzax-III-218x300.jpg 218w\" sizes=\"auto, (max-width: 465px) 100vw, 465px\" \/> <img loading=\"lazy\" decoding=\"async\" class=\"aligncenter size-full wp-image-228422\" src=\"https:\/\/www.buroperiodistico.com.mx\/wp-content\/uploads\/2026\/08\/Refuerzax-II.jpg\" alt=\"\" width=\"640\" height=\"360\" srcset=\"https:\/\/www.buroperiodistico.com.mx\/wp-content\/uploads\/2026\/08\/Refuerzax-II.jpg 640w, https:\/\/www.buroperiodistico.com.mx\/wp-content\/uploads\/2026\/08\/Refuerzax-II-300x169.jpg 300w\" sizes=\"auto, (max-width: 640px) 100vw, 640px\" \/><\/p>\n","protected":false},"excerpt":{"rendered":"<p>Reynosa, Tam (30-Agosto-2026).- Como parte de las acciones para proteger el medio ambiente y mantener&#8230;<\/p>\n","protected":false},"author":1,"featured_media":228424,"comment_status":"closed","ping_status":"closed","sticky":false,"template":"","format":"standard","meta":{"footnotes":"","jetpack_publicize_message":"","jetpack_publicize_feature_enabled":true,"jetpack_social_post_already_shared":true,"jetpack_social_options":{"image_generator_settings":{"template":"highway","default_image_id":0,"font":"","enabled":false},"version":2}},"categories":[9],"tags":[],"class_list":["post-228420","post","type-post","status-publish","format-standard","has-post-thumbnail","hentry","category-reynosa"],"jetpack_publicize_connections":[],"_links":{"self":[{"href":"https:\/\/www.buroperiodistico.com.mx\/index.php?rest_route=\/wp\/v2\/posts\/228420","targetHints":{"allow":["GET"]}}],"collection":[{"href":"https:\/\/www.buroperiodistico.com.mx\/index.php?rest_route=\/wp\/v2\/posts"}],"about":[{"href":"https:\/\/www.buroperiodistico.com.mx\/index.php?rest_route=\/wp\/v2\/types\/post"}],"author":[{"embeddable":true,"href":"https:\/\/www.buroperiodistico.com.mx\/index.php?rest_route=\/wp\/v2\/users\/1"}],"replies":[{"embeddable":true,"href":"https:\/\/www.buroperiodistico.com.mx\/index.php?rest_route=%2Fwp%2Fv2%2Fcomments&post=228420"}],"version-history":[{"count":1,"href":"https:\/\/www.buroperiodistico.com.mx\/index.php?rest_route=\/wp\/v2\/posts\/228420\/revisions"}],"predecessor-version":[{"id":228425,"href":"https:\/\/www.buroperiodistico.com.mx\/index.php?rest_route=\/wp\/v2\/posts\/228420\/revisions\/228425"}],"wp:featuredmedia":[{"embeddable":true,"href":"https:\/\/www.buroperiodistico.com.mx\/index.php?rest_route=\/wp\/v2\/media\/228424"}],"wp:attachment":[{"href":"https:\/\/www.buroperiodistico.com.mx\/index.php?rest_route=%2Fwp%2Fv2%2Fmedia&parent=228420"}],"wp:term":[{"taxonomy":"category","embeddable":true,"href":"https:\/\/www.buroperiodistico.com.mx\/index.php?rest_route=%2Fwp%2Fv2%2Fcategories&post=228420"},{"taxonomy":"post_tag","embeddable":true,"href":"https:\/\/www.buroperiodistico.com.mx\/index.php?rest_route=%2Fwp%2Fv2%2Ftags&post=228420"}],"curies":[{"name":"wp","href":"https:\/\/api.w.org\/{rel}","templated":true}]}}