{"id":228409,"date":"2026-08-30T20:54:06","date_gmt":"2026-08-31T01:54:06","guid":{"rendered":"https:\/\/www.buroperiodistico.com.mx\/?p=228409"},"modified":"2026-08-30T20:54:06","modified_gmt":"2026-08-31T01:54:06","slug":"plenaria-del-grupo-parlamentario-de-morena-fortalece-la-unidad-y-el-trabajo-legislativo-poniendo-en-el-centro-a-las-personas-la-democracia-y-la-soberania-olga-sosa","status":"publish","type":"post","link":"https:\/\/www.buroperiodistico.com.mx\/?p=228409","title":{"rendered":"Plenaria del Grupo Parlamentario de Morena fortalece la unidad y el trabajo legislativo poniendo en el centro a las personas, la democracia y la soberan\u00eda: Olga Sosa"},"content":{"rendered":"<ul>\n<li><strong><em>Desde el Senado respaldamos y acompa\u00f1amos el proyecto de naci\u00f3n de la presidenta Claudia Sheinbaum Pardo<\/em><\/strong><\/li>\n<\/ul>\n<p><strong><img loading=\"lazy\" decoding=\"async\" class=\" wp-image-228413 alignright\" src=\"https:\/\/www.buroperiodistico.com.mx\/wp-content\/uploads\/2026\/08\/Olgax-18.jpg\" alt=\"\" width=\"518\" height=\"368\" srcset=\"https:\/\/www.buroperiodistico.com.mx\/wp-content\/uploads\/2026\/08\/Olgax-18.jpg 1024w, https:\/\/www.buroperiodistico.com.mx\/wp-content\/uploads\/2026\/08\/Olgax-18-300x213.jpg 300w, https:\/\/www.buroperiodistico.com.mx\/wp-content\/uploads\/2026\/08\/Olgax-18-768x545.jpg 768w\" sizes=\"auto, (max-width: 518px) 100vw, 518px\" \/>Ciudad de M\u00e9xico (30-Agosto-2026).-<\/strong> La senadora por Tamaulipas, Olga Patricia Sosa Ru\u00edz, destac\u00f3 la importancia de los planteamientos presentados por la secretaria de Gobernaci\u00f3n, Rosa Icela Rodr\u00edguez Vel\u00e1zquez, durante la Quinta Reuni\u00f3n Plenaria del Grupo Parlamentario de Morena en el Senado de la Rep\u00fablica, de cara al inicio del nuevo periodo ordinario de sesiones.<\/p>\n<p>La legisladora tamaulipeca se\u00f1al\u00f3 que el mensaje de la secretaria de Gobernaci\u00f3n debe asumirse como un llamado a mantener la unidad, actuar con responsabilidad y colocar siempre el inter\u00e9s de M\u00e9xico por encima de cualquier inter\u00e9s particular.<\/p>\n<p>Olga Sosa consider\u00f3 especialmente relevante que el Gobierno de M\u00e9xico mantenga una relaci\u00f3n de di\u00e1logo y coordinaci\u00f3n con el Poder Legislativo, al tiempo que se fortalece el trabajo de las y los senadores para impulsar una agenda legislativa integral.<\/p>\n<p>La senadora destac\u00f3 que, el equipo de la secretaria de gobernaci\u00f3n es sensible a los planteamientos y necesidades de las personas, ha sido tambi\u00e9n, pilar sustantivo del di\u00e1logo con sectores, como colectivos de derechos humanos, poblaci\u00f3n migrante y agricultores.<\/p>\n<p>Destac\u00f3 que dentro de las iniciativas anunciadas, con respecto a la doble nacionalidad, se debe considerar y debatir si se incluye la residencia, destacando que no se debe dejar a dudas que la \u201c\u00fanica lealtad es con M\u00e9xico y el pueblo\u201d.<\/p>\n<p>Tambi\u00e9n la senadora Olga Sosa subray\u00f3 que Tamaulipas tiene un papel estrat\u00e9gico dentro de la visi\u00f3n nacional de desarrollo, por su vocaci\u00f3n agr\u00edcola, energ\u00e9tica, industrial, portuaria y fronteriza.<\/p>\n<p>Finalmente, Olga Sosa reiter\u00f3 su respaldo a la presidenta Claudia Sheinbaum Pardo y asegur\u00f3 que desde el Senado continuar\u00e1 trabajando para acompa\u00f1ar las prioridades de su gobierno y, al mismo tiempo, representar con responsabilidad los intereses de las y los tamaulipecos.<br \/>\n\u201cVamos a seguir legislando con responsabilidad, estando cerca de la gente en el territorio e informando de los resultados del humanismo mexicano y la cuarta transformaci\u00f3n\u201d, concluy\u00f3.<\/p>\n<p><img loading=\"lazy\" decoding=\"async\" class=\"aligncenter size-full wp-image-228410\" src=\"https:\/\/www.buroperiodistico.com.mx\/wp-content\/uploads\/2026\/08\/Olgax-I-14.jpg\" alt=\"\" width=\"640\" height=\"427\" srcset=\"https:\/\/www.buroperiodistico.com.mx\/wp-content\/uploads\/2026\/08\/Olgax-I-14.jpg 640w, https:\/\/www.buroperiodistico.com.mx\/wp-content\/uploads\/2026\/08\/Olgax-I-14-300x200.jpg 300w\" sizes=\"auto, (max-width: 640px) 100vw, 640px\" \/> <img loading=\"lazy\" decoding=\"async\" class=\"aligncenter size-full wp-image-228412\" src=\"https:\/\/www.buroperiodistico.com.mx\/wp-content\/uploads\/2026\/08\/Olgax-III-11.jpg\" alt=\"\" width=\"640\" height=\"427\" srcset=\"https:\/\/www.buroperiodistico.com.mx\/wp-content\/uploads\/2026\/08\/Olgax-III-11.jpg 640w, https:\/\/www.buroperiodistico.com.mx\/wp-content\/uploads\/2026\/08\/Olgax-III-11-300x200.jpg 300w\" sizes=\"auto, (max-width: 640px) 100vw, 640px\" \/> <img loading=\"lazy\" decoding=\"async\" class=\"aligncenter size-full wp-image-228411\" src=\"https:\/\/www.buroperiodistico.com.mx\/wp-content\/uploads\/2026\/08\/Olgax-II-13.jpg\" alt=\"\" width=\"640\" height=\"427\" srcset=\"https:\/\/www.buroperiodistico.com.mx\/wp-content\/uploads\/2026\/08\/Olgax-II-13.jpg 640w, https:\/\/www.buroperiodistico.com.mx\/wp-content\/uploads\/2026\/08\/Olgax-II-13-300x200.jpg 300w\" sizes=\"auto, (max-width: 640px) 100vw, 640px\" \/><\/p>\n","protected":false},"excerpt":{"rendered":"<p>Desde el Senado respaldamos y acompa\u00f1amos el proyecto de naci\u00f3n de la presidenta Claudia Sheinbaum&#8230;<\/p>\n","protected":false},"author":1,"featured_media":228413,"comment_status":"closed","ping_status":"closed","sticky":false,"template":"","format":"standard","meta":{"footnotes":"","jetpack_publicize_message":"","jetpack_publicize_feature_enabled":true,"jetpack_social_post_already_shared":true,"jetpack_social_options":{"image_generator_settings":{"template":"highway","default_image_id":0,"font":"","enabled":false},"version":2}},"categories":[11],"tags":[],"class_list":["post-228409","post","type-post","status-publish","format-standard","has-post-thumbnail","hentry","category-nacional"],"jetpack_publicize_connections":[],"_links":{"self":[{"href":"https:\/\/www.buroperiodistico.com.mx\/index.php?rest_route=\/wp\/v2\/posts\/228409","targetHints":{"allow":["GET"]}}],"collection":[{"href":"https:\/\/www.buroperiodistico.com.mx\/index.php?rest_route=\/wp\/v2\/posts"}],"about":[{"href":"https:\/\/www.buroperiodistico.com.mx\/index.php?rest_route=\/wp\/v2\/types\/post"}],"author":[{"embeddable":true,"href":"https:\/\/www.buroperiodistico.com.mx\/index.php?rest_route=\/wp\/v2\/users\/1"}],"replies":[{"embeddable":true,"href":"https:\/\/www.buroperiodistico.com.mx\/index.php?rest_route=%2Fwp%2Fv2%2Fcomments&post=228409"}],"version-history":[{"count":1,"href":"https:\/\/www.buroperiodistico.com.mx\/index.php?rest_route=\/wp\/v2\/posts\/228409\/revisions"}],"predecessor-version":[{"id":228414,"href":"https:\/\/www.buroperiodistico.com.mx\/index.php?rest_route=\/wp\/v2\/posts\/228409\/revisions\/228414"}],"wp:featuredmedia":[{"embeddable":true,"href":"https:\/\/www.buroperiodistico.com.mx\/index.php?rest_route=\/wp\/v2\/media\/228413"}],"wp:attachment":[{"href":"https:\/\/www.buroperiodistico.com.mx\/index.php?rest_route=%2Fwp%2Fv2%2Fmedia&parent=228409"}],"wp:term":[{"taxonomy":"category","embeddable":true,"href":"https:\/\/www.buroperiodistico.com.mx\/index.php?rest_route=%2Fwp%2Fv2%2Fcategories&post=228409"},{"taxonomy":"post_tag","embeddable":true,"href":"https:\/\/www.buroperiodistico.com.mx\/index.php?rest_route=%2Fwp%2Fv2%2Ftags&post=228409"}],"curies":[{"name":"wp","href":"https:\/\/api.w.org\/{rel}","templated":true}]}}