{"id":228378,"date":"2026-08-30T15:09:30","date_gmt":"2026-08-30T20:09:30","guid":{"rendered":"https:\/\/www.buroperiodistico.com.mx\/?p=228378"},"modified":"2026-08-30T15:09:30","modified_gmt":"2026-08-30T20:09:30","slug":"se-suma-sspt-a-colecta-nacional-teleton-2026","status":"publish","type":"post","link":"https:\/\/www.buroperiodistico.com.mx\/?p=228378","title":{"rendered":"Se suma SSPT a colecta nacional Telet\u00f3n 2026"},"content":{"rendered":"<ul>\n<li><strong><em>El boteo Telet\u00f3n fue inaugurado en esta dependencia por el Voluntariado de la Secretar\u00eda de Seguridad P\u00fablica de Tamaulipas<\/em><\/strong><\/li>\n<\/ul>\n<p><strong><img loading=\"lazy\" decoding=\"async\" class=\" wp-image-228383 alignright\" src=\"https:\/\/www.buroperiodistico.com.mx\/wp-content\/uploads\/2026\/08\/SSPTeleton.jpeg\" alt=\"\" width=\"504\" height=\"295\" srcset=\"https:\/\/www.buroperiodistico.com.mx\/wp-content\/uploads\/2026\/08\/SSPTeleton.jpeg 1024w, https:\/\/www.buroperiodistico.com.mx\/wp-content\/uploads\/2026\/08\/SSPTeleton-300x175.jpeg 300w, https:\/\/www.buroperiodistico.com.mx\/wp-content\/uploads\/2026\/08\/SSPTeleton-768x449.jpeg 768w\" sizes=\"auto, (max-width: 504px) 100vw, 504px\" \/>Ciudad Victoria, Tamaulipas (30-Agosto-2026).-<\/strong> Siguiendo la pol\u00edtica humanista del gobernador Am\u00e9rico Villarreal Anaya, el Voluntariado de la Secretar\u00eda de Seguridad P\u00fablica de Tamaulipas (SSPT) dio inicio el boteo Telet\u00f3n 2026 a trav\u00e9s del cual el personal operativo y administrativo de esta dependencia se sum\u00f3 a esta causa altruista.<\/p>\n<p>La ceremonia de inauguraci\u00f3n estuvo encabezada por la presidenta del Voluntariado de la SSPT, Eva Catalina Hern\u00e1ndez Flores, y el secretario de Seguridad P\u00fablica de Tamaulipas, Carlos Arturo Pancardo Escudero, quien realiz\u00f3 el primer donativo en las urnas oficiales proporcionadas por la fundaci\u00f3n a trav\u00e9s del Sistema DIF Tamaulipas.<\/p>\n<p>\u00abHoy, cada aportaci\u00f3n que ustedes hacen lleva mucho m\u00e1s que un donativo, lleva esperanza, lleva la posibilidad de que una ni\u00f1a, un ni\u00f1o o una familia encuentre apoyo, atenci\u00f3n y una nueva oportunidad para seguir adelante\u00bb, expres\u00f3 la presidenta del Voluntariado de la SSPT.<\/p>\n<p>Cabe mencionar que Tamaulipas es una de las entidades en las que la Fundaci\u00f3n Telet\u00f3n ofrece servicios de rehabilitaci\u00f3n para ni\u00f1os, ni\u00f1os y adolescentes con discapacidad, autismo o c\u00e1ncer.<\/p>\n<p>Con su donativo, el personal que integra la SSPT reafirm\u00f3 su vocaci\u00f3n de servir y proteger principalmente a los grupos poblacionales en mayor condici\u00f3n de vulnerabilidad.<\/p>\n<p><img loading=\"lazy\" decoding=\"async\" class=\"aligncenter size-full wp-image-228379\" src=\"https:\/\/www.buroperiodistico.com.mx\/wp-content\/uploads\/2026\/08\/SSPTeleton-I.jpeg\" alt=\"\" width=\"640\" height=\"403\" srcset=\"https:\/\/www.buroperiodistico.com.mx\/wp-content\/uploads\/2026\/08\/SSPTeleton-I.jpeg 640w, https:\/\/www.buroperiodistico.com.mx\/wp-content\/uploads\/2026\/08\/SSPTeleton-I-300x189.jpeg 300w\" sizes=\"auto, (max-width: 640px) 100vw, 640px\" \/> <img loading=\"lazy\" decoding=\"async\" class=\"aligncenter size-full wp-image-228382\" src=\"https:\/\/www.buroperiodistico.com.mx\/wp-content\/uploads\/2026\/08\/SSPTeleton-IIII.jpeg\" alt=\"\" width=\"640\" height=\"480\" srcset=\"https:\/\/www.buroperiodistico.com.mx\/wp-content\/uploads\/2026\/08\/SSPTeleton-IIII.jpeg 640w, https:\/\/www.buroperiodistico.com.mx\/wp-content\/uploads\/2026\/08\/SSPTeleton-IIII-300x225.jpeg 300w\" sizes=\"auto, (max-width: 640px) 100vw, 640px\" \/> <img loading=\"lazy\" decoding=\"async\" class=\"aligncenter size-full wp-image-228381\" src=\"https:\/\/www.buroperiodistico.com.mx\/wp-content\/uploads\/2026\/08\/SSPTeleton-III.jpeg\" alt=\"\" width=\"640\" height=\"480\" srcset=\"https:\/\/www.buroperiodistico.com.mx\/wp-content\/uploads\/2026\/08\/SSPTeleton-III.jpeg 640w, https:\/\/www.buroperiodistico.com.mx\/wp-content\/uploads\/2026\/08\/SSPTeleton-III-300x225.jpeg 300w\" sizes=\"auto, (max-width: 640px) 100vw, 640px\" \/> <img loading=\"lazy\" decoding=\"async\" class=\"aligncenter size-full wp-image-228380\" src=\"https:\/\/www.buroperiodistico.com.mx\/wp-content\/uploads\/2026\/08\/SSPTeleton-II.jpeg\" alt=\"\" width=\"640\" height=\"480\" srcset=\"https:\/\/www.buroperiodistico.com.mx\/wp-content\/uploads\/2026\/08\/SSPTeleton-II.jpeg 640w, https:\/\/www.buroperiodistico.com.mx\/wp-content\/uploads\/2026\/08\/SSPTeleton-II-300x225.jpeg 300w\" sizes=\"auto, (max-width: 640px) 100vw, 640px\" \/><\/p>\n","protected":false},"excerpt":{"rendered":"<p>El boteo Telet\u00f3n fue inaugurado en esta dependencia por el Voluntariado de la Secretar\u00eda de&#8230;<\/p>\n","protected":false},"author":1,"featured_media":228383,"comment_status":"closed","ping_status":"closed","sticky":false,"template":"","format":"standard","meta":{"footnotes":"","jetpack_publicize_message":"","jetpack_publicize_feature_enabled":true,"jetpack_social_post_already_shared":true,"jetpack_social_options":{"image_generator_settings":{"template":"highway","default_image_id":0,"font":"","enabled":false},"version":2}},"categories":[25,10],"tags":[],"class_list":["post-228378","post","type-post","status-publish","format-standard","has-post-thumbnail","hentry","category-portada","category-tamaulipas"],"jetpack_publicize_connections":[],"_links":{"self":[{"href":"https:\/\/www.buroperiodistico.com.mx\/index.php?rest_route=\/wp\/v2\/posts\/228378","targetHints":{"allow":["GET"]}}],"collection":[{"href":"https:\/\/www.buroperiodistico.com.mx\/index.php?rest_route=\/wp\/v2\/posts"}],"about":[{"href":"https:\/\/www.buroperiodistico.com.mx\/index.php?rest_route=\/wp\/v2\/types\/post"}],"author":[{"embeddable":true,"href":"https:\/\/www.buroperiodistico.com.mx\/index.php?rest_route=\/wp\/v2\/users\/1"}],"replies":[{"embeddable":true,"href":"https:\/\/www.buroperiodistico.com.mx\/index.php?rest_route=%2Fwp%2Fv2%2Fcomments&post=228378"}],"version-history":[{"count":1,"href":"https:\/\/www.buroperiodistico.com.mx\/index.php?rest_route=\/wp\/v2\/posts\/228378\/revisions"}],"predecessor-version":[{"id":228384,"href":"https:\/\/www.buroperiodistico.com.mx\/index.php?rest_route=\/wp\/v2\/posts\/228378\/revisions\/228384"}],"wp:featuredmedia":[{"embeddable":true,"href":"https:\/\/www.buroperiodistico.com.mx\/index.php?rest_route=\/wp\/v2\/media\/228383"}],"wp:attachment":[{"href":"https:\/\/www.buroperiodistico.com.mx\/index.php?rest_route=%2Fwp%2Fv2%2Fmedia&parent=228378"}],"wp:term":[{"taxonomy":"category","embeddable":true,"href":"https:\/\/www.buroperiodistico.com.mx\/index.php?rest_route=%2Fwp%2Fv2%2Fcategories&post=228378"},{"taxonomy":"post_tag","embeddable":true,"href":"https:\/\/www.buroperiodistico.com.mx\/index.php?rest_route=%2Fwp%2Fv2%2Ftags&post=228378"}],"curies":[{"name":"wp","href":"https:\/\/api.w.org\/{rel}","templated":true}]}}