{"id":228374,"date":"2026-08-30T14:57:48","date_gmt":"2026-08-30T19:57:48","guid":{"rendered":"https:\/\/www.buroperiodistico.com.mx\/?p=228374"},"modified":"2026-08-30T14:57:48","modified_gmt":"2026-08-30T19:57:48","slug":"ofrece-gobierno-de-carlos-pena-ortiz-clases-gratuitas-de-danzon","status":"publish","type":"post","link":"https:\/\/www.buroperiodistico.com.mx\/?p=228374","title":{"rendered":"Ofrece Gobierno de Carlos Pe\u00f1a Ortiz clases gratuitas de danz\u00f3n"},"content":{"rendered":"<p><em><strong>Reynosa, Tam (30-Agosto-2026).-<\/strong><\/em> El Gobierno de Reynosa, que preside el Alcalde Carlos Pe\u00f1a Ortiz, invita a j\u00f3venes y adultos a participar en las clases gratuitas del tradicional Domingo de Danz\u00f3n, que se llevar\u00e1 a cabo este 30 de agosto en la plaza Trevi\u00f1o Zapata de la colonia Longoria a las 7:00 P. M.<\/p>\n<p>Este taller forma parte del Programa de Acci\u00f3n Cultural del Instituto Reynosense para la Cultura y las Artes, IRCA, con el objetivo de conservar la tradici\u00f3n de este baile de sal\u00f3n y ofrecer espacios de convivencia familiar.<\/p>\n<p>Las clases est\u00e1n a cargo de instructores expertos en la materia, quienes comparten sus conocimientos garantizando un aprendizaje para todos los niveles.<\/p>\n<p>#ReynosaImparable #Reynosa #Tamaulipas<\/p>\n<p><img loading=\"lazy\" decoding=\"async\" class=\"aligncenter  wp-image-228376\" src=\"https:\/\/www.buroperiodistico.com.mx\/wp-content\/uploads\/2026\/08\/IRCax-12.jpg\" alt=\"\" width=\"727\" height=\"393\" srcset=\"https:\/\/www.buroperiodistico.com.mx\/wp-content\/uploads\/2026\/08\/IRCax-12.jpg 1110w, https:\/\/www.buroperiodistico.com.mx\/wp-content\/uploads\/2026\/08\/IRCax-12-300x162.jpg 300w, https:\/\/www.buroperiodistico.com.mx\/wp-content\/uploads\/2026\/08\/IRCax-12-1024x554.jpg 1024w, https:\/\/www.buroperiodistico.com.mx\/wp-content\/uploads\/2026\/08\/IRCax-12-768x415.jpg 768w\" sizes=\"auto, (max-width: 727px) 100vw, 727px\" \/><\/p>\n","protected":false},"excerpt":{"rendered":"<p>Reynosa, Tam (30-Agosto-2026).- El Gobierno de Reynosa, que preside el Alcalde Carlos Pe\u00f1a Ortiz, invita&#8230;<\/p>\n","protected":false},"author":1,"featured_media":228376,"comment_status":"closed","ping_status":"closed","sticky":false,"template":"","format":"standard","meta":{"footnotes":"","jetpack_publicize_message":"","jetpack_publicize_feature_enabled":true,"jetpack_social_post_already_shared":true,"jetpack_social_options":{"image_generator_settings":{"template":"highway","default_image_id":0,"font":"","enabled":false},"version":2}},"categories":[9],"tags":[],"class_list":["post-228374","post","type-post","status-publish","format-standard","has-post-thumbnail","hentry","category-reynosa"],"jetpack_publicize_connections":[],"_links":{"self":[{"href":"https:\/\/www.buroperiodistico.com.mx\/index.php?rest_route=\/wp\/v2\/posts\/228374","targetHints":{"allow":["GET"]}}],"collection":[{"href":"https:\/\/www.buroperiodistico.com.mx\/index.php?rest_route=\/wp\/v2\/posts"}],"about":[{"href":"https:\/\/www.buroperiodistico.com.mx\/index.php?rest_route=\/wp\/v2\/types\/post"}],"author":[{"embeddable":true,"href":"https:\/\/www.buroperiodistico.com.mx\/index.php?rest_route=\/wp\/v2\/users\/1"}],"replies":[{"embeddable":true,"href":"https:\/\/www.buroperiodistico.com.mx\/index.php?rest_route=%2Fwp%2Fv2%2Fcomments&post=228374"}],"version-history":[{"count":2,"href":"https:\/\/www.buroperiodistico.com.mx\/index.php?rest_route=\/wp\/v2\/posts\/228374\/revisions"}],"predecessor-version":[{"id":228377,"href":"https:\/\/www.buroperiodistico.com.mx\/index.php?rest_route=\/wp\/v2\/posts\/228374\/revisions\/228377"}],"wp:featuredmedia":[{"embeddable":true,"href":"https:\/\/www.buroperiodistico.com.mx\/index.php?rest_route=\/wp\/v2\/media\/228376"}],"wp:attachment":[{"href":"https:\/\/www.buroperiodistico.com.mx\/index.php?rest_route=%2Fwp%2Fv2%2Fmedia&parent=228374"}],"wp:term":[{"taxonomy":"category","embeddable":true,"href":"https:\/\/www.buroperiodistico.com.mx\/index.php?rest_route=%2Fwp%2Fv2%2Fcategories&post=228374"},{"taxonomy":"post_tag","embeddable":true,"href":"https:\/\/www.buroperiodistico.com.mx\/index.php?rest_route=%2Fwp%2Fv2%2Ftags&post=228374"}],"curies":[{"name":"wp","href":"https:\/\/api.w.org\/{rel}","templated":true}]}}