{"id":228370,"date":"2026-08-30T13:35:10","date_gmt":"2026-08-30T18:35:10","guid":{"rendered":"https:\/\/www.buroperiodistico.com.mx\/?p=228370"},"modified":"2026-08-30T13:35:10","modified_gmt":"2026-08-30T18:35:10","slug":"agenda-fronteriza-por-humberto-gutierrez-796","status":"publish","type":"post","link":"https:\/\/www.buroperiodistico.com.mx\/?p=228370","title":{"rendered":"AGENDA FRONTERIZA\/ POR HUMBERTO GUTI\u00c9RREZ"},"content":{"rendered":"<p style=\"text-align: center;\"><em><strong>NOSTALGIA<\/strong><\/em><\/p>\n<p><em><strong>(30-Agosto-2026).-<\/strong><\/em> A mis casi setenta y cinco a\u00f1os, me preguntaron: \u00bfcu\u00e1l de los tiempos vividos fue mejor?.<\/p>\n<p>Tard\u00e9 en contestar, un sentimiento de melancol\u00eda con nostalgia invadi\u00f3 mi cerebro al recordar y mirar en el mapa mental, los recuerdos que golpean mi mente, se amontonan como queriendo decir \u00a1yo primero\u00a1.<\/p>\n<p>Puse orden<\/p>\n<p>y me dije: primero los m\u00e1s antiguos.<\/p>\n<p>Los tiempos que viv\u00ed de ni\u00f1o, fueron felices, ausente de responsabilidades y compromisos.<\/p>\n<p>Despu\u00e9s lleg\u00f3 el tiempo de estudio, la primaria, fue una feliz rutina, levantarse \u201c hacer la cama\u201d salir bien pulcro, el uniforme que lavaba y planchaba sin una arruga mi mam\u00e1 MARIA, bien peinado, los zapatos boleados y una bendici\u00f3n, me acompa\u00f1aron los d\u00edas de primaria, al regreso hacer la tarea, comer y despu\u00e9s cenar y luego, al otro d\u00eda, empezar de nuevo.<\/p>\n<p>Mi Padre fue comerciante desde que lo conoc\u00ed, hasta el \u00faltimo d\u00eda de su existencia. Tuvo un espacio en el Mercado Zaragoza a unas cuantas cuadras del puente internacional Reynosa-Hidalgo.<\/p>\n<p>Cuando estuve en quinto a\u00f1o en la primaria Miguel Hidalgo en el turno vespertino, me permiti\u00f3 el acceso a las primeras responsabilidades.<\/p>\n<p>Llevarle, en una portavianda la comida a Don BENJAMIN, despu\u00e9s de comer se iba a echar \u201c un coyotito\u201d en el mezanine de la tienda y yo me quedaba al frente del negocio, con el encargo de atender a los clientes, la mayor\u00eda turistas en un 70%, vender y cobrar, por dos horas.<\/p>\n<p>Corr\u00edan mis once a\u00f1os de edad.<\/p>\n<p>Esa \u00e9poca me gusto.<\/p>\n<p>En esa \u00e9poca aprend\u00ed del placer que se siente trabajar y recibir una remuneraci\u00f3n. En ese tiempo me daban 0.20 centavos mexicanos para comprar algo en el recreo. Era suficiente.<\/p>\n<p>Del trabajo, me pagaban un \u201c tost\u00f3n\u201d, un moneda de 0.50 centavos que tra\u00eda la imagen de Cuauht\u00e9moc.<\/p>\n<p>Eso me gust\u00f3, y mucho, \u00a1 no saben el placer que sent\u00eda traer un tost\u00f3n en la bolsa secreta del pantal\u00f3n \u00a1.<\/p>\n<p>Pas\u00f3 la primaria y llegu\u00e9 a la Secundaria Jos\u00e9 de Escand\u00f3n.<\/p>\n<p>Debo Decirle, Comentarle y Contarle que fui muy buen estudiante. Apodado \u201cHomo Sapiens\u201d pase mi vida secundaria y prepa trabajando con mi papa y cada dos meses como notificador del IMSS. No recuerdo quien me recomend\u00f3.<\/p>\n<p>En secundaria ya no le lleve \u201c el lonche \u201c a mi padre. Lo que m\u00e1s extra\u00f1e fue el tost\u00f3n que me ganaba todos los d\u00edas.<\/p>\n<p>En ese tiempo mi Padre, emprendedor como ahora se les llama, de dedic\u00f3 a un negocio familiar que era comprar a granel, tostar o fre\u00edr cacahuates, semillas de calabaza, empacadas como snaks y frutas secas y especias.<\/p>\n<p>Fui un vendedor, changarro por changarro de un sector determinado por mi padre para que no nos amontonemos unos a otros vendedores.<\/p>\n<p>A cambio de una comisi\u00f3n por las ventas.<\/p>\n<p>De ese concepto aprend\u00ed que el esfuerzo tiene su recompensa, entre masa vendiera, mas era mi ganancia.<\/p>\n<p>(Encontr\u00e9 un nicho de mercado de consumo e-s-p-e-c-t-a-c-u-l-a-r-).<\/p>\n<p>El sector que me toco atender era de la calle Aldama hasta Madero, de la calle Bravo hasta una cuadra m\u00e1s de la Plaza de Toros.<\/p>\n<p>En ese sector se encuentra la zona roja. Un lugar que estaba prohibido para m\u00ed, tan solo mirar.<\/p>\n<p>Mi horario de trabajo era de las 6 pm a las 7.30. En ese tiempo, deb\u00eda recorrer los negocios.<\/p>\n<p>Batallaba para vender todo lo que cab\u00eda en una caja de manzana trepada a un bicicleta \u201c bufalo\u201d rin 28.<\/p>\n<p>Pero me encontr\u00e9 con esos lugares no santos que, tan solo dos de ellos, me compraban todo en 20 o 30 minutos.<\/p>\n<p>La pregunta que hac\u00eda con esa hora que me faltaba para cubrir mi horario.<\/p>\n<p>Como era temprano, y \u201c a\u00fan no llegaba la clientela habitual\u201d, ped\u00ed permiso al \u201c bartender\u201d de que me permitiera tomar una hora para aprender a jugar carambola de tres bandas.<\/p>\n<p>Me hice vago ( competente) para la carambola. Hay testigos de los compa\u00f1eros que nos \u00edbamos de pinta en la escuela preparatoria en los tiempos libres, s\u00e1bados y domingos en los \u201c Billares Tampico\u201d.<\/p>\n<p>Todo iba bien\u2026\u2026hasta que un d\u00eda\u2026\u2026\u2026\u2026..<\/p>\n<p>Un t\u00edo me descubri\u00f3 y me puso el dedo con mi ap\u00e1.<\/p>\n<p>Aparte de ser un buen estudiante, fui buen jugador de billar y trabajador. Fue una buena \u00e9poca, de mucho aprendizaje. En la escuela de la academia y de la vida fue una simbiosis antecedi\u00f3 a la persona que soy, hasta este d\u00eda.<\/p>\n<p>Aprend\u00ed que la constancia, perseverancia, actitud y los m\u00e1s importante la audacia que produce la adrenalina del riesgo que se corre en cada decisi\u00f3n.<\/p>\n<p>Como la que tome con un grupo de compa\u00f1eros para fundar una logia ajefista, \u201c Ju\u00e1rez y la Reforma \u201c.<\/p>\n<p>Tiempos de juventud, divino tesoro, tiempos felices, sin alcohol, sin drogas, sin celular.<\/p>\n<p>Pero con un profundo convencimiento de que estudiar para trabajar produce emociones, necesarias para pronosticar el futuro econ\u00f3mico.<\/p>\n<p>Lleg\u00f3 el tiempo de partida, a las 18 a\u00f1os, emprend\u00ed la salida de mi familia y de Reynosa.<\/p>\n<p>Estudie la carrera de Contador en la UAT, Facultad y Universidad que son como unos segundos padres, MI ALMA MATER.<\/p>\n<p>En los padres biol\u00f3gicos aprend\u00ed los valores de la familia y ser independiente, la UAT fue el camino para obtener conocimiento.<\/p>\n<p>Fui buen estudiante, primer lugar en la generaci\u00f3n, examen p\u00fablico con reconocimiento por el gobernador de la \u00e9poca, MANUEL A. RAVIZE.<\/p>\n<p>La experiencia en el saber acerca de la Contadur\u00eda P\u00fablica con la educaci\u00f3n dual recibida en la UAT y en el despacho de JAVIER DE LOS SANTOS a quien no me canso de dar gracias de frente y sus espaldas.<\/p>\n<p>Se puede decir que me ense\u00f1aron a trabajar como burro.<\/p>\n<p>Despu\u00e9s ya no es historia. Lo que puedo decir es que todas las etapas de mi vida fueron felices, hice lo que deb\u00eda hacer, tomando iniciativas y riesgos en los emprendimientos y decisiones que he tomado solo.<\/p>\n<p>Contrareloj, contra convencionalismos he sido creador de \u201c otra forma de hacer las cosas\u201d.<\/p>\n<p>Ahora a mis casi setenta y cinco, sigo trabajando por la, inquietud que me provoca aportar mi conocimiento para encontrar la l\u00ednea m\u00e1s corta entre dos puntos, el de salida y el de llegada.<\/p>\n<p>Esta colaboraci\u00f3n nace se una pregunta que tarde en contestar.<\/p>\n<p>No todo fue mil sobre hojuelas, tiempos buenos, tambi\u00e9n tiempos de angustia por los riesgos sin pensar que no era yo el equivocado, era el gobierno por sus malas decisiones.<\/p>\n<p>Viv\u00eda todas las devaluaciones, el error de diciembre de 94, el crack de la bolsa en \u00e9poca de De la Madrid.<\/p>\n<p>Sufr\u00ed los embates de un embolia a los 52 a\u00f1os, que \u201c casi\u201d muero, fueron seis meses de angustia.<\/p>\n<p>Pero\u2026\u2026 aqu\u00ed estoy.<\/p>\n<p>Bendecido por el Se\u00f1or JESUS.<\/p>\n<p>Soy un egresado de la UAT y de la escuela de vida, donde para abrir el camino se manej\u00f3 machete y estrategia.<\/p>\n<p>Mi correo: humbertografico@yahoo.com.mx<\/p>\n","protected":false},"excerpt":{"rendered":"<p>NOSTALGIA (30-Agosto-2026).- A mis casi setenta y cinco a\u00f1os, me preguntaron: \u00bfcu\u00e1l de los tiempos&#8230;<\/p>\n","protected":false},"author":1,"featured_media":149410,"comment_status":"closed","ping_status":"closed","sticky":false,"template":"","format":"standard","meta":{"footnotes":"","jetpack_publicize_message":"","jetpack_publicize_feature_enabled":true,"jetpack_social_post_already_shared":true,"jetpack_social_options":{"image_generator_settings":{"template":"highway","default_image_id":0,"font":"","enabled":false},"version":2}},"categories":[23],"tags":[],"class_list":["post-228370","post","type-post","status-publish","format-standard","has-post-thumbnail","hentry","category-columnas"],"jetpack_publicize_connections":[],"_links":{"self":[{"href":"https:\/\/www.buroperiodistico.com.mx\/index.php?rest_route=\/wp\/v2\/posts\/228370","targetHints":{"allow":["GET"]}}],"collection":[{"href":"https:\/\/www.buroperiodistico.com.mx\/index.php?rest_route=\/wp\/v2\/posts"}],"about":[{"href":"https:\/\/www.buroperiodistico.com.mx\/index.php?rest_route=\/wp\/v2\/types\/post"}],"author":[{"embeddable":true,"href":"https:\/\/www.buroperiodistico.com.mx\/index.php?rest_route=\/wp\/v2\/users\/1"}],"replies":[{"embeddable":true,"href":"https:\/\/www.buroperiodistico.com.mx\/index.php?rest_route=%2Fwp%2Fv2%2Fcomments&post=228370"}],"version-history":[{"count":1,"href":"https:\/\/www.buroperiodistico.com.mx\/index.php?rest_route=\/wp\/v2\/posts\/228370\/revisions"}],"predecessor-version":[{"id":228371,"href":"https:\/\/www.buroperiodistico.com.mx\/index.php?rest_route=\/wp\/v2\/posts\/228370\/revisions\/228371"}],"wp:featuredmedia":[{"embeddable":true,"href":"https:\/\/www.buroperiodistico.com.mx\/index.php?rest_route=\/wp\/v2\/media\/149410"}],"wp:attachment":[{"href":"https:\/\/www.buroperiodistico.com.mx\/index.php?rest_route=%2Fwp%2Fv2%2Fmedia&parent=228370"}],"wp:term":[{"taxonomy":"category","embeddable":true,"href":"https:\/\/www.buroperiodistico.com.mx\/index.php?rest_route=%2Fwp%2Fv2%2Fcategories&post=228370"},{"taxonomy":"post_tag","embeddable":true,"href":"https:\/\/www.buroperiodistico.com.mx\/index.php?rest_route=%2Fwp%2Fv2%2Ftags&post=228370"}],"curies":[{"name":"wp","href":"https:\/\/api.w.org\/{rel}","templated":true}]}}