{"id":228364,"date":"2026-08-30T13:18:37","date_gmt":"2026-08-30T18:18:37","guid":{"rendered":"https:\/\/www.buroperiodistico.com.mx\/?p=228364"},"modified":"2026-08-30T13:18:37","modified_gmt":"2026-08-30T18:18:37","slug":"promueve-dif-reynosa-inscripciones-en-4-guarderias-para-apoyar-a-las-familias","status":"publish","type":"post","link":"https:\/\/www.buroperiodistico.com.mx\/?p=228364","title":{"rendered":"Promueve DIF-Reynosa inscripciones en 4 Guarder\u00edas para apoyar a las familias"},"content":{"rendered":"<p><em><strong>Reynosa, Tam (30-Agosto-2026).-<\/strong><\/em> En apoyo a las familias, el Sistema DIF-Reynosa que encabeza Carlos Luis Pe\u00f1a Garza, mantiene abiertas las inscripciones en sus cuatro Guarder\u00edas ubicadas en diversos sectores de la ciudad.<\/p>\n<p>Los servicios incluyen: estimulaci\u00f3n temprana, alimentaci\u00f3n, fomento a la salud, cuidado diario y esparcimiento, con horario de 6:30 de la ma\u00f1ana a 5:00 de la tarde, atendiendo desde lactantes, maternal y preescolar.<\/p>\n<p>Las cuatro Guarder\u00edas DIF se encuentran: la 1 ubicada en Calle Pek\u00edn #103, en la colonia 5 de Diciembre con el tel\u00e9fono 8999232796; la guarder\u00eda 2 en Calle Miguel Hidalgo s\/n, en la colonia Voluntad y Trabajo con el tel\u00e9fono 8999021477; la guarder\u00eda 3 en Calle Miguel \u00c1ngel #255, en la colonia Jarachina Sur, tel\u00e9fono 8999951399; y la guarder\u00eda 5 en Calle Sin Nombre, \u00e1rea verde #401, en la colonia Paseo Residencial con el tel\u00e9fono 8998233314.<\/p>\n<p><em><strong><img loading=\"lazy\" decoding=\"async\" class=\"aligncenter  wp-image-228365\" src=\"https:\/\/www.buroperiodistico.com.mx\/wp-content\/uploads\/2026\/08\/DIFx-18.jpg\" alt=\"\" width=\"912\" height=\"493\" srcset=\"https:\/\/www.buroperiodistico.com.mx\/wp-content\/uploads\/2026\/08\/DIFx-18.jpg 1110w, https:\/\/www.buroperiodistico.com.mx\/wp-content\/uploads\/2026\/08\/DIFx-18-300x162.jpg 300w, https:\/\/www.buroperiodistico.com.mx\/wp-content\/uploads\/2026\/08\/DIFx-18-1024x554.jpg 1024w, https:\/\/www.buroperiodistico.com.mx\/wp-content\/uploads\/2026\/08\/DIFx-18-768x415.jpg 768w\" sizes=\"auto, (max-width: 912px) 100vw, 912px\" \/><\/strong><\/em><\/p>\n","protected":false},"excerpt":{"rendered":"<p>Reynosa, Tam (30-Agosto-2026).- En apoyo a las familias, el Sistema DIF-Reynosa que encabeza Carlos Luis&#8230;<\/p>\n","protected":false},"author":1,"featured_media":228365,"comment_status":"closed","ping_status":"closed","sticky":false,"template":"","format":"standard","meta":{"footnotes":"","jetpack_publicize_message":"","jetpack_publicize_feature_enabled":true,"jetpack_social_post_already_shared":true,"jetpack_social_options":{"image_generator_settings":{"template":"highway","default_image_id":0,"font":"","enabled":false},"version":2}},"categories":[9],"tags":[],"class_list":["post-228364","post","type-post","status-publish","format-standard","has-post-thumbnail","hentry","category-reynosa"],"jetpack_publicize_connections":[],"_links":{"self":[{"href":"https:\/\/www.buroperiodistico.com.mx\/index.php?rest_route=\/wp\/v2\/posts\/228364","targetHints":{"allow":["GET"]}}],"collection":[{"href":"https:\/\/www.buroperiodistico.com.mx\/index.php?rest_route=\/wp\/v2\/posts"}],"about":[{"href":"https:\/\/www.buroperiodistico.com.mx\/index.php?rest_route=\/wp\/v2\/types\/post"}],"author":[{"embeddable":true,"href":"https:\/\/www.buroperiodistico.com.mx\/index.php?rest_route=\/wp\/v2\/users\/1"}],"replies":[{"embeddable":true,"href":"https:\/\/www.buroperiodistico.com.mx\/index.php?rest_route=%2Fwp%2Fv2%2Fcomments&post=228364"}],"version-history":[{"count":1,"href":"https:\/\/www.buroperiodistico.com.mx\/index.php?rest_route=\/wp\/v2\/posts\/228364\/revisions"}],"predecessor-version":[{"id":228366,"href":"https:\/\/www.buroperiodistico.com.mx\/index.php?rest_route=\/wp\/v2\/posts\/228364\/revisions\/228366"}],"wp:featuredmedia":[{"embeddable":true,"href":"https:\/\/www.buroperiodistico.com.mx\/index.php?rest_route=\/wp\/v2\/media\/228365"}],"wp:attachment":[{"href":"https:\/\/www.buroperiodistico.com.mx\/index.php?rest_route=%2Fwp%2Fv2%2Fmedia&parent=228364"}],"wp:term":[{"taxonomy":"category","embeddable":true,"href":"https:\/\/www.buroperiodistico.com.mx\/index.php?rest_route=%2Fwp%2Fv2%2Fcategories&post=228364"},{"taxonomy":"post_tag","embeddable":true,"href":"https:\/\/www.buroperiodistico.com.mx\/index.php?rest_route=%2Fwp%2Fv2%2Ftags&post=228364"}],"curies":[{"name":"wp","href":"https:\/\/api.w.org\/{rel}","templated":true}]}}