{"id":228361,"date":"2026-08-30T13:13:50","date_gmt":"2026-08-30T18:13:50","guid":{"rendered":"https:\/\/www.buroperiodistico.com.mx\/?p=228361"},"modified":"2026-08-30T13:13:50","modified_gmt":"2026-08-30T18:13:50","slug":"consulta-la-ruta-de-recoleccion-en-reynosa-este-lunes-31-de-agosto","status":"publish","type":"post","link":"https:\/\/www.buroperiodistico.com.mx\/?p=228361","title":{"rendered":"Consulta la ruta de recolecci\u00f3n en Reynosa este lunes 31 de agosto"},"content":{"rendered":"<p><em><strong>Reynosa, Tam (30-Agosto-2026).-<\/strong><\/em> El Alcalde Carlos Pe\u00f1a Ortiz a trav\u00e9s de la Secretar\u00eda de Servicios P\u00fablicos a cargo de Jos\u00e9 Antonio Ch\u00e1vez Herrera exhorta a la poblaci\u00f3n a colocar la basura dom\u00e9stica en bolsas cerradas y sacarla al paso del cami\u00f3n recolector, evitando arrojar escombro, llantas, aceites o punzocortantes sin protecci\u00f3n, as\u00ed como no tirarla en calles, bald\u00edos o canales. Este lunes 31 de agosto la ruta cubre Balcones de Alcal\u00e1, Villa Esmeralda, La Joya, Sat\u00e9lite, Pir\u00e1mides, Palmas Diamante, Los Almendros y Riberas del Carmen.<\/p>\n<p>El Gobierno Municipal invita a sacar los residuos al escuchar la campana para mantener limpia y saludable nuestra ciudad.<\/p>\n<p>#ReynosaImparable<br \/>\n#GobiernoMunicipalDeReynosa<\/p>\n<p><img loading=\"lazy\" decoding=\"async\" class=\"aligncenter  wp-image-228362\" src=\"https:\/\/www.buroperiodistico.com.mx\/wp-content\/uploads\/2026\/08\/Vexix.jpg\" alt=\"\" width=\"868\" height=\"469\" srcset=\"https:\/\/www.buroperiodistico.com.mx\/wp-content\/uploads\/2026\/08\/Vexix.jpg 1110w, https:\/\/www.buroperiodistico.com.mx\/wp-content\/uploads\/2026\/08\/Vexix-300x162.jpg 300w, https:\/\/www.buroperiodistico.com.mx\/wp-content\/uploads\/2026\/08\/Vexix-1024x554.jpg 1024w, https:\/\/www.buroperiodistico.com.mx\/wp-content\/uploads\/2026\/08\/Vexix-768x415.jpg 768w\" sizes=\"auto, (max-width: 868px) 100vw, 868px\" \/><\/p>\n","protected":false},"excerpt":{"rendered":"<p>Reynosa, Tam (30-Agosto-2026).- El Alcalde Carlos Pe\u00f1a Ortiz a trav\u00e9s de la Secretar\u00eda de Servicios&#8230;<\/p>\n","protected":false},"author":1,"featured_media":228362,"comment_status":"closed","ping_status":"closed","sticky":false,"template":"","format":"standard","meta":{"footnotes":"","jetpack_publicize_message":"","jetpack_publicize_feature_enabled":true,"jetpack_social_post_already_shared":true,"jetpack_social_options":{"image_generator_settings":{"template":"highway","default_image_id":0,"font":"","enabled":false},"version":2}},"categories":[9],"tags":[],"class_list":["post-228361","post","type-post","status-publish","format-standard","has-post-thumbnail","hentry","category-reynosa"],"jetpack_publicize_connections":[],"_links":{"self":[{"href":"https:\/\/www.buroperiodistico.com.mx\/index.php?rest_route=\/wp\/v2\/posts\/228361","targetHints":{"allow":["GET"]}}],"collection":[{"href":"https:\/\/www.buroperiodistico.com.mx\/index.php?rest_route=\/wp\/v2\/posts"}],"about":[{"href":"https:\/\/www.buroperiodistico.com.mx\/index.php?rest_route=\/wp\/v2\/types\/post"}],"author":[{"embeddable":true,"href":"https:\/\/www.buroperiodistico.com.mx\/index.php?rest_route=\/wp\/v2\/users\/1"}],"replies":[{"embeddable":true,"href":"https:\/\/www.buroperiodistico.com.mx\/index.php?rest_route=%2Fwp%2Fv2%2Fcomments&post=228361"}],"version-history":[{"count":1,"href":"https:\/\/www.buroperiodistico.com.mx\/index.php?rest_route=\/wp\/v2\/posts\/228361\/revisions"}],"predecessor-version":[{"id":228363,"href":"https:\/\/www.buroperiodistico.com.mx\/index.php?rest_route=\/wp\/v2\/posts\/228361\/revisions\/228363"}],"wp:featuredmedia":[{"embeddable":true,"href":"https:\/\/www.buroperiodistico.com.mx\/index.php?rest_route=\/wp\/v2\/media\/228362"}],"wp:attachment":[{"href":"https:\/\/www.buroperiodistico.com.mx\/index.php?rest_route=%2Fwp%2Fv2%2Fmedia&parent=228361"}],"wp:term":[{"taxonomy":"category","embeddable":true,"href":"https:\/\/www.buroperiodistico.com.mx\/index.php?rest_route=%2Fwp%2Fv2%2Fcategories&post=228361"},{"taxonomy":"post_tag","embeddable":true,"href":"https:\/\/www.buroperiodistico.com.mx\/index.php?rest_route=%2Fwp%2Fv2%2Ftags&post=228361"}],"curies":[{"name":"wp","href":"https:\/\/api.w.org\/{rel}","templated":true}]}}