{"id":228357,"date":"2026-08-30T13:00:37","date_gmt":"2026-08-30T18:00:37","guid":{"rendered":"https:\/\/www.buroperiodistico.com.mx\/?p=228357"},"modified":"2026-08-30T13:00:37","modified_gmt":"2026-08-30T18:00:37","slug":"senadora-olga-sosa-participa-en-la-cabalgata-de-la-unidad-en-tamaulipas-manifiesta-respaldo-al-gobernador-americo-villarreal","status":"publish","type":"post","link":"https:\/\/www.buroperiodistico.com.mx\/?p=228357","title":{"rendered":"Senadora Olga Sosa participa en la Cabalgata de la unidad en Tamaulipas; manifiesta respaldo al gobernador Am\u00e9rico Villarreal"},"content":{"rendered":"<ul>\n<li><strong><em>Comunidad de cabalgantes de todas las regiones del estado atendieron el llamado del gobernador en la cabalgata de la unidad<\/em><\/strong><\/li>\n<\/ul>\n<p><strong><img loading=\"lazy\" decoding=\"async\" class=\" wp-image-228359 alignright\" src=\"https:\/\/www.buroperiodistico.com.mx\/wp-content\/uploads\/2026\/08\/Olgax-16.jpg\" alt=\"\" width=\"504\" height=\"301\" srcset=\"https:\/\/www.buroperiodistico.com.mx\/wp-content\/uploads\/2026\/08\/Olgax-16.jpg 1024w, https:\/\/www.buroperiodistico.com.mx\/wp-content\/uploads\/2026\/08\/Olgax-16-300x179.jpg 300w, https:\/\/www.buroperiodistico.com.mx\/wp-content\/uploads\/2026\/08\/Olgax-16-768x459.jpg 768w\" sizes=\"auto, (max-width: 504px) 100vw, 504px\" \/>Ciudad Victoria, Tamaulipas (30-Agosto-2026).-<\/strong> La senadora de la Rep\u00fablica, Olga Sosa Ru\u00edz, particip\u00f3 en la cabalgata de la unidad, en la que expres\u00f3 su respaldo al gobernador constitucional del Estado de Tamaulipas Am\u00e9rico Villarreal Anaya; e igualmente inform\u00f3 que a partir del primero de septiembre se desarrollar\u00e1 una agenda legislativa de la mano de la presidenta Claudia Sheinbaum Pardo.<\/p>\n<p>Tras culminar el recorrido de m\u00e1s de siete kil\u00f3metros, la legisladora Olga Sosa destac\u00f3 el liderazgo del mandatario estatal, quien, de la mano de la presidenta Claudia Sheinbaum, est\u00e1 transformando a Tamaulipas.<\/p>\n<p>\u201cSe nota el respaldo que el estado de Tamaulipas le tiene a nuestro gobernador porque vino gente de todo el estado; para m\u00ed es un orgullo ver c\u00f3mo se le reconoce porque es gracias a su gesti\u00f3n que se ha concretado las obras y acciones de la presidenta Sheinbaum\u201d, indic\u00f3.<\/p>\n<p>Por su parte el gobernador Am\u00e9rico Villarreal Anaya, destac\u00f3 la participaci\u00f3n de las y los m\u00e1s de mil 500 cabalgantes de todas las regiones del estado, en la cabalgata de la unidad con la que cont\u00f3 con la presencia de presidentes municipales y legisladores locales, destacando la importancia de la defensa de la soberan\u00eda.<\/p>\n<p>La senadora morenista destac\u00f3 que esta cabalgata impulsa \u201cNuestras tradiciones, nuestra identidad\u201d y recalc\u00f3 el papel de la unidad en eventos cuyo valor simb\u00f3lico es premisa de la unidad.<\/p>\n<p>El gobernador, por su parte, subray\u00f3 el apoyo de la presidenta Sheinbaum a Tamaulipas y convoc\u00f3 a los presentes a mantenerse unidos.<\/p>\n<p>Durante el recorrido a caballo fue inaugurado la prolongaci\u00f3n del bulevar Jos\u00e9 L\u00f3pez Portillo, vialidad que dar\u00e1 mayor fluidez al tr\u00e1fico vehicular en la Capital del Estado.<\/p>\n<p><img loading=\"lazy\" decoding=\"async\" class=\"aligncenter size-full wp-image-228358\" src=\"https:\/\/www.buroperiodistico.com.mx\/wp-content\/uploads\/2026\/08\/Olgax-I-12.jpg\" alt=\"\" width=\"640\" height=\"429\" srcset=\"https:\/\/www.buroperiodistico.com.mx\/wp-content\/uploads\/2026\/08\/Olgax-I-12.jpg 640w, https:\/\/www.buroperiodistico.com.mx\/wp-content\/uploads\/2026\/08\/Olgax-I-12-300x201.jpg 300w\" sizes=\"auto, (max-width: 640px) 100vw, 640px\" \/><\/p>\n","protected":false},"excerpt":{"rendered":"<p>Comunidad de cabalgantes de todas las regiones del estado atendieron el llamado del gobernador en&#8230;<\/p>\n","protected":false},"author":1,"featured_media":228359,"comment_status":"closed","ping_status":"closed","sticky":false,"template":"","format":"standard","meta":{"footnotes":"","jetpack_publicize_message":"","jetpack_publicize_feature_enabled":true,"jetpack_social_post_already_shared":true,"jetpack_social_options":{"image_generator_settings":{"template":"highway","default_image_id":0,"font":"","enabled":false},"version":2}},"categories":[10],"tags":[],"class_list":["post-228357","post","type-post","status-publish","format-standard","has-post-thumbnail","hentry","category-tamaulipas"],"jetpack_publicize_connections":[],"_links":{"self":[{"href":"https:\/\/www.buroperiodistico.com.mx\/index.php?rest_route=\/wp\/v2\/posts\/228357","targetHints":{"allow":["GET"]}}],"collection":[{"href":"https:\/\/www.buroperiodistico.com.mx\/index.php?rest_route=\/wp\/v2\/posts"}],"about":[{"href":"https:\/\/www.buroperiodistico.com.mx\/index.php?rest_route=\/wp\/v2\/types\/post"}],"author":[{"embeddable":true,"href":"https:\/\/www.buroperiodistico.com.mx\/index.php?rest_route=\/wp\/v2\/users\/1"}],"replies":[{"embeddable":true,"href":"https:\/\/www.buroperiodistico.com.mx\/index.php?rest_route=%2Fwp%2Fv2%2Fcomments&post=228357"}],"version-history":[{"count":1,"href":"https:\/\/www.buroperiodistico.com.mx\/index.php?rest_route=\/wp\/v2\/posts\/228357\/revisions"}],"predecessor-version":[{"id":228360,"href":"https:\/\/www.buroperiodistico.com.mx\/index.php?rest_route=\/wp\/v2\/posts\/228357\/revisions\/228360"}],"wp:featuredmedia":[{"embeddable":true,"href":"https:\/\/www.buroperiodistico.com.mx\/index.php?rest_route=\/wp\/v2\/media\/228359"}],"wp:attachment":[{"href":"https:\/\/www.buroperiodistico.com.mx\/index.php?rest_route=%2Fwp%2Fv2%2Fmedia&parent=228357"}],"wp:term":[{"taxonomy":"category","embeddable":true,"href":"https:\/\/www.buroperiodistico.com.mx\/index.php?rest_route=%2Fwp%2Fv2%2Fcategories&post=228357"},{"taxonomy":"post_tag","embeddable":true,"href":"https:\/\/www.buroperiodistico.com.mx\/index.php?rest_route=%2Fwp%2Fv2%2Ftags&post=228357"}],"curies":[{"name":"wp","href":"https:\/\/api.w.org\/{rel}","templated":true}]}}