{"id":228310,"date":"2026-08-29T18:36:25","date_gmt":"2026-08-29T23:36:25","guid":{"rendered":"https:\/\/www.buroperiodistico.com.mx\/?p=228310"},"modified":"2026-08-29T18:36:25","modified_gmt":"2026-08-29T23:36:25","slug":"en-el-marco-del-dia-de-las-personas-adultas-mayores-el-arqui-eduardo-lopez-refrenda-su-compromiso-en-visita-a-la-casa-hogar","status":"publish","type":"post","link":"https:\/\/www.buroperiodistico.com.mx\/?p=228310","title":{"rendered":"En el marco del d\u00eda de las personas adultas mayores, el Arqui Eduardo L\u00f3pez refrenda su compromiso en visita a la casa hogar"},"content":{"rendered":"<p><em><strong><img loading=\"lazy\" decoding=\"async\" class=\" wp-image-228312 alignright\" src=\"https:\/\/www.buroperiodistico.com.mx\/wp-content\/uploads\/2026\/08\/Arquix-7.jpg\" alt=\"\" width=\"512\" height=\"277\" srcset=\"https:\/\/www.buroperiodistico.com.mx\/wp-content\/uploads\/2026\/08\/Arquix-7.jpg 1110w, https:\/\/www.buroperiodistico.com.mx\/wp-content\/uploads\/2026\/08\/Arquix-7-300x162.jpg 300w, https:\/\/www.buroperiodistico.com.mx\/wp-content\/uploads\/2026\/08\/Arquix-7-1024x554.jpg 1024w, https:\/\/www.buroperiodistico.com.mx\/wp-content\/uploads\/2026\/08\/Arquix-7-768x415.jpg 768w\" sizes=\"auto, (max-width: 512px) 100vw, 512px\" \/>Reynosa, Tamaulipas (29-Agosto-2026).-<\/strong><\/em> En el marco del D\u00eda Nacional de las Personas Adultas Mayores, que se conmemora este 28 de agosto en M\u00e9xico, el Arqui Eduardo L\u00f3pez Arias, secretario de Obras P\u00fablicas del Gobierno de Reynosa, visit\u00f3 la Casa Hogar del Adulto Mayor, acompa\u00f1ado por la regidora Hidilberta Vel\u00e1zquez, donde realizaron la entrega de un importante donativo y convivieron con las personas que forman parte de este espacio.<\/p>\n<p>Durante la visita, el Arqui Eduardo L\u00f3pez Arias recorri\u00f3 las instalaciones de la Casa Hogar y conoci\u00f3 de cerca las condiciones en las que se brinda atenci\u00f3n a las personas adultas mayores, adem\u00e1s de compartir un momento de convivencia con ellas.<\/p>\n<p>La actividad permiti\u00f3 reconocer el valor, experiencia y legado de quienes durante a\u00f1os han contribuido al desarrollo de sus familias y de la sociedad, destacando la importancia de brindarles atenci\u00f3n, respeto y condiciones dignas.<\/p>\n<p>En el marco de esta importante fecha, el Arqui Eduardo L\u00f3pez Arias refrend\u00f3 su disposici\u00f3n de continuar sumando esfuerzos en favor de los sectores que m\u00e1s requieren acompa\u00f1amiento y apoyo, especialmente de las personas adultas mayores.<\/p>\n<div style=\"width: 576px;\" class=\"wp-video\"><video class=\"wp-video-shortcode\" id=\"video-228310-1\" width=\"576\" height=\"1024\" preload=\"metadata\" controls=\"controls\"><source type=\"video\/mp4\" src=\"https:\/\/www.buroperiodistico.com.mx\/wp-content\/uploads\/2026\/08\/WhatsApp-Video-2026-08-29-at-6.01.25-PM.mp4?_=1\" \/><a href=\"https:\/\/www.buroperiodistico.com.mx\/wp-content\/uploads\/2026\/08\/WhatsApp-Video-2026-08-29-at-6.01.25-PM.mp4\">https:\/\/www.buroperiodistico.com.mx\/wp-content\/uploads\/2026\/08\/WhatsApp-Video-2026-08-29-at-6.01.25-PM.mp4<\/a><\/video><\/div>\n","protected":false},"excerpt":{"rendered":"<p>Reynosa, Tamaulipas (29-Agosto-2026).- En el marco del D\u00eda Nacional de las Personas Adultas Mayores, que&#8230;<\/p>\n","protected":false},"author":1,"featured_media":228312,"comment_status":"closed","ping_status":"closed","sticky":false,"template":"","format":"standard","meta":{"footnotes":"","jetpack_publicize_message":"","jetpack_publicize_feature_enabled":true,"jetpack_social_post_already_shared":true,"jetpack_social_options":{"image_generator_settings":{"template":"highway","default_image_id":0,"font":"","enabled":false},"version":2}},"categories":[25,9],"tags":[],"class_list":["post-228310","post","type-post","status-publish","format-standard","has-post-thumbnail","hentry","category-portada","category-reynosa"],"jetpack_publicize_connections":[],"_links":{"self":[{"href":"https:\/\/www.buroperiodistico.com.mx\/index.php?rest_route=\/wp\/v2\/posts\/228310","targetHints":{"allow":["GET"]}}],"collection":[{"href":"https:\/\/www.buroperiodistico.com.mx\/index.php?rest_route=\/wp\/v2\/posts"}],"about":[{"href":"https:\/\/www.buroperiodistico.com.mx\/index.php?rest_route=\/wp\/v2\/types\/post"}],"author":[{"embeddable":true,"href":"https:\/\/www.buroperiodistico.com.mx\/index.php?rest_route=\/wp\/v2\/users\/1"}],"replies":[{"embeddable":true,"href":"https:\/\/www.buroperiodistico.com.mx\/index.php?rest_route=%2Fwp%2Fv2%2Fcomments&post=228310"}],"version-history":[{"count":2,"href":"https:\/\/www.buroperiodistico.com.mx\/index.php?rest_route=\/wp\/v2\/posts\/228310\/revisions"}],"predecessor-version":[{"id":228314,"href":"https:\/\/www.buroperiodistico.com.mx\/index.php?rest_route=\/wp\/v2\/posts\/228310\/revisions\/228314"}],"wp:featuredmedia":[{"embeddable":true,"href":"https:\/\/www.buroperiodistico.com.mx\/index.php?rest_route=\/wp\/v2\/media\/228312"}],"wp:attachment":[{"href":"https:\/\/www.buroperiodistico.com.mx\/index.php?rest_route=%2Fwp%2Fv2%2Fmedia&parent=228310"}],"wp:term":[{"taxonomy":"category","embeddable":true,"href":"https:\/\/www.buroperiodistico.com.mx\/index.php?rest_route=%2Fwp%2Fv2%2Fcategories&post=228310"},{"taxonomy":"post_tag","embeddable":true,"href":"https:\/\/www.buroperiodistico.com.mx\/index.php?rest_route=%2Fwp%2Fv2%2Ftags&post=228310"}],"curies":[{"name":"wp","href":"https:\/\/api.w.org\/{rel}","templated":true}]}}