{"id":228284,"date":"2026-08-29T16:37:31","date_gmt":"2026-08-29T21:37:31","guid":{"rendered":"https:\/\/www.buroperiodistico.com.mx\/?p=228284"},"modified":"2026-08-29T16:37:31","modified_gmt":"2026-08-29T21:37:31","slug":"impulsa-la-utnl-a-sus-estudiantes-a-desarrollar-soluciones-innovadoras-a-necesidades-reales","status":"publish","type":"post","link":"https:\/\/www.buroperiodistico.com.mx\/?p=228284","title":{"rendered":"Impulsa la UTNL a sus estudiantes a desarrollar soluciones innovadoras a necesidades reales"},"content":{"rendered":"<p><em><strong><img loading=\"lazy\" decoding=\"async\" class=\" wp-image-228288 alignright\" src=\"https:\/\/www.buroperiodistico.com.mx\/wp-content\/uploads\/2026\/08\/UTNreales.jpeg\" alt=\"\" width=\"512\" height=\"347\" srcset=\"https:\/\/www.buroperiodistico.com.mx\/wp-content\/uploads\/2026\/08\/UTNreales.jpeg 1024w, https:\/\/www.buroperiodistico.com.mx\/wp-content\/uploads\/2026\/08\/UTNreales-300x203.jpeg 300w, https:\/\/www.buroperiodistico.com.mx\/wp-content\/uploads\/2026\/08\/UTNreales-768x521.jpeg 768w\" sizes=\"auto, (max-width: 512px) 100vw, 512px\" \/>Nuevo Laredo, Tamaulipas (29-Agosto-2026).-<\/strong><\/em> Alrededor de 140 proyectos fueron desarrollados por estudiantes de las diferentes carreras de la Universidad Tecnol\u00f3gica de Nuevo Laredo (UTNL) y presentados en la Exposici\u00f3n de Proyectos y Servicios Tecnol\u00f3gicos, realizada como parte de los trabajos de cierre del segundo cuatrimestre del a\u00f1o.<\/p>\n<p>Jos\u00e9 Antonio Tovar Lara, rector de la universidad, inform\u00f3 que esta actividad permiti\u00f3 a las alumnas y los alumnos llevar a la pr\u00e1ctica los conocimientos adquiridos en las aulas mediante propuestas, prototipos y soluciones enfocadas en atender problem\u00e1ticas sociales, t\u00e9cnicas y necesidades reales del sector productivo.<\/p>\n<p>\u201cNuestra universidad tecnol\u00f3gica cada fin de cuatrimestre hace un evento muy importante donde cada grupo de estudiantes desarrolla un proyecto, un prototipo, algo que tenga que ver con solucionar un problema social, un problema t\u00e9cnico, un problema de las empresas, y de esta manera tambi\u00e9n est\u00e1n fomentando con estos proyectos el entendimiento\u201d, recalc\u00f3.<\/p>\n<p>Destac\u00f3 que se trata de proyectos con un importante nivel de desarrollo, en los que se refleja el inter\u00e9s, el entusiasmo y, principalmente, el aprendizaje alcanzado por las y los j\u00f3venes universitarios durante el cuatrimestre.<\/p>\n<p>Indic\u00f3 que los proyectos fueron evaluados por personal externo vinculado con distintas empresas, cuyos representantes asignaron una puntuaci\u00f3n a cada proyecto. Esto, buscando incentivar a las y los estudiantes a continuar innovando y desarrollando propuestas capaces de ofrecer soluciones a situaciones reales.<\/p>\n<p>Enfatiz\u00f3 que estas actividades se desarrollan en concordancia con la estrategia educativa impulsada por el Gobierno del Estado, que dirige el gobernador Am\u00e9rico Villarreal Anaya, a trav\u00e9s de la Secretar\u00eda de Educaci\u00f3n de Tamaulipas, bajo la conducci\u00f3n de Miguel \u00c1ngel Valdez Garc\u00eda, para fortalecer la educaci\u00f3n superior y la preparaci\u00f3n profesional de las nuevas generaciones.<\/p>\n<p><img loading=\"lazy\" decoding=\"async\" class=\"aligncenter size-full wp-image-228285\" src=\"https:\/\/www.buroperiodistico.com.mx\/wp-content\/uploads\/2026\/08\/UTNreales-I.jpeg\" alt=\"\" width=\"640\" height=\"480\" srcset=\"https:\/\/www.buroperiodistico.com.mx\/wp-content\/uploads\/2026\/08\/UTNreales-I.jpeg 640w, https:\/\/www.buroperiodistico.com.mx\/wp-content\/uploads\/2026\/08\/UTNreales-I-300x225.jpeg 300w\" sizes=\"auto, (max-width: 640px) 100vw, 640px\" \/> <img loading=\"lazy\" decoding=\"async\" class=\"aligncenter size-full wp-image-228287\" src=\"https:\/\/www.buroperiodistico.com.mx\/wp-content\/uploads\/2026\/08\/UTNreales-III.jpeg\" alt=\"\" width=\"607\" height=\"480\" srcset=\"https:\/\/www.buroperiodistico.com.mx\/wp-content\/uploads\/2026\/08\/UTNreales-III.jpeg 607w, https:\/\/www.buroperiodistico.com.mx\/wp-content\/uploads\/2026\/08\/UTNreales-III-300x237.jpeg 300w\" sizes=\"auto, (max-width: 607px) 100vw, 607px\" \/> <img loading=\"lazy\" decoding=\"async\" class=\"aligncenter size-full wp-image-228286\" src=\"https:\/\/www.buroperiodistico.com.mx\/wp-content\/uploads\/2026\/08\/UTNreales-II.jpeg\" alt=\"\" width=\"610\" height=\"480\" srcset=\"https:\/\/www.buroperiodistico.com.mx\/wp-content\/uploads\/2026\/08\/UTNreales-II.jpeg 610w, https:\/\/www.buroperiodistico.com.mx\/wp-content\/uploads\/2026\/08\/UTNreales-II-300x236.jpeg 300w\" sizes=\"auto, (max-width: 610px) 100vw, 610px\" \/><\/p>\n","protected":false},"excerpt":{"rendered":"<p>Nuevo Laredo, Tamaulipas (29-Agosto-2026).- Alrededor de 140 proyectos fueron desarrollados por estudiantes de las diferentes&#8230;<\/p>\n","protected":false},"author":1,"featured_media":228288,"comment_status":"closed","ping_status":"closed","sticky":false,"template":"","format":"standard","meta":{"footnotes":"","jetpack_publicize_message":"","jetpack_publicize_feature_enabled":true,"jetpack_social_post_already_shared":true,"jetpack_social_options":{"image_generator_settings":{"template":"highway","default_image_id":0,"font":"","enabled":false},"version":2}},"categories":[10],"tags":[],"class_list":["post-228284","post","type-post","status-publish","format-standard","has-post-thumbnail","hentry","category-tamaulipas"],"jetpack_publicize_connections":[],"_links":{"self":[{"href":"https:\/\/www.buroperiodistico.com.mx\/index.php?rest_route=\/wp\/v2\/posts\/228284","targetHints":{"allow":["GET"]}}],"collection":[{"href":"https:\/\/www.buroperiodistico.com.mx\/index.php?rest_route=\/wp\/v2\/posts"}],"about":[{"href":"https:\/\/www.buroperiodistico.com.mx\/index.php?rest_route=\/wp\/v2\/types\/post"}],"author":[{"embeddable":true,"href":"https:\/\/www.buroperiodistico.com.mx\/index.php?rest_route=\/wp\/v2\/users\/1"}],"replies":[{"embeddable":true,"href":"https:\/\/www.buroperiodistico.com.mx\/index.php?rest_route=%2Fwp%2Fv2%2Fcomments&post=228284"}],"version-history":[{"count":1,"href":"https:\/\/www.buroperiodistico.com.mx\/index.php?rest_route=\/wp\/v2\/posts\/228284\/revisions"}],"predecessor-version":[{"id":228289,"href":"https:\/\/www.buroperiodistico.com.mx\/index.php?rest_route=\/wp\/v2\/posts\/228284\/revisions\/228289"}],"wp:featuredmedia":[{"embeddable":true,"href":"https:\/\/www.buroperiodistico.com.mx\/index.php?rest_route=\/wp\/v2\/media\/228288"}],"wp:attachment":[{"href":"https:\/\/www.buroperiodistico.com.mx\/index.php?rest_route=%2Fwp%2Fv2%2Fmedia&parent=228284"}],"wp:term":[{"taxonomy":"category","embeddable":true,"href":"https:\/\/www.buroperiodistico.com.mx\/index.php?rest_route=%2Fwp%2Fv2%2Fcategories&post=228284"},{"taxonomy":"post_tag","embeddable":true,"href":"https:\/\/www.buroperiodistico.com.mx\/index.php?rest_route=%2Fwp%2Fv2%2Ftags&post=228284"}],"curies":[{"name":"wp","href":"https:\/\/api.w.org\/{rel}","templated":true}]}}