{"id":211077,"date":"2026-05-01T20:53:50","date_gmt":"2026-05-02T01:53:50","guid":{"rendered":"https:\/\/www.buroperiodistico.com.mx\/?p=211077"},"modified":"2026-05-01T20:53:50","modified_gmt":"2026-05-02T01:53:50","slug":"agenda-fronteriza-por-humberto-gutierrez-733","status":"publish","type":"post","link":"https:\/\/www.buroperiodistico.com.mx\/?p=211077","title":{"rendered":"AGENDA FRONTERIZA\/ POR HUMBERTO GUTIERREZ"},"content":{"rendered":"<p style=\"text-align: center;\"><em><strong>UAT ALIADA FIEL DEL DESARROLLO DE TAMAULIPAS<\/strong><\/em><\/p>\n<p><em><strong>(1-Mayo-2026).-<\/strong><\/em> Comienza mayo con gran expectativa en Tamaulipas, porque cada d\u00eda que pasa nos encontramos con la caja de sorpresas del impulso a los sectores de la econom\u00eda en todas las regiones del estado.<\/p>\n<p>No me cansar\u00e9 de repetir de dos sexenios que se consideran perdidos, fallidos.<\/p>\n<p>No se tiene memoria desde que EUGENIO HERNANDEZ FLORES siendo gobernador de Tamaulipas realiz\u00f3 una inversi\u00f3n de obras de infraestructura por 60 mil millones de pesos en la \u00faltima mitad de su mandato. Esta acci\u00f3n p\u00fablica le hace recordar su nombre como ex gobernador muy querido.<\/p>\n<p>No se puede decir lo mismo del priista que le dio muerte al PRI, EGIDIO TORRE CANTU de quien no se le recuerda durante una obra buena durante su administraci\u00f3n por parte de la sociedad. Hasta ha tenido que autoexiliarse por nueve a\u00f1os desde que le entreg\u00f3 como si fuera un trofeo ganado con el sudor de la frente a otro ex gobernador de nombre impronunciable, por los atropellos que hizo a la gente y por lo mal portado con la federaci\u00f3n. CABEZA de VACA son sus apellidos, antes de cumplir con la entrega recepci\u00f3n huy\u00f3, v\u00edctima de su propia creaci\u00f3n sin obras de legado, pero con las alforjas llenas junto a sus c\u00f3mplices que figuraron, y hasta la fecha, la justicia lo esta esperando.<\/p>\n<p>De AMERICO VILLARREAL todav\u00eda no es tiempo de juzgarlo de sus malas acciones o metidas de pata como la equivocaci\u00f3n que ha tenido para escoger colaboradores, empleados de alto nivel que merecieron su confianza. Ya no est\u00e1n en la n\u00f3mina, las jugosas participaciones y la fuga de recursos que les permitieron que hicieran. Hasta ahora lo que se ha observado a\u00fan no se terminan las indagatorias y la culpabilidad.<\/p>\n<p>A no ser que ya se haya escuchado el v\u00f3mito negro. Pero como no es del conocimiento de la sociedad expectante no queda m\u00e1s que seguir dando el voto de confianza.<\/p>\n<p>El olvido ya no est\u00e1 en el cerebro de la gente. Ya no.<\/p>\n<p>De lo que s\u00ed se puede juzgar es de lo bien que nos ha ido como habitantes de Tamaulipas.<\/p>\n<p>Hace poco en una reuni\u00f3n de familias de todos colores y colores en el c\u00edrculo que estaba reunido no pod\u00eda faltar comentar de pol\u00edtica. Fuimos cinco parejas quienes platicamos acerca del comportamiento de AMERCIO-GOBERNADOR.<\/p>\n<p>Me encontr\u00e9 con que las personas, todas ellas de buen ver y mejor comer, tres se refirieron a la figura del gobernador en forma despectiva, \u201cque no ha hecho nada\u201d con una figura desgastada.<\/p>\n<p>Los escuche, vi que no ten\u00edan argumentos y que no estaban enterados de que por regiones ha construido. Como no estaban enterados me escucharon les dije: no s\u00e9 c\u00f3mo pueden pensar en que no ha hecho nada. Est\u00e1bamos en la ciudad capital, les mencione lo que va a ocurrir a la inauguraci\u00f3n del puerto seco, (aduana interior para agilizar el sistema de exportaci\u00f3n con destino a Reynosa, Matamoros, Altamira y Tampico) y que por lo menos 60 agencias aduanales van a aterrizar en la zona centro, por lo menos 15 empresas de servicios gastron\u00f3micos, uno o dos gasolineras, servicios de hospedaje, talleres, etc.<\/p>\n<p>La segunda l\u00ednea del acueducto, el corredor econ\u00f3mico del golfo que circular\u00e1 de Tampico a Reynosa con la carretera a cuatro carriles.<\/p>\n<p>Ahora, esas obras ya empezaron.<\/p>\n<p>Y le segu\u00ed dando catedra. Es muy significativo que AMERICO-GOBERNADOR haya logrado destrabar las obras inconclusas del hospital de Madero y de Matamoros, el puente roto, ahora de la Esperanza en Altamira.<\/p>\n<p>Al final me dijeron. \u201cy eso que nos estas platicando porque no lo sabemos\u201d le conteste solamente la felicidad se mide por la calidad de los pensamientos\u201d.<\/p>\n<p>Les segu\u00ed platicando sobre las formas de organizaci\u00f3n publica de car\u00e1cter vertical y horizontal, sobre la diferencia sobre trabajar como el llenero solitario o sobre los ejes de la coordinaci\u00f3n.<\/p>\n<p>El gobierno actual de MORENA, de AMERICO realiza acciones p\u00fablicas que van de la mano de la coordinaci\u00f3n de facultades que abarca a los tres niveles de gobierno.<\/p>\n<p>De esta manera le ha dado resultados y se ha podido gestionar mayores recursos nunca vistos en Tamaulipas.<\/p>\n<p>A las pruebas me remito.<\/p>\n<p>Esa acci\u00f3n concertada no puede darse sin el concurso de los sectores econ\u00f3mico de las regiones. Agricultura, ganader\u00eda, pesca, petr\u00f3leo, gas y energ\u00eda, comercio e industria de transformaci\u00f3n y la industria manufacturare que mucho impulso le ha dado a la regi\u00f3n de Tamaulipas motivado por la ubicaci\u00f3n geogr\u00e1fica.<\/p>\n<p>Menci\u00f3n parte, lo reserve para la \u00faltima secci\u00f3n de esta colaboraci\u00f3n tiene que ver el sector educativo.<\/p>\n<p>Tamaulipas tiene algo as\u00ed como 4,500 escuelas, secundarias y prepas 1,850, universidades privadas por regiones, una matr\u00edcula de estudios superiores que casi alcanzan los 100 mil estudiantes de donde saldr\u00e1n los pr\u00f3ximos l\u00edderes.<\/p>\n<p>Pero la universidad que tiene en mayor n\u00famero de matr\u00edcula es universidad p\u00fablica UAT.<\/p>\n<p>Estudiar a la UAT es generar nacer estudios de laboratorio social.<\/p>\n<p>Porque la UAT es hoy por hoy, es una gran instituci\u00f3n educativa, de calidad y de futuro.<\/p>\n<p>Mire, quien lo dice es EX UAT lo escribo y lo digo con gran orgullo de mi ALMA MATER.<\/p>\n<p>Estudie en los inicios de su independencia, de su emancipaci\u00f3n de su autonom\u00eda. Egresado de la generaci\u00f3n 69-74, seis mujeres y seis varones, de los cuales somos tres y tres sobrevivientes.<\/p>\n<p>Lo cual me da derecho a opinar sobre lo que es hoy la UAT.<\/p>\n<p>Ha logrado certificar el 100% de los programas acad\u00e9micos,<\/p>\n<p>Es importante destacar que la Universidad Aut\u00f3noma de Tamaulipas, tiene una matr\u00edcula superior a los 43 mil estudiantes, entre bachillerato, licenciatura y posgrado, con presencia en 26 municipios de Tamaulipas, y la integran 27 dependencias acad\u00e9micas entre facultades, unidades acad\u00e9micas y escuelas.<\/p>\n<p>La Universidad Aut\u00f3noma de Tamaulipas, bajo la conducci\u00f3n del Rector D\u00c1MASO ANAYA ALVARADO, es una de las m\u00e1s importantes instituciones de educaci\u00f3n superior del noreste del pa\u00eds, muy, pero muy aceptada por la sociedad de los 43 municipios, que tienen con mucha claridad cu\u00e1les son los retos y cuales han sido las respuestas.<\/p>\n<p>Miles de j\u00f3venes tamaulipecos siguen viendo en la UAT la principal fuente de conocimiento y cercan\u00eda con la ciencia.<\/p>\n<p>El Segundo Informe de D\u00c1MASO ANAYA ALVARADO al frente de los destinos de la UAT, confirma que, la Universidad Aut\u00f3noma de Tamaulipas, atraviesa una etapa de estabilidad, crecimiento y reposicionamiento estrat\u00e9gico con el desarrollo de Tamaulipas, su m\u00e1s fiel aliado del gobernador AMERICO VILLARREAL ANAYA.<\/p>\n<p>AGENDA FRONTERIZA es una colaboraci\u00f3n de temas relacionados con el desarrollo econ\u00f3mico \u2013 pol\u00edtico del estado de Tamaulipas y sus municipios. Se distribuye a trav\u00e9s de la Agencia Informaci\u00f3n y An\u00e1lisis Estad\u00edstico.<\/p>\n<p>MI CORREO: humbertografico@yahoo.com.mx<\/p>\n","protected":false},"excerpt":{"rendered":"<p>UAT ALIADA FIEL DEL DESARROLLO DE TAMAULIPAS (1-Mayo-2026).- Comienza mayo con gran expectativa en Tamaulipas,&#8230;<\/p>\n","protected":false},"author":1,"featured_media":149410,"comment_status":"closed","ping_status":"closed","sticky":false,"template":"","format":"standard","meta":{"footnotes":"","jetpack_publicize_message":"","jetpack_publicize_feature_enabled":true,"jetpack_social_post_already_shared":true,"jetpack_social_options":{"image_generator_settings":{"template":"highway","default_image_id":0,"font":"","enabled":false},"version":2}},"categories":[23],"tags":[],"class_list":["post-211077","post","type-post","status-publish","format-standard","has-post-thumbnail","hentry","category-columnas"],"jetpack_publicize_connections":[],"_links":{"self":[{"href":"https:\/\/www.buroperiodistico.com.mx\/index.php?rest_route=\/wp\/v2\/posts\/211077","targetHints":{"allow":["GET"]}}],"collection":[{"href":"https:\/\/www.buroperiodistico.com.mx\/index.php?rest_route=\/wp\/v2\/posts"}],"about":[{"href":"https:\/\/www.buroperiodistico.com.mx\/index.php?rest_route=\/wp\/v2\/types\/post"}],"author":[{"embeddable":true,"href":"https:\/\/www.buroperiodistico.com.mx\/index.php?rest_route=\/wp\/v2\/users\/1"}],"replies":[{"embeddable":true,"href":"https:\/\/www.buroperiodistico.com.mx\/index.php?rest_route=%2Fwp%2Fv2%2Fcomments&post=211077"}],"version-history":[{"count":1,"href":"https:\/\/www.buroperiodistico.com.mx\/index.php?rest_route=\/wp\/v2\/posts\/211077\/revisions"}],"predecessor-version":[{"id":211078,"href":"https:\/\/www.buroperiodistico.com.mx\/index.php?rest_route=\/wp\/v2\/posts\/211077\/revisions\/211078"}],"wp:featuredmedia":[{"embeddable":true,"href":"https:\/\/www.buroperiodistico.com.mx\/index.php?rest_route=\/wp\/v2\/media\/149410"}],"wp:attachment":[{"href":"https:\/\/www.buroperiodistico.com.mx\/index.php?rest_route=%2Fwp%2Fv2%2Fmedia&parent=211077"}],"wp:term":[{"taxonomy":"category","embeddable":true,"href":"https:\/\/www.buroperiodistico.com.mx\/index.php?rest_route=%2Fwp%2Fv2%2Fcategories&post=211077"},{"taxonomy":"post_tag","embeddable":true,"href":"https:\/\/www.buroperiodistico.com.mx\/index.php?rest_route=%2Fwp%2Fv2%2Ftags&post=211077"}],"curies":[{"name":"wp","href":"https:\/\/api.w.org\/{rel}","templated":true}]}}