{"id":211072,"date":"2026-05-01T20:50:57","date_gmt":"2026-05-02T01:50:57","guid":{"rendered":"https:\/\/www.buroperiodistico.com.mx\/?p=211072"},"modified":"2026-05-01T20:50:57","modified_gmt":"2026-05-02T01:50:57","slug":"acompano-la-senadora-maki-ortiz-a-20-mil-trabajadores-de-reynosa-en-su-desfile-del-1-de-mayo","status":"publish","type":"post","link":"https:\/\/www.buroperiodistico.com.mx\/?p=211072","title":{"rendered":"Acompa\u00f1\u00f3 la senadora Maki Ortiz a 20 mil trabajadores de Reynosa en su desfile del 1 de Mayo"},"content":{"rendered":"<p><em><strong><img loading=\"lazy\" decoding=\"async\" class=\" wp-image-211075 alignright\" src=\"https:\/\/www.buroperiodistico.com.mx\/wp-content\/uploads\/2026\/05\/Acompx.jpeg\" alt=\"\" width=\"543\" height=\"329\" srcset=\"https:\/\/www.buroperiodistico.com.mx\/wp-content\/uploads\/2026\/05\/Acompx.jpeg 1024w, https:\/\/www.buroperiodistico.com.mx\/wp-content\/uploads\/2026\/05\/Acompx-300x182.jpeg 300w, https:\/\/www.buroperiodistico.com.mx\/wp-content\/uploads\/2026\/05\/Acompx-768x466.jpeg 768w\" sizes=\"auto, (max-width: 543px) 100vw, 543px\" \/>Reynosa, Tam (1-Mayo-2026).-<\/strong><\/em> La senadora Maki Esther Ortiz Dom\u00ednguez acompa\u00f1\u00f3 al l\u00edder de la Federaci\u00f3n de Trabajadores de Reynosa, Reynaldo Garza Elizondo; al presidente municipal de Reynosa, Carlos Pe\u00f1a Ortiz, en el desfile conmemorativo del D\u00eda del Trabajo, una marcha en la que 20 mil trabajadores honraron a quienes han sacrificado su vida y luchado por sus derechos en el mundo y en M\u00e9xico.<\/p>\n<p>Como legisladora en la C\u00e1mara Alta, la doctora Maki Ortiz reconoci\u00f3 a los trabajadores reynosenses: \u00absu lucha es la lucha de todos. Desde el Senado sigo trabajando para ayudar a las clases vulnerables, a nuestros adultos mayores, y sobre todo viendo por los derechos de los trabajadores mexicanos. La conmemoraci\u00f3n del 1 de mayo nos recuerda que ning\u00fan derecho laboral fue regalado: todos se ganaron con sacrificio. Por eso, mi compromiso es seguir legislando para garantizar salarios dignos, pensiones justas y condiciones laborales seguras para las familias de Tamaulipas y de M\u00e9xico\u00bb.<\/p>\n<p>En el desfile de este primero de mayo tambi\u00e9n participaron, el representante del Gobernador Constitucional de Tamaulipas, Dr. Am\u00e9rico Villarreal Anaya, el Lic. C\u00e9sar Nacianceno L\u00f3pez, Coordinador Regional de la Secretar\u00eda General de Gobierno del Estado en Reynosa-Matamoros; el delegado del IMSS, Jos\u00e9 Luis Aranza; Roberto Avil\u00e9s Arizpe, presidente de CMIC; Federico Alan\u00eds Pe\u00f1a, presidente de CANACINTRA; Gildardo L\u00f3pez Hinojosa, presidente de CANACO; Antonio de Le\u00f3n Villarreal, secretario del Ayuntamiento; Felipe de Jes\u00fas Chiw Vega, gerente de la COMAPA; Eduardo L\u00f3pez Arias, secretario de Obras P\u00fablicas; Antonio Ch\u00e1vez Herrera, secretario de Servicios P\u00fablicos y Mario Soria Stamatio, secretario de Seguridad P\u00fablica Municipal.<\/p>\n<p><img loading=\"lazy\" decoding=\"async\" class=\"aligncenter size-full wp-image-211073\" src=\"https:\/\/www.buroperiodistico.com.mx\/wp-content\/uploads\/2026\/05\/Acompx-I.jpeg\" alt=\"\" width=\"640\" height=\"426\" srcset=\"https:\/\/www.buroperiodistico.com.mx\/wp-content\/uploads\/2026\/05\/Acompx-I.jpeg 640w, https:\/\/www.buroperiodistico.com.mx\/wp-content\/uploads\/2026\/05\/Acompx-I-300x200.jpeg 300w\" sizes=\"auto, (max-width: 640px) 100vw, 640px\" \/> <img loading=\"lazy\" decoding=\"async\" class=\"aligncenter size-full wp-image-211074\" src=\"https:\/\/www.buroperiodistico.com.mx\/wp-content\/uploads\/2026\/05\/Acompx-II.jpeg\" alt=\"\" width=\"640\" height=\"426\" srcset=\"https:\/\/www.buroperiodistico.com.mx\/wp-content\/uploads\/2026\/05\/Acompx-II.jpeg 640w, https:\/\/www.buroperiodistico.com.mx\/wp-content\/uploads\/2026\/05\/Acompx-II-300x200.jpeg 300w\" sizes=\"auto, (max-width: 640px) 100vw, 640px\" \/><\/p>\n","protected":false},"excerpt":{"rendered":"<p>Reynosa, Tam (1-Mayo-2026).- La senadora Maki Esther Ortiz Dom\u00ednguez acompa\u00f1\u00f3 al l\u00edder de la Federaci\u00f3n&#8230;<\/p>\n","protected":false},"author":1,"featured_media":211075,"comment_status":"closed","ping_status":"closed","sticky":false,"template":"","format":"standard","meta":{"footnotes":"","jetpack_publicize_message":"","jetpack_publicize_feature_enabled":true,"jetpack_social_post_already_shared":true,"jetpack_social_options":{"image_generator_settings":{"template":"highway","default_image_id":0,"font":"","enabled":false},"version":2}},"categories":[25,9],"tags":[],"class_list":["post-211072","post","type-post","status-publish","format-standard","has-post-thumbnail","hentry","category-portada","category-reynosa"],"jetpack_publicize_connections":[],"_links":{"self":[{"href":"https:\/\/www.buroperiodistico.com.mx\/index.php?rest_route=\/wp\/v2\/posts\/211072","targetHints":{"allow":["GET"]}}],"collection":[{"href":"https:\/\/www.buroperiodistico.com.mx\/index.php?rest_route=\/wp\/v2\/posts"}],"about":[{"href":"https:\/\/www.buroperiodistico.com.mx\/index.php?rest_route=\/wp\/v2\/types\/post"}],"author":[{"embeddable":true,"href":"https:\/\/www.buroperiodistico.com.mx\/index.php?rest_route=\/wp\/v2\/users\/1"}],"replies":[{"embeddable":true,"href":"https:\/\/www.buroperiodistico.com.mx\/index.php?rest_route=%2Fwp%2Fv2%2Fcomments&post=211072"}],"version-history":[{"count":1,"href":"https:\/\/www.buroperiodistico.com.mx\/index.php?rest_route=\/wp\/v2\/posts\/211072\/revisions"}],"predecessor-version":[{"id":211076,"href":"https:\/\/www.buroperiodistico.com.mx\/index.php?rest_route=\/wp\/v2\/posts\/211072\/revisions\/211076"}],"wp:featuredmedia":[{"embeddable":true,"href":"https:\/\/www.buroperiodistico.com.mx\/index.php?rest_route=\/wp\/v2\/media\/211075"}],"wp:attachment":[{"href":"https:\/\/www.buroperiodistico.com.mx\/index.php?rest_route=%2Fwp%2Fv2%2Fmedia&parent=211072"}],"wp:term":[{"taxonomy":"category","embeddable":true,"href":"https:\/\/www.buroperiodistico.com.mx\/index.php?rest_route=%2Fwp%2Fv2%2Fcategories&post=211072"},{"taxonomy":"post_tag","embeddable":true,"href":"https:\/\/www.buroperiodistico.com.mx\/index.php?rest_route=%2Fwp%2Fv2%2Ftags&post=211072"}],"curies":[{"name":"wp","href":"https:\/\/api.w.org\/{rel}","templated":true}]}}