{"id":211063,"date":"2026-05-01T19:36:26","date_gmt":"2026-05-02T00:36:26","guid":{"rendered":"https:\/\/www.buroperiodistico.com.mx\/?p=211063"},"modified":"2026-05-01T19:36:26","modified_gmt":"2026-05-02T00:36:26","slug":"firman-pemex-e-inecc-convenio-de-colaboracion-en-materia-de-proteccion-ambiental","status":"publish","type":"post","link":"https:\/\/www.buroperiodistico.com.mx\/?p=211063","title":{"rendered":"Firman Pemex e INECC convenio de colaboraci\u00f3n en materia de protecci\u00f3n ambiental"},"content":{"rendered":"<p><em><strong><img loading=\"lazy\" decoding=\"async\" class=\" wp-image-211065 alignright\" src=\"https:\/\/www.buroperiodistico.com.mx\/wp-content\/uploads\/2026\/05\/Pemexz.jpg\" alt=\"\" width=\"358\" height=\"224\" srcset=\"https:\/\/www.buroperiodistico.com.mx\/wp-content\/uploads\/2026\/05\/Pemexz.jpg 1024w, https:\/\/www.buroperiodistico.com.mx\/wp-content\/uploads\/2026\/05\/Pemexz-300x188.jpg 300w, https:\/\/www.buroperiodistico.com.mx\/wp-content\/uploads\/2026\/05\/Pemexz-768x481.jpg 768w\" sizes=\"auto, (max-width: 358px) 100vw, 358px\" \/>Ciudad de M\u00e9xico (1-Mayo-2026).-<\/strong><\/em> Petr\u00f3leos Mexicanos (Pemex) y el Instituto Nacional de Ecolog\u00eda y Cambio Clim\u00e1tico (INECC) firmaron un convenio de colaboraci\u00f3n en materia de protecci\u00f3n del medio ambiente frente al cambio clim\u00e1tico e intercambio de informaci\u00f3n sobre el monitoreo de contaminantes, an\u00e1lisis de suelo y calidad del aire.<\/p>\n<p>El evento protocolario de firma de convenio se llev\u00f3 a cabo en la Sala de Consejo de la Torre Ejecutiva y cont\u00f3 con la participaci\u00f3n del director general de Pemex, V\u00edctor Rodr\u00edguez Padilla, y el director del INECC, Jos\u00e9 Abraham Ort\u00ednez \u00c1lvarez, quienes se comprometieron a conjuntar esfuerzos para implementar acciones coordinadas de cooperaci\u00f3n en la protecci\u00f3n del medio ambiente.<\/p>\n<p>Este convenio nace como parte del compromiso de Petr\u00f3leos Mexicanos con el medio ambiente, as\u00ed como de generar colaboraciones interinstitucionales entre las diferentes entidades del Gobierno Federal, que permita la realizaci\u00f3n de estudios sobre monitoreo de contaminantes, an\u00e1lisis de suelo y calidad del aire.<\/p>\n<p>Pemex y el INECC acordaron colaborar en el desarrollo, integraci\u00f3n y difusi\u00f3n de los proyectos de investigaci\u00f3n cient\u00edfica y\/o tecnol\u00f3gica, en materia de protecci\u00f3n del medio ambiente y cambio clim\u00e1tico, conforme a sus competencias, capacidades t\u00e9cnicas y presupuestales.<\/p>\n<p>Por parte del INECC tambi\u00e9n participaron en el evento Livia Ariadna V\u00e1zquez Granados, titular de la Unidad Ejecutiva de Asuntos Jur\u00eddicos, Informaci\u00f3n y Transparencia; y Margarita T\u00e9llez Farf\u00e1n, t\u00e9cnica especializada<\/p>\n<p><img loading=\"lazy\" decoding=\"async\" class=\"aligncenter size-full wp-image-211064\" src=\"https:\/\/www.buroperiodistico.com.mx\/wp-content\/uploads\/2026\/05\/Pemexz-I.jpg\" alt=\"\" width=\"640\" height=\"353\" srcset=\"https:\/\/www.buroperiodistico.com.mx\/wp-content\/uploads\/2026\/05\/Pemexz-I.jpg 640w, https:\/\/www.buroperiodistico.com.mx\/wp-content\/uploads\/2026\/05\/Pemexz-I-300x165.jpg 300w\" sizes=\"auto, (max-width: 640px) 100vw, 640px\" \/><\/p>\n","protected":false},"excerpt":{"rendered":"<p>Ciudad de M\u00e9xico (1-Mayo-2026).- Petr\u00f3leos Mexicanos (Pemex) y el Instituto Nacional de Ecolog\u00eda y Cambio&#8230;<\/p>\n","protected":false},"author":1,"featured_media":211065,"comment_status":"closed","ping_status":"closed","sticky":false,"template":"","format":"standard","meta":{"footnotes":"","jetpack_publicize_message":"","jetpack_publicize_feature_enabled":true,"jetpack_social_post_already_shared":true,"jetpack_social_options":{"image_generator_settings":{"template":"highway","default_image_id":0,"font":"","enabled":false},"version":2}},"categories":[11],"tags":[],"class_list":["post-211063","post","type-post","status-publish","format-standard","has-post-thumbnail","hentry","category-nacional"],"jetpack_publicize_connections":[],"_links":{"self":[{"href":"https:\/\/www.buroperiodistico.com.mx\/index.php?rest_route=\/wp\/v2\/posts\/211063","targetHints":{"allow":["GET"]}}],"collection":[{"href":"https:\/\/www.buroperiodistico.com.mx\/index.php?rest_route=\/wp\/v2\/posts"}],"about":[{"href":"https:\/\/www.buroperiodistico.com.mx\/index.php?rest_route=\/wp\/v2\/types\/post"}],"author":[{"embeddable":true,"href":"https:\/\/www.buroperiodistico.com.mx\/index.php?rest_route=\/wp\/v2\/users\/1"}],"replies":[{"embeddable":true,"href":"https:\/\/www.buroperiodistico.com.mx\/index.php?rest_route=%2Fwp%2Fv2%2Fcomments&post=211063"}],"version-history":[{"count":1,"href":"https:\/\/www.buroperiodistico.com.mx\/index.php?rest_route=\/wp\/v2\/posts\/211063\/revisions"}],"predecessor-version":[{"id":211066,"href":"https:\/\/www.buroperiodistico.com.mx\/index.php?rest_route=\/wp\/v2\/posts\/211063\/revisions\/211066"}],"wp:featuredmedia":[{"embeddable":true,"href":"https:\/\/www.buroperiodistico.com.mx\/index.php?rest_route=\/wp\/v2\/media\/211065"}],"wp:attachment":[{"href":"https:\/\/www.buroperiodistico.com.mx\/index.php?rest_route=%2Fwp%2Fv2%2Fmedia&parent=211063"}],"wp:term":[{"taxonomy":"category","embeddable":true,"href":"https:\/\/www.buroperiodistico.com.mx\/index.php?rest_route=%2Fwp%2Fv2%2Fcategories&post=211063"},{"taxonomy":"post_tag","embeddable":true,"href":"https:\/\/www.buroperiodistico.com.mx\/index.php?rest_route=%2Fwp%2Fv2%2Ftags&post=211063"}],"curies":[{"name":"wp","href":"https:\/\/api.w.org\/{rel}","templated":true}]}}