{"id":211061,"date":"2026-05-01T19:29:27","date_gmt":"2026-05-02T00:29:27","guid":{"rendered":"https:\/\/www.buroperiodistico.com.mx\/?p=211061"},"modified":"2026-05-01T19:29:27","modified_gmt":"2026-05-02T00:29:27","slug":"de-primera-la-dama-de-la-noticia-por-arabela-garcia-357","status":"publish","type":"post","link":"https:\/\/www.buroperiodistico.com.mx\/?p=211061","title":{"rendered":"DE PRIMERA\u2026. LA DAMA DE LA NOTICIA\/ POR ARABELA GARCIA"},"content":{"rendered":"<p style=\"text-align: center;\"><strong><em>\u00abEngranajes o Lastres: La Gesti\u00f3n que Alivia el Bolsillo frente a la Burocracia que solo Calienta la Silla\u00bb<\/em><\/strong><\/p>\n<p><em><strong>(1-Mayo-2026).-<\/strong><\/em> En el complejo tablero de la administraci\u00f3n p\u00fablica, la voluntad de quien encabeza el Ejecutivo es solo el motor; la velocidad y el rumbo dependen, invariablemente, de la calidad de sus engranajes. En Tamaulipas, el Gobernador Am\u00e9rico Villarreal Anaya ha dejado claro desde el primer d\u00eda que su administraci\u00f3n no es un cheque en blanco para nadie. Los relevos en el gabinete estatal no han sido obra de la casualidad: algunos se fueron por falta de fondo, otros por cumplir ciclos de compromiso y, los m\u00e1s se\u00f1alados, por confundir el servicio p\u00fablico con el beneficio personal \u2014llam\u00e9mosle abuso de confianza o, para ser claros, simple y llano robo\u2014.<\/p>\n<p>Sin embargo, en este reacomodo de piezas, hay alfiles que han entendido que la pol\u00edtica hoy se mide en resultados palpables y no en fotos para el recuerdo.<\/p>\n<p>Es imperativo se\u00f1alar la labor en la columna vertebral del estado, donde Carlos Ram\u00edrez ha demostrado que no llega solo a administrar la inercia del calendario. Su enfoque en generar programas de apoyo real, con descuentos directos en tr\u00e1mites fiscales \u2014operados con eficacia en Matamoros por la Ing. Elda Res\u00e9ndiz\u2014, es el tipo de gesti\u00f3n que el ciudadano agradece porque le pega positivamente al bolsillo, no al ego del funcionario, pero lo mismo sucede en otros municipios donde el equipo cuenta y cuenta mucho, mas abajo le explico por qu\u00e9.<\/p>\n<p>En esa misma l\u00ednea de frescura aparece Karl Heinz Becker en SEDUMA. Le cay\u00f3 como \u00abanillo al dedo\u00bb a una secretar\u00eda que no conoce de d\u00edas festivos. Con la crisis del agua, el ordenamiento de la tierra y el cambio clim\u00e1tico respir\u00e1ndonos en la nuca, Becker tiene m\u00e1s trabajo que horas el d\u00eda, y su perfil parece estar a la altura de la urgencia ambiental que vive el estado.<\/p>\n<p>Pero no todo es miel sobre hojuelas. Hay \u00e1reas donde la energ\u00eda parece dispersarse cuando m\u00e1s se necesita firmeza. Luis Gerardo Illoldi Reyes, en la Secretar\u00eda del Trabajo, tiene frente a s\u00ed el term\u00f3metro m\u00e1s caliente de la frontera: Matamoros. Ante la huida de empresas que dejan a los trabajadores en la indefensi\u00f3n, la pol\u00edtica laboral no puede ser de \u00abpuertas abiertas\u00bb sin condiciones. Hace falta mano firme; no se les puede soltar tanto la hebra a capitales que vienen, aprovecha y se van dejando un reguero de problemas sociales. La defensa del empleo debe ser energ\u00e9tica, no solo protocolaria.<\/p>\n<p>Y si bajamos la mirada a lo local, en Matamoros el alcalde Beto Granados dio un golpe de precisi\u00f3n con Alberto Simone. Un rostro que pocos conoc\u00edan, pero que, al entrar, entr\u00f3 operando. Ha puesto orden en temas que llevaban a\u00f1os aislados y bajo el polvo del olvido. El contraste es evidente: mientras Simone camina, hay otros en el Ayuntamiento que parecen haber confundido su oficina con una sala de espera, dedic\u00e1ndose \u00fanicamente a calentar la silla mientras el trienio avanza.<\/p>\n<p>En el rubro educativo, queda una asignatura pendiente en relaciones p\u00fablicas. Se habla mucho del secretario de Educaci\u00f3n, Miguel \u00c1ngel Valdez, con arraigo en nuestra tierra. Dicen quienes le rodean que es un hombre de bien, pero en la pr\u00e1ctica, el puente con la opini\u00f3n p\u00fablica parece roto o, al menos, mal construido. No sabemos si las relaciones p\u00fablicas le fallan a \u00e9l o si \u00e9l nos falla a nosotros, pero en pol\u00edtica, lo que no se comunica o no se socializa, simplemente no existe.<\/p>\n<p>Finalmente, el reciente informe del rector de la UAT, D\u00e1maso Anaya, dej\u00f3 una lectura interesante. Aunque se mantuvo una distancia con la prensa presencial, la informaci\u00f3n fluy\u00f3. Pero el dato real est\u00e1 afuera: en las redes sociales. Hoy, si algo huele mal en la Universidad, los j\u00f3venes lo incendian en minutos. El \u00abmatch\u00bb que el rector mantiene con la comunidad estudiantil es, quiz\u00e1s, su mejor indicador de que, al menos por ahora, las aguas en nuestra m\u00e1xima casa de estudios marchan tranquilas.<\/p>\n<p>Al final del d\u00eda, la chamba de ellos es gobernar y la nuestra es observar. Cada quien trae su tema, pero en Tamaulipas, el que no d\u00e9 el ancho, simplemente terminar\u00e1 siendo parte de la pr\u00f3xima limpieza de engranajes.<\/p>\n<p>SUGERENCIAS Y COMENTARIOS arabelagarcia01@hotmail.com<\/p>\n","protected":false},"excerpt":{"rendered":"<p>\u00abEngranajes o Lastres: La Gesti\u00f3n que Alivia el Bolsillo frente a la Burocracia que solo&#8230;<\/p>\n","protected":false},"author":1,"featured_media":149592,"comment_status":"closed","ping_status":"closed","sticky":false,"template":"","format":"standard","meta":{"footnotes":"","jetpack_publicize_message":"","jetpack_publicize_feature_enabled":true,"jetpack_social_post_already_shared":true,"jetpack_social_options":{"image_generator_settings":{"template":"highway","default_image_id":0,"font":"","enabled":false},"version":2}},"categories":[23],"tags":[],"class_list":["post-211061","post","type-post","status-publish","format-standard","has-post-thumbnail","hentry","category-columnas"],"jetpack_publicize_connections":[],"_links":{"self":[{"href":"https:\/\/www.buroperiodistico.com.mx\/index.php?rest_route=\/wp\/v2\/posts\/211061","targetHints":{"allow":["GET"]}}],"collection":[{"href":"https:\/\/www.buroperiodistico.com.mx\/index.php?rest_route=\/wp\/v2\/posts"}],"about":[{"href":"https:\/\/www.buroperiodistico.com.mx\/index.php?rest_route=\/wp\/v2\/types\/post"}],"author":[{"embeddable":true,"href":"https:\/\/www.buroperiodistico.com.mx\/index.php?rest_route=\/wp\/v2\/users\/1"}],"replies":[{"embeddable":true,"href":"https:\/\/www.buroperiodistico.com.mx\/index.php?rest_route=%2Fwp%2Fv2%2Fcomments&post=211061"}],"version-history":[{"count":1,"href":"https:\/\/www.buroperiodistico.com.mx\/index.php?rest_route=\/wp\/v2\/posts\/211061\/revisions"}],"predecessor-version":[{"id":211062,"href":"https:\/\/www.buroperiodistico.com.mx\/index.php?rest_route=\/wp\/v2\/posts\/211061\/revisions\/211062"}],"wp:featuredmedia":[{"embeddable":true,"href":"https:\/\/www.buroperiodistico.com.mx\/index.php?rest_route=\/wp\/v2\/media\/149592"}],"wp:attachment":[{"href":"https:\/\/www.buroperiodistico.com.mx\/index.php?rest_route=%2Fwp%2Fv2%2Fmedia&parent=211061"}],"wp:term":[{"taxonomy":"category","embeddable":true,"href":"https:\/\/www.buroperiodistico.com.mx\/index.php?rest_route=%2Fwp%2Fv2%2Fcategories&post=211061"},{"taxonomy":"post_tag","embeddable":true,"href":"https:\/\/www.buroperiodistico.com.mx\/index.php?rest_route=%2Fwp%2Fv2%2Ftags&post=211061"}],"curies":[{"name":"wp","href":"https:\/\/api.w.org\/{rel}","templated":true}]}}