{"id":211056,"date":"2026-05-01T19:22:49","date_gmt":"2026-05-02T00:22:49","guid":{"rendered":"https:\/\/www.buroperiodistico.com.mx\/?p=211056"},"modified":"2026-05-01T19:22:49","modified_gmt":"2026-05-02T00:22:49","slug":"celebran-miles-de-familias-el-dia-del-nino-en-gran-festival-del-sistema-dif-y-gobierno-municipal","status":"publish","type":"post","link":"https:\/\/www.buroperiodistico.com.mx\/?p=211056","title":{"rendered":"CELEBRAN MILES DE FAMILIAS EL D\u00cdA DEL NI\u00d1O EN GRAN FESTIVAL DEL SISTEMA DIF Y GOBIERNO MUNICIPAL"},"content":{"rendered":"<p><em><strong><img loading=\"lazy\" decoding=\"async\" class=\" wp-image-211057 alignright\" src=\"https:\/\/www.buroperiodistico.com.mx\/wp-content\/uploads\/2026\/05\/Celex.jpg\" alt=\"\" width=\"592\" height=\"320\" srcset=\"https:\/\/www.buroperiodistico.com.mx\/wp-content\/uploads\/2026\/05\/Celex.jpg 1110w, https:\/\/www.buroperiodistico.com.mx\/wp-content\/uploads\/2026\/05\/Celex-300x162.jpg 300w, https:\/\/www.buroperiodistico.com.mx\/wp-content\/uploads\/2026\/05\/Celex-1024x554.jpg 1024w, https:\/\/www.buroperiodistico.com.mx\/wp-content\/uploads\/2026\/05\/Celex-768x415.jpg 768w\" sizes=\"auto, (max-width: 592px) 100vw, 592px\" \/>Nuevo Laredo, Tam (1-Mayo-2026).-<\/strong><\/em> Risas, juegos, colores y una gran energ\u00eda familiar se hicieron presentes en el Parque Viveros, donde m\u00e1s de 30 mil asistentes se dieron cita para disfrutar del gran Festival del D\u00eda del Ni\u00f1o, organizado por el Sistema DIF Nuevo Laredo y el Gobierno Municipal, como parte del compromiso por brindar espacios de alegr\u00eda, convivencia y momentos inolvidables a la ni\u00f1ez neolaredense.<\/p>\n<p>En un ambiente totalmente festivo y gratuito, ni\u00f1as y ni\u00f1os vivieron una experiencia \u00fanica, rodeados de actividades dise\u00f1adas especialmente para estimular su creatividad, habilidades y desarrollo, convirtiendo cada rinc\u00f3n del parque en un espacio de diversi\u00f3n, aprendizaje y convivencia familiar.<\/p>\n<p>Desde su llegada, las familias pudieron recorrer una gran variedad de m\u00f3dulos interactivos y \u00e1reas recreativas, donde destacaron los juegos mec\u00e1nicos, brincolines, juegos de feria, videojuegos, juegos de mesa y juegos sensoriales, as\u00ed como zonas dedicadas a los m\u00e1s peque\u00f1os con \u00e1reas de juegos maternales, pensadas para garantizar la diversi\u00f3n segura de todas las edades.<\/p>\n<p>La presidenta municipal, Carmen Lilia Canturosas Villarreal, encabez\u00f3 este gran festejo junto a la presidenta del Sistema DIF, Claudette Canturosas Villarreal, quienes convivieron con las familias, recorrieron las instalaciones y saludaron a las ni\u00f1as y ni\u00f1os que disfrutaban de cada una de las actividades.<\/p>\n<p>\u201cCuando ponemos en el centro a nuestras ni\u00f1as y ni\u00f1os, estamos sembrando el futuro de Nuevo Laredo; este festival no es solo una celebraci\u00f3n, es un mensaje claro de que en este gobierno creemos en una infancia feliz, protegida y con oportunidades, y ver a miles de familias reunidas, sonriendo y conviviendo, nos confirma que vamos por el camino correcto; construyendo comunidad desde el coraz\u00f3n y con sentido social\u201d, expres\u00f3 la alcaldesa.<\/p>\n<p>Por su parte, la presidenta del Sistema DIF, resalt\u00f3 el trabajo realizado para hacer posible este evento que a\u00f1o con a\u00f1o re\u00fane a familias de todos los sectores de Nuevo Laredo. \u201cEn el DIF trabajamos con el coraz\u00f3n para cuidar cada detalle y ofrecer a nuestra ni\u00f1ez espacios de alegr\u00eda, convivencia y bienestar.<\/p>\n<p>Ver sus sonrisas es el mejor resultado de este esfuerzo conjunto.\u201d El festival ofreci\u00f3 tambi\u00e9n una amplia gama de actividades creativas y l\u00fadicas como dibujo, loter\u00eda, elaboraci\u00f3n de slime, decoraci\u00f3n de galletas, reposter\u00eda infantil, as\u00ed como espacios de sal\u00f3n de belleza, pintacaritas y cabello loco, donde los peque\u00f1os pudieron expresar su imaginaci\u00f3n y personalidad en un ambiente alegre y colorido.<\/p>\n<p>Uno de los grandes atractivos fue el paseo en los DIF Karts, que permiti\u00f3 a las ni\u00f1as y ni\u00f1os vivir una experiencia diferente y emocionante, adem\u00e1s de las \u00e1reas de dulces y din\u00e1micas donde constantemente se entregaron premios, regalos y sorpresas, reconociendo la participaci\u00f3n entusiasta de los asistentes.<\/p>\n<p>El escenario principal se convirti\u00f3 en el coraz\u00f3n del festival, donde familias enteras disfrutaron de un programa art\u00edstico lleno de m\u00fasica, baile y entretenimiento, con presentaciones como el Glam Girls Dance Team, Luilly el Payaso, el espect\u00e1culo de Beto y sus Amigos, Lara y Me\u00f1iques, Italian Brainrots y el show de Guerreras K-Pop, logrando que chicos y grandes cantaran, bailaran y se sumaran a la celebraci\u00f3n.<\/p>\n<p>Del mismo modo, personajes infantiles, botargas y animadores recorrieron el parque, regalando sonrisas, abrazos y momentos especiales que quedar\u00e1n en la memoria de las familias, adem\u00e1s de espacios destinados para la toma de fotograf\u00edas del recuerdo. Los asistentes tambi\u00e9n disfrutaron del Zool\u00f3gico y Acuario gratis, donde se tuvo una afluencia de m\u00e1s de 4 mil 400 visitantes que adem\u00e1s de apreciar las diferentes especies, pudieron participar en diferentes actividades e interacciones con algunos de los animales.<\/p>\n<p>Como parte del enfoque integral del evento, tambi\u00e9n se instalaron m\u00f3dulos de atenci\u00f3n m\u00e9dica, zonas de hidrataci\u00f3n y un \u00e1rea especial de vacunaci\u00f3n, reforzando la importancia del cuidado de la salud en la ni\u00f1ez, todo bajo un entorno seguro y organizado.<\/p>\n<p>El Parque Viveros se transform\u00f3 en un verdadero punto de encuentro familiar, donde la diversi\u00f3n se combin\u00f3 con la seguridad, gracias a la participaci\u00f3n coordinada del personal del DIF, su Voluntariado, diversas dependencias municipales, as\u00ed como corporaciones de Protecci\u00f3n Civil y Bomberos, quienes garantizaron en todo momento el bienestar de los asistentes.<\/p>\n<p>Este festival es reflejo del compromiso del Sistema DIF y del Gobierno Municipal de seguir impulsando acciones que fortalezcan el tejido social, promuevan la uni\u00f3n familiar y coloquen en el centro a las ni\u00f1as y los ni\u00f1os, generando espacios donde puedan crecer felices, seguros y rodeados de oportunidades.<\/p>\n","protected":false},"excerpt":{"rendered":"<p>Nuevo Laredo, Tam (1-Mayo-2026).- Risas, juegos, colores y una gran energ\u00eda familiar se hicieron presentes&#8230;<\/p>\n","protected":false},"author":1,"featured_media":211057,"comment_status":"closed","ping_status":"closed","sticky":false,"template":"","format":"standard","meta":{"footnotes":"","jetpack_publicize_message":"","jetpack_publicize_feature_enabled":true,"jetpack_social_post_already_shared":true,"jetpack_social_options":{"image_generator_settings":{"template":"highway","default_image_id":0,"font":"","enabled":false},"version":2}},"categories":[16],"tags":[],"class_list":["post-211056","post","type-post","status-publish","format-standard","has-post-thumbnail","hentry","category-nuevolaredo"],"jetpack_publicize_connections":[],"_links":{"self":[{"href":"https:\/\/www.buroperiodistico.com.mx\/index.php?rest_route=\/wp\/v2\/posts\/211056","targetHints":{"allow":["GET"]}}],"collection":[{"href":"https:\/\/www.buroperiodistico.com.mx\/index.php?rest_route=\/wp\/v2\/posts"}],"about":[{"href":"https:\/\/www.buroperiodistico.com.mx\/index.php?rest_route=\/wp\/v2\/types\/post"}],"author":[{"embeddable":true,"href":"https:\/\/www.buroperiodistico.com.mx\/index.php?rest_route=\/wp\/v2\/users\/1"}],"replies":[{"embeddable":true,"href":"https:\/\/www.buroperiodistico.com.mx\/index.php?rest_route=%2Fwp%2Fv2%2Fcomments&post=211056"}],"version-history":[{"count":1,"href":"https:\/\/www.buroperiodistico.com.mx\/index.php?rest_route=\/wp\/v2\/posts\/211056\/revisions"}],"predecessor-version":[{"id":211058,"href":"https:\/\/www.buroperiodistico.com.mx\/index.php?rest_route=\/wp\/v2\/posts\/211056\/revisions\/211058"}],"wp:featuredmedia":[{"embeddable":true,"href":"https:\/\/www.buroperiodistico.com.mx\/index.php?rest_route=\/wp\/v2\/media\/211057"}],"wp:attachment":[{"href":"https:\/\/www.buroperiodistico.com.mx\/index.php?rest_route=%2Fwp%2Fv2%2Fmedia&parent=211056"}],"wp:term":[{"taxonomy":"category","embeddable":true,"href":"https:\/\/www.buroperiodistico.com.mx\/index.php?rest_route=%2Fwp%2Fv2%2Fcategories&post=211056"},{"taxonomy":"post_tag","embeddable":true,"href":"https:\/\/www.buroperiodistico.com.mx\/index.php?rest_route=%2Fwp%2Fv2%2Ftags&post=211056"}],"curies":[{"name":"wp","href":"https:\/\/api.w.org\/{rel}","templated":true}]}}