{"id":211039,"date":"2026-05-01T16:41:06","date_gmt":"2026-05-01T21:41:06","guid":{"rendered":"https:\/\/www.buroperiodistico.com.mx\/?p=211039"},"modified":"2026-05-01T16:41:06","modified_gmt":"2026-05-01T21:41:06","slug":"impulsan-gobierno-federal-y-tamaulipas-obras-estrategicas-de-infraestructura-para-2026-2027","status":"publish","type":"post","link":"https:\/\/www.buroperiodistico.com.mx\/?p=211039","title":{"rendered":"Impulsan Gobierno Federal y Tamaulipas obras estrat\u00e9gicas de infraestructura para 2026\u20132027"},"content":{"rendered":"<p><em><strong><img loading=\"lazy\" decoding=\"async\" class=\" wp-image-211045 alignright\" src=\"https:\/\/www.buroperiodistico.com.mx\/wp-content\/uploads\/2026\/05\/SOPinfraestructur.jpeg\" alt=\"\" width=\"460\" height=\"281\" srcset=\"https:\/\/www.buroperiodistico.com.mx\/wp-content\/uploads\/2026\/05\/SOPinfraestructur.jpeg 1024w, https:\/\/www.buroperiodistico.com.mx\/wp-content\/uploads\/2026\/05\/SOPinfraestructur-300x183.jpeg 300w, https:\/\/www.buroperiodistico.com.mx\/wp-content\/uploads\/2026\/05\/SOPinfraestructur-768x469.jpeg 768w\" sizes=\"auto, (max-width: 460px) 100vw, 460px\" \/>Ciudad Victoria, Tamaulipas (1-Mayo-2026).-<\/strong><\/em> El Gobierno Federal, a trav\u00e9s de la Secretar\u00eda de Infraestructura, Comunicaciones y Transportes (SICT) y el Gobierno del Estado de Tamaulipas, encabezado por el gobernador Am\u00e9rico Villarreal Anaya, avanzan en una agenda de proyectos estrat\u00e9gicos que fortalecer\u00e1 la conectividad, el comercio y el desarrollo regional en los pr\u00f3ximos a\u00f1os.<\/p>\n<p>El secretario de Obras P\u00fablicas de Tamaulipas, Pedro Cepeda Anaya, destac\u00f3 los resultados de las gestiones realizadas ante la SICT para concretar proyectos estrat\u00e9gicos que beneficiar\u00e1n a miles de tamaulipecos.<\/p>\n<p>\u201cEstamos trabajando de la mano con la Secretar\u00eda de Infraestructura, Comunicaciones y Transportes para detonar obras que Tamaulipas necesita y que tendr\u00e1n un impacto real en la econom\u00eda y en la vida de las familias tamaulipecas\u201d, se\u00f1al\u00f3 el funcionario.<\/p>\n<p>Entre los acuerdos alcanzados destaca el desdoblamiento de la concesi\u00f3n del Puente Internacional del Comercio &#8211; Nuevo Laredo III, considerado el puente comercial m\u00e1s importante de Am\u00e9rica y el principal punto de cruce de mercanc\u00edas entre M\u00e9xico y Estados Unidos. La concesi\u00f3n de su operaci\u00f3n ser\u00e1 formalizada en mayo de 2026, otorgando al Gobierno de Tamaulipas una extensi\u00f3n de la operaci\u00f3n de este puente, por 30 a\u00f1os adicionales, destac\u00f3 Cepeda Anaya.<\/p>\n<p>En materia de conservaci\u00f3n carretera, la SICT ejecuta actualmente una inversi\u00f3n de 2,000 millones de pesos destinada al mantenimiento y conservaci\u00f3n de carreteras federales en el estado, para la mejora de la seguridad vial, garantizando condiciones \u00f3ptimas para el transporte de personas y mercanc\u00edas.<\/p>\n<p>Respecto al \u201cPuente Magueyes\u201d, ubicado en la carretera que conecta Tamaulipas con Nuevo Le\u00f3n, el secretario Cepeda Anaya reiter\u00f3 el compromiso de la dependencia federal es concluir su construcci\u00f3n mediante el uso de econom\u00edas presupuestales del ejercicio fiscal 2026. \u201cEs una obra que qued\u00f3 inconclusa hace varios a\u00f1os y representa un riesgo para quienes transitan por esa carretera; concluirla es una prioridad\u201d, afirm\u00f3. El Gobierno de Tamaulipas trabaja en paralelo en la adquisici\u00f3n del derecho de v\u00eda pendiente y en la actualizaci\u00f3n de los Estudios de Manifestaci\u00f3n de Impacto Ambiental (MIA) ante la SEMARNAT, para asegurar que la obra cumpla con todos los est\u00e1ndares t\u00e9cnicos y ambientales requeridos.<\/p>\n<p>Por \u00faltimo, dijo, que con estas acciones, el Gobierno Federal y el Gobierno de Tamaulipas reafirman su compromiso con el desarrollo de infraestructura que impulse el crecimiento econ\u00f3mico, la seguridad vial y la integraci\u00f3n regional del noreste mexicano.<\/p>\n<p><img loading=\"lazy\" decoding=\"async\" class=\"aligncenter size-full wp-image-211040\" src=\"https:\/\/www.buroperiodistico.com.mx\/wp-content\/uploads\/2026\/05\/SOPinfraestructur-I.jpeg\" alt=\"\" width=\"640\" height=\"427\" srcset=\"https:\/\/www.buroperiodistico.com.mx\/wp-content\/uploads\/2026\/05\/SOPinfraestructur-I.jpeg 640w, https:\/\/www.buroperiodistico.com.mx\/wp-content\/uploads\/2026\/05\/SOPinfraestructur-I-300x200.jpeg 300w\" sizes=\"auto, (max-width: 640px) 100vw, 640px\" \/> <img loading=\"lazy\" decoding=\"async\" class=\"aligncenter size-full wp-image-211044\" src=\"https:\/\/www.buroperiodistico.com.mx\/wp-content\/uploads\/2026\/05\/SOPinfraestructur-IIIII.jpeg\" alt=\"\" width=\"640\" height=\"480\" srcset=\"https:\/\/www.buroperiodistico.com.mx\/wp-content\/uploads\/2026\/05\/SOPinfraestructur-IIIII.jpeg 640w, https:\/\/www.buroperiodistico.com.mx\/wp-content\/uploads\/2026\/05\/SOPinfraestructur-IIIII-300x225.jpeg 300w\" sizes=\"auto, (max-width: 640px) 100vw, 640px\" \/> <img loading=\"lazy\" decoding=\"async\" class=\"aligncenter size-full wp-image-211043\" src=\"https:\/\/www.buroperiodistico.com.mx\/wp-content\/uploads\/2026\/05\/SOPinfraestructur-IIII.jpeg\" alt=\"\" width=\"640\" height=\"480\" srcset=\"https:\/\/www.buroperiodistico.com.mx\/wp-content\/uploads\/2026\/05\/SOPinfraestructur-IIII.jpeg 640w, https:\/\/www.buroperiodistico.com.mx\/wp-content\/uploads\/2026\/05\/SOPinfraestructur-IIII-300x225.jpeg 300w\" sizes=\"auto, (max-width: 640px) 100vw, 640px\" \/> <img loading=\"lazy\" decoding=\"async\" class=\"aligncenter size-full wp-image-211042\" src=\"https:\/\/www.buroperiodistico.com.mx\/wp-content\/uploads\/2026\/05\/SOPinfraestructur-III.jpeg\" alt=\"\" width=\"640\" height=\"480\" srcset=\"https:\/\/www.buroperiodistico.com.mx\/wp-content\/uploads\/2026\/05\/SOPinfraestructur-III.jpeg 640w, https:\/\/www.buroperiodistico.com.mx\/wp-content\/uploads\/2026\/05\/SOPinfraestructur-III-300x225.jpeg 300w\" sizes=\"auto, (max-width: 640px) 100vw, 640px\" \/> <img loading=\"lazy\" decoding=\"async\" class=\"aligncenter size-full wp-image-211041\" src=\"https:\/\/www.buroperiodistico.com.mx\/wp-content\/uploads\/2026\/05\/SOPinfraestructur-II.jpeg\" alt=\"\" width=\"640\" height=\"480\" srcset=\"https:\/\/www.buroperiodistico.com.mx\/wp-content\/uploads\/2026\/05\/SOPinfraestructur-II.jpeg 640w, https:\/\/www.buroperiodistico.com.mx\/wp-content\/uploads\/2026\/05\/SOPinfraestructur-II-300x225.jpeg 300w\" sizes=\"auto, (max-width: 640px) 100vw, 640px\" \/><\/p>\n","protected":false},"excerpt":{"rendered":"<p>Ciudad Victoria, Tamaulipas (1-Mayo-2026).- El Gobierno Federal, a trav\u00e9s de la Secretar\u00eda de Infraestructura, Comunicaciones&#8230;<\/p>\n","protected":false},"author":1,"featured_media":211045,"comment_status":"closed","ping_status":"closed","sticky":false,"template":"","format":"standard","meta":{"footnotes":"","jetpack_publicize_message":"","jetpack_publicize_feature_enabled":true,"jetpack_social_post_already_shared":true,"jetpack_social_options":{"image_generator_settings":{"template":"highway","default_image_id":0,"font":"","enabled":false},"version":2}},"categories":[25,10],"tags":[],"class_list":["post-211039","post","type-post","status-publish","format-standard","has-post-thumbnail","hentry","category-portada","category-tamaulipas"],"jetpack_publicize_connections":[],"_links":{"self":[{"href":"https:\/\/www.buroperiodistico.com.mx\/index.php?rest_route=\/wp\/v2\/posts\/211039","targetHints":{"allow":["GET"]}}],"collection":[{"href":"https:\/\/www.buroperiodistico.com.mx\/index.php?rest_route=\/wp\/v2\/posts"}],"about":[{"href":"https:\/\/www.buroperiodistico.com.mx\/index.php?rest_route=\/wp\/v2\/types\/post"}],"author":[{"embeddable":true,"href":"https:\/\/www.buroperiodistico.com.mx\/index.php?rest_route=\/wp\/v2\/users\/1"}],"replies":[{"embeddable":true,"href":"https:\/\/www.buroperiodistico.com.mx\/index.php?rest_route=%2Fwp%2Fv2%2Fcomments&post=211039"}],"version-history":[{"count":1,"href":"https:\/\/www.buroperiodistico.com.mx\/index.php?rest_route=\/wp\/v2\/posts\/211039\/revisions"}],"predecessor-version":[{"id":211046,"href":"https:\/\/www.buroperiodistico.com.mx\/index.php?rest_route=\/wp\/v2\/posts\/211039\/revisions\/211046"}],"wp:featuredmedia":[{"embeddable":true,"href":"https:\/\/www.buroperiodistico.com.mx\/index.php?rest_route=\/wp\/v2\/media\/211045"}],"wp:attachment":[{"href":"https:\/\/www.buroperiodistico.com.mx\/index.php?rest_route=%2Fwp%2Fv2%2Fmedia&parent=211039"}],"wp:term":[{"taxonomy":"category","embeddable":true,"href":"https:\/\/www.buroperiodistico.com.mx\/index.php?rest_route=%2Fwp%2Fv2%2Fcategories&post=211039"},{"taxonomy":"post_tag","embeddable":true,"href":"https:\/\/www.buroperiodistico.com.mx\/index.php?rest_route=%2Fwp%2Fv2%2Ftags&post=211039"}],"curies":[{"name":"wp","href":"https:\/\/api.w.org\/{rel}","templated":true}]}}