{"id":211033,"date":"2026-05-01T16:34:43","date_gmt":"2026-05-01T21:34:43","guid":{"rendered":"https:\/\/www.buroperiodistico.com.mx\/?p=211033"},"modified":"2026-05-01T16:34:43","modified_gmt":"2026-05-01T21:34:43","slug":"tamaulipas-echa-toda-la-carne-al-asador-en-el-festival-del-taco","status":"publish","type":"post","link":"https:\/\/www.buroperiodistico.com.mx\/?p=211033","title":{"rendered":"Tamaulipas echa toda la carne al asador en el Festival del Taco"},"content":{"rendered":"<ul>\n<li><strong><em>Una muestra de la gastronom\u00eda que deleita el paladar en esta regi\u00f3n del norte, con lo que Tamaulipas seguro te enamora<\/em><\/strong><\/li>\n<\/ul>\n<p><strong><img loading=\"lazy\" decoding=\"async\" class=\" wp-image-211037 alignright\" src=\"https:\/\/www.buroperiodistico.com.mx\/wp-content\/uploads\/2026\/05\/STUTaco.jpeg\" alt=\"\" width=\"578\" height=\"347\" srcset=\"https:\/\/www.buroperiodistico.com.mx\/wp-content\/uploads\/2026\/05\/STUTaco.jpeg 1024w, https:\/\/www.buroperiodistico.com.mx\/wp-content\/uploads\/2026\/05\/STUTaco-300x180.jpeg 300w, https:\/\/www.buroperiodistico.com.mx\/wp-content\/uploads\/2026\/05\/STUTaco-768x461.jpeg 768w\" sizes=\"auto, (max-width: 578px) 100vw, 578px\" \/>Taxco, Guerrero (1-Mayo-2026).-<\/strong> En el selecto ranking de los tacos m\u00e1s representativos de M\u00e9xico, junto a grandes cl\u00e1sicos como los de carnitas, barbacoa, pastor y suadero, los tacos de carne asada de Tamaulipas han irrumpido con fuerza y ya se consolidan como uno de los m\u00e1s solicitados y aclamados del Festival del Taco 2026.<\/p>\n<p>Benjam\u00edn Hern\u00e1ndez Rodr\u00edguez, secretario de Turismo de Tamaulipas, se\u00f1al\u00f3 que los tacos del stand del estado est\u00e1n rompiendo r\u00e9cords de preferencia y conquistando paladares de todo el pa\u00eds gracias a su sabor inigualable y su aut\u00e9ntica esencia norte\u00f1a.<\/p>\n<p>La Secretar\u00eda de Turismo de Tamaulipas participa en el Festival del Taco 2026, que se lleva a cabo del 30 de abril al 2 de mayo en la emblem\u00e1tica Plaza Borda de Taxco, Guerrero. El evento, organizado bajo la iniciativa \u00ab32 sabores, 32 estados\u00bb, re\u00fane lo mejor de la gastronom\u00eda de cada entidad del pa\u00eds en una gran celebraci\u00f3n de la identidad mexicana.<\/p>\n<p>\u00abEn esta importante vitrina de la cultura y la cocina nacional, Tamaulipas presenta con orgullo sus tacos de carne asada, uno de los m\u00e1ximos exponentes del sabor tamaulipeco\u00bb, destac\u00f3 el funcionario.<\/p>\n<p>\u00abAqu\u00ed pueden probar el sabor aut\u00e9ntico de Tamaulipas, pero les aseguramos que la experiencia completa con toda su autenticidad, aroma y sabor pleno, solo la vivir\u00e1n cuando nos visiten en el estado\u00bb, agreg\u00f3.<\/p>\n<p>El secretario de Turismo enfatiz\u00f3 la importancia de este tipo de festivales nacionales, que permiten visibilizar la riqueza gastron\u00f3mica de M\u00e9xico y promocionar los grandes destinos que ofrece un estado que lo tiene todo: Tamaulipas.<\/p>\n<p><img loading=\"lazy\" decoding=\"async\" class=\"aligncenter size-full wp-image-211034\" src=\"https:\/\/www.buroperiodistico.com.mx\/wp-content\/uploads\/2026\/05\/STUTaco-I.jpeg\" alt=\"\" width=\"640\" height=\"360\" srcset=\"https:\/\/www.buroperiodistico.com.mx\/wp-content\/uploads\/2026\/05\/STUTaco-I.jpeg 640w, https:\/\/www.buroperiodistico.com.mx\/wp-content\/uploads\/2026\/05\/STUTaco-I-300x169.jpeg 300w\" sizes=\"auto, (max-width: 640px) 100vw, 640px\" \/> <img loading=\"lazy\" decoding=\"async\" class=\"aligncenter size-full wp-image-211036\" src=\"https:\/\/www.buroperiodistico.com.mx\/wp-content\/uploads\/2026\/05\/STUTaco-III.jpeg\" alt=\"\" width=\"640\" height=\"360\" srcset=\"https:\/\/www.buroperiodistico.com.mx\/wp-content\/uploads\/2026\/05\/STUTaco-III.jpeg 640w, https:\/\/www.buroperiodistico.com.mx\/wp-content\/uploads\/2026\/05\/STUTaco-III-300x169.jpeg 300w\" sizes=\"auto, (max-width: 640px) 100vw, 640px\" \/> <img loading=\"lazy\" decoding=\"async\" class=\"aligncenter size-full wp-image-211035\" src=\"https:\/\/www.buroperiodistico.com.mx\/wp-content\/uploads\/2026\/05\/STUTaco-II.jpeg\" alt=\"\" width=\"640\" height=\"360\" srcset=\"https:\/\/www.buroperiodistico.com.mx\/wp-content\/uploads\/2026\/05\/STUTaco-II.jpeg 640w, https:\/\/www.buroperiodistico.com.mx\/wp-content\/uploads\/2026\/05\/STUTaco-II-300x169.jpeg 300w\" sizes=\"auto, (max-width: 640px) 100vw, 640px\" \/><\/p>\n","protected":false},"excerpt":{"rendered":"<p>Una muestra de la gastronom\u00eda que deleita el paladar en esta regi\u00f3n del norte, con&#8230;<\/p>\n","protected":false},"author":1,"featured_media":211037,"comment_status":"closed","ping_status":"closed","sticky":false,"template":"","format":"standard","meta":{"footnotes":"","jetpack_publicize_message":"","jetpack_publicize_feature_enabled":true,"jetpack_social_post_already_shared":true,"jetpack_social_options":{"image_generator_settings":{"template":"highway","default_image_id":0,"font":"","enabled":false},"version":2}},"categories":[10],"tags":[],"class_list":["post-211033","post","type-post","status-publish","format-standard","has-post-thumbnail","hentry","category-tamaulipas"],"jetpack_publicize_connections":[],"_links":{"self":[{"href":"https:\/\/www.buroperiodistico.com.mx\/index.php?rest_route=\/wp\/v2\/posts\/211033","targetHints":{"allow":["GET"]}}],"collection":[{"href":"https:\/\/www.buroperiodistico.com.mx\/index.php?rest_route=\/wp\/v2\/posts"}],"about":[{"href":"https:\/\/www.buroperiodistico.com.mx\/index.php?rest_route=\/wp\/v2\/types\/post"}],"author":[{"embeddable":true,"href":"https:\/\/www.buroperiodistico.com.mx\/index.php?rest_route=\/wp\/v2\/users\/1"}],"replies":[{"embeddable":true,"href":"https:\/\/www.buroperiodistico.com.mx\/index.php?rest_route=%2Fwp%2Fv2%2Fcomments&post=211033"}],"version-history":[{"count":1,"href":"https:\/\/www.buroperiodistico.com.mx\/index.php?rest_route=\/wp\/v2\/posts\/211033\/revisions"}],"predecessor-version":[{"id":211038,"href":"https:\/\/www.buroperiodistico.com.mx\/index.php?rest_route=\/wp\/v2\/posts\/211033\/revisions\/211038"}],"wp:featuredmedia":[{"embeddable":true,"href":"https:\/\/www.buroperiodistico.com.mx\/index.php?rest_route=\/wp\/v2\/media\/211037"}],"wp:attachment":[{"href":"https:\/\/www.buroperiodistico.com.mx\/index.php?rest_route=%2Fwp%2Fv2%2Fmedia&parent=211033"}],"wp:term":[{"taxonomy":"category","embeddable":true,"href":"https:\/\/www.buroperiodistico.com.mx\/index.php?rest_route=%2Fwp%2Fv2%2Fcategories&post=211033"},{"taxonomy":"post_tag","embeddable":true,"href":"https:\/\/www.buroperiodistico.com.mx\/index.php?rest_route=%2Fwp%2Fv2%2Ftags&post=211033"}],"curies":[{"name":"wp","href":"https:\/\/api.w.org\/{rel}","templated":true}]}}