{"id":211031,"date":"2026-05-01T16:26:23","date_gmt":"2026-05-01T21:26:23","guid":{"rendered":"https:\/\/www.buroperiodistico.com.mx\/?p=211031"},"modified":"2026-05-01T16:26:23","modified_gmt":"2026-05-01T21:26:23","slug":"hipodromo-politico-por-carlos-g-cortes-garcia-269","status":"publish","type":"post","link":"https:\/\/www.buroperiodistico.com.mx\/?p=211031","title":{"rendered":"Hip\u00f3dromo Pol\u00edtico\/ Por Carlos G. Cort\u00e9s Garc\u00eda"},"content":{"rendered":"<p style=\"text-align: center;\"><em><strong>RECTOR CONSOLIDA A LA UAT COMO UNA GRAN INSTITUCI\u00d3N EDUCATIVA Y CON FUTURO<\/strong><\/em><\/p>\n<ul>\n<li><strong><em>Sin duda alguna, la Universidad Aut\u00f3noma de Tamaulipas, bajo la administraci\u00f3n del Rector D\u00e1maso Anaya Alvarado, es una de las m\u00e1s importantes instituciones de educaci\u00f3n superior del noreste del pa\u00eds, gracias a un plan de acci\u00f3n que ha logrado muy buenos resultados que impactan a la comunidad educativa. Y as\u00ed qued\u00f3 de manifiesto durante la lectura de su Segundo Informe Rectoral, en donde el MVZ D\u00e1maso Anaya Alvarado, rector de nuestra querida UAT, dej\u00f3 en claro cuales eran los retos de la Universidad y cu\u00e1les fueron las respuestas a esos retos. Por cierto, en el Informe, le acompa\u00f1\u00f3 el Gobernador de Tamaulipas, Am\u00e9rico Villarreal Anaya, como testigo de honor.<\/em><\/strong><\/li>\n<\/ul>\n<p><em><strong>(1-Mayo-2026).-<\/strong><\/em> En tiempos donde las universidades p\u00fablicas enfrentan enormes desaf\u00edos presupuestales, exigencias de calidad acad\u00e9mica y una creciente demanda social, el Segundo Informe Rectoral de D\u00e1maso Anaya Alvarado confirma que, la Universidad Aut\u00f3noma de Tamaulipas, atraviesa una etapa de estabilidad, crecimiento y reposicionamiento estrat\u00e9gico.<\/p>\n<p>Lejos de la narrativa burocr\u00e1tica de otros tiempos, el Segundo Informe del Rector present\u00f3 una universidad din\u00e1mica, con avances medibles y una visi\u00f3n clara de transformaci\u00f3n institucional. Y es que en apenas dos a\u00f1os, la UAT ha consolidado una ruta enfocada en fortalecer su oferta educativa, ampliar su cobertura, impulsar infraestructura y recuperar su protagonismo como motor de desarrollo regional, de la mano del rector D\u00e1maso Anaya Alvarado.<\/p>\n<p>Uno de los principales indicadores del avance de la UAT es el crecimiento en matr\u00edcula, reflejo directo de una mayor confianza social hacia la instituci\u00f3n. Miles de j\u00f3venes tamaulipecos siguen viendo en la UAT la principal v\u00eda de movilidad social, profesionalizaci\u00f3n y desarrollo personal. Y esto no es menor en un contexto nacional donde muchas universidades compiten por retener y atraer estudiantes.<\/p>\n<p>Tambi\u00e9n, la expansi\u00f3n y modernizaci\u00f3n de la infraestructura educativa tambi\u00e9n destaca como uno de los sellos de esta administraci\u00f3n. Nuevos espacios acad\u00e9micos, rehabilitaci\u00f3n de instalaciones, laboratorios, equipamiento tecnol\u00f3gico y mejoras en campus universitarios evidencian una apuesta tangible por elevar las condiciones de aprendizaje y competitividad.<\/p>\n<p>En el \u00e1mbito acad\u00e9mico, la universidad mantiene su apuesta por calidad y pertinencia: programas acreditados, fortalecimiento docente, movilidad estudiantil, investigaci\u00f3n y vinculaci\u00f3n con sectores productivos, muestran una instituci\u00f3n que busca alinearse a las nuevas exigencias del mercado laboral y del desarrollo cient\u00edfico.<\/p>\n<p>Pero quiz\u00e1 uno de los mayores activos pol\u00edticos del rectorado de D\u00e1maso Anaya es haber constru\u00eddo la estabilidad institucional. La universidad parece haber dejado atr\u00e1s etapas de confrontaci\u00f3n interna para enfocarse en la gobernabilidad, cohesi\u00f3n y trabajo coordinado, condici\u00f3n que resulta indispensable para cualquier proyecto serio de largo plazo.<\/p>\n<p>Y con base en ello, es claro que no puede analizarse este segundo informe sin entender el contexto pol\u00edtico de Tamaulipas. La UAT ha logrado mantener una relaci\u00f3n institucional madura con el gobierno estatal encabezado por Am\u00e9rico Villarreal Anaya, generando condiciones favorables para impulsar proyectos conjuntos en educaci\u00f3n, salud, investigaci\u00f3n y desarrollo social.<\/p>\n<p>Y es que la universidad p\u00fablica no solo forma profesionales, sino que tambi\u00e9n produce ciudadan\u00eda, pensamiento cr\u00edtico y capital humano para transformar territorios. Y bajo esa l\u00f3gica, el mensaje del Segundo Informe del Rector Anaya Alvarado es claro: la UAT quiere volver a ser referente nacional y actor central en el desarrollo de Tamaulipas.<\/p>\n<p>Es innegable, pues, que a dos a\u00f1os de gesti\u00f3n, D\u00e1maso Anaya Alvarado presenta resultados, pero sobre todo posiciona narrativa: una universidad m\u00e1s cercana, moderna, ordenada y con ambici\u00f3n de futuro.<\/p>\n<p>El reto hacia adelante, entonces, ser\u00e1 sostener el ritmo, profundizar la calidad acad\u00e9mica y traducir el crecimiento en mayor impacto social. Por ahora, pues, el balance del segundo informe es favorable: la UAT avanza y parece haber encontrado su rumbo hacia el futuro.<\/p>\n<p>Y un dato por dem\u00e1s relevante que cerr\u00f3 con broche de oro la rendici\u00f3n de su Segundo Informe Rectoral de D\u00e1maso Anaya Alvarado: tuvo como testigo de honor la presencia del Gobernador de Tamaulipas, Am\u00e9rico Villarreal Anaya, quien dio certeza de cada uno de los resultados presentados por el titular de la administraci\u00f3n rectoral. Villarreal Anaya asegur\u00f3 que \u201cla UAT es estrat\u00e9gica para el desarrollo del estado. Y la visi\u00f3n impulsada, desde su Plan de Desarrollo Institucional, ha permitido fortalecer la misi\u00f3n universitaria en rubros como cobertura, calidad educativa, investigaci\u00f3n, vinculaci\u00f3n y responsabilidad social, reflejados -afirm\u00f3- en este informe de logros y resultados\u201d.<\/p>\n<p>Asimismo, el mandatario tamaulipeco destac\u00f3 la estrecha colaboraci\u00f3n entre el Gobierno del Estado y la UAT, se\u00f1alando que esta relaci\u00f3n ha permitido impulsar iniciativas de impacto regional en el desarrollo industrial y energ\u00e9tico, as\u00ed como en sustentabilidad y cohesi\u00f3n social, con reconocimiento incluso desde el \u00e1mbito nacional, en referencia al reciente reconocimiento expresado por la presidenta Claudia Sheinbaum Pardo a las aportaciones de la Universidad Aut\u00f3noma de Tamaulipas, en ciencia e innovaci\u00f3n, reconociendo a la m\u00e1xima casa de estudios como aliada fundamental en la transformaci\u00f3n de Tamaulipas.<\/p>\n<p>El gobernador Villarreal Anaya concluy\u00f3 su mensaje en la rendici\u00f3n de cuentas del Rector de la UAT, d\u00e1maso Anaya Alvarado, exhortando a la comunidad universitaria a mantener el rumbo de la transformaci\u00f3n institucional, reconociendo a docentes, estudiantes y a las autoridades por consolidar una Universidad con sentido humanista, vocaci\u00f3n cient\u00edfica y compromiso con el futuro de Tamaulipas.<\/p>\n<p>Es importante destacar que la Universidad Aut\u00f3noma de Tamaulipas, tiene una matr\u00edcula superior a los 43 mil estudiantes, entre bachillerato, licenciatura y posgrado, con presencia en 26 municipios de Tamaulipas, y la integran 27 dependencias acad\u00e9micas entre facultades, unidades acad\u00e9micas y escuelas.<\/p>\n<p>La UAT ofrece m\u00e1s de 90 programas de licenciatura, m\u00e1s de 70 programas de posgrado entre especialidades, maestr\u00edas y doctorados y su oferta educativa se da en modalidades presencial, h\u00edbrida y en l\u00ednea. Y los programas est\u00e1n orientados a \u00e1reas estrat\u00e9gicas: salud, ingenier\u00eda, comercio exterior, energ\u00eda, ciencias sociales, educaci\u00f3n y agroindustria. Y un alto porcentaje de la matr\u00edcula inscrita en programas evaluados o acreditados por organismos externos, como el Consejo para la Acreditaci\u00f3n de la Educaci\u00f3n Superior (COPAES) y comit\u00e9s interinstitucionales. Adem\u00e1s, ha habido un importante crecimiento en certificaciones de calidad institucional y mejora continua.<\/p>\n<p>Es importante destacar que la plantilla de maestros se compone por m\u00e1s de 3 mil docentes, y un importante porcentaje de ellos cuentan con estudios de maestr\u00eda y doctorado. Asimismo, un importante porcentaje de los profesores de la UAT pertenecen al sistema nacional de investigaci\u00f3n y cuerpos acad\u00e9micos consolidados, los cuales se encargan de la producci\u00f3n anual de art\u00edculos cient\u00edficos, cap\u00edtulos de libro y proyectos de investigaci\u00f3n aplicada.<\/p>\n<p>En cuanto a la infraestructura, en la administraci\u00f3n rectoral de D\u00e1maso Anaya Alvarado se han aplicado importantes inversiones en rehabilitaci\u00f3n de aulas, laboratorios, bibliotecas, conectividad y espacios deportivos. Y as\u00ed tambi\u00e9n se ha fortalecido la infraestructura cl\u00ednica y hospitalaria para \u00e1reas de salud.<\/p>\n<p>Asimismo, se han establecido convenios con empresas, c\u00e1maras empresariales, organismos p\u00fablicos y universidades nacionales e internacionales, lo que ha fortalecido la<\/p>\n<p>Tambi\u00e9n, se trabaja en el fortalecimiento de los programas de movilidad acad\u00e9mica nacional e internacional. Y se ofrece una bolsa de trabajo, de pr\u00e1cticas profesionales y de servicio social para miles de estudiantes.<\/p>\n<p>En resumen, hablar de la Universidad Aut\u00f3noma de Tamaulipas, es hablar de la principal instituci\u00f3n p\u00fablica de educaci\u00f3n superior en Tamaulipas y en el noreste de M\u00e9xico, que hoy tiene sus cinco sentidos puestos en el futuro.<\/p>\n<p>PD. 1. Durante la Conferencia Ma\u00f1anera de este viernes primero de mayo, l\u00edderes de diversos sindicatos expresaron su respaldo a la presidenta Claudia Sheinbaum Pardo y llamaron a la unidad nacional en la defensa de la soberan\u00eda.<\/p>\n<p>Ah\u00ed, Tereso Medina Ram\u00edrez, secretario general de la Confederaci\u00f3n de Trabajadores de M\u00e9xico, afirm\u00f3 que ni la soberan\u00eda nacional ni la dignidad est\u00e1n en negociaci\u00f3n.<\/p>\n<p>La Ma\u00f1anera de este viernes se llev\u00f3 a cabo en las instalaciones del Centro Cultural del M\u00e9xico Contempor\u00e1neo, y ah\u00ed el l\u00edder de la CTM afirm\u00f3 que a partir de la llamada Cuarta Transformaci\u00f3n, los trabajadores se han beneficiado con la protecci\u00f3n de sus derechos laborales, destacando que bajo el gobierno de la presidenta Claudia Sheinbaum se logr\u00f3 la reducci\u00f3n de las comisiones de las afores, el mejoramiento de las pensiones, as\u00ed como la aprobaci\u00f3n de la reforma de las 40 horas de trabajo.<\/p>\n<p>Asimismo, Mar\u00eda de Jes\u00fas Rodr\u00edguez V\u00e1zquez, secretaria general de la Confederaci\u00f3n Aut\u00e9ntica de Trabajadores de la Rep\u00fablica Mexicana, manifest\u00f3 su respaldo al gobierno federal al destacar el derecho a la autodeterminaci\u00f3n de las naciones.<\/p>\n<p>Por su parte, el l\u00edder minero, Napole\u00f3n G\u00f3mez Urrutia, advirti\u00f3 que M\u00e9xico enfrenta desaf\u00edos tanto internos como externos, pero subray\u00f3 que la fortaleza del pa\u00eds radica en la unidad de sus trabajadores y resalt\u00f3 que, a diferencia de otros sectores, la clase trabajadora permanece firme en los momentos m\u00e1s dif\u00edciles, defendiendo incluso la soberan\u00eda nacional, enfatizando que no puede existir un proyecto nacional s\u00f3lido sin el respaldo de los trabajadores organizados.<\/p>\n<p>Y el secretario general del Sindicato Nacional de Trabajadores de la Educaci\u00f3n, Alfonso Cepeda Salas, subray\u00f3 que la lucha por los derechos laborales sigue vigente y que su fortalecimiento es clave para consolidar la soberan\u00eda nacional.<\/p>\n<p>Gracias por recibirnos. Sus comentarios son bien recibidos en nuestro correo electr\u00f3nico hipodromo.politico@gmail.com. Y tambi\u00e9n estamos en Twitter @MXCarlosCortes.<\/p>\n","protected":false},"excerpt":{"rendered":"<p>RECTOR CONSOLIDA A LA UAT COMO UNA GRAN INSTITUCI\u00d3N EDUCATIVA Y CON FUTURO Sin duda&#8230;<\/p>\n","protected":false},"author":1,"featured_media":149900,"comment_status":"closed","ping_status":"closed","sticky":false,"template":"","format":"standard","meta":{"footnotes":"","jetpack_publicize_message":"","jetpack_publicize_feature_enabled":true,"jetpack_social_post_already_shared":true,"jetpack_social_options":{"image_generator_settings":{"template":"highway","default_image_id":0,"font":"","enabled":false},"version":2}},"categories":[23],"tags":[],"class_list":["post-211031","post","type-post","status-publish","format-standard","has-post-thumbnail","hentry","category-columnas"],"jetpack_publicize_connections":[],"_links":{"self":[{"href":"https:\/\/www.buroperiodistico.com.mx\/index.php?rest_route=\/wp\/v2\/posts\/211031","targetHints":{"allow":["GET"]}}],"collection":[{"href":"https:\/\/www.buroperiodistico.com.mx\/index.php?rest_route=\/wp\/v2\/posts"}],"about":[{"href":"https:\/\/www.buroperiodistico.com.mx\/index.php?rest_route=\/wp\/v2\/types\/post"}],"author":[{"embeddable":true,"href":"https:\/\/www.buroperiodistico.com.mx\/index.php?rest_route=\/wp\/v2\/users\/1"}],"replies":[{"embeddable":true,"href":"https:\/\/www.buroperiodistico.com.mx\/index.php?rest_route=%2Fwp%2Fv2%2Fcomments&post=211031"}],"version-history":[{"count":1,"href":"https:\/\/www.buroperiodistico.com.mx\/index.php?rest_route=\/wp\/v2\/posts\/211031\/revisions"}],"predecessor-version":[{"id":211032,"href":"https:\/\/www.buroperiodistico.com.mx\/index.php?rest_route=\/wp\/v2\/posts\/211031\/revisions\/211032"}],"wp:featuredmedia":[{"embeddable":true,"href":"https:\/\/www.buroperiodistico.com.mx\/index.php?rest_route=\/wp\/v2\/media\/149900"}],"wp:attachment":[{"href":"https:\/\/www.buroperiodistico.com.mx\/index.php?rest_route=%2Fwp%2Fv2%2Fmedia&parent=211031"}],"wp:term":[{"taxonomy":"category","embeddable":true,"href":"https:\/\/www.buroperiodistico.com.mx\/index.php?rest_route=%2Fwp%2Fv2%2Fcategories&post=211031"},{"taxonomy":"post_tag","embeddable":true,"href":"https:\/\/www.buroperiodistico.com.mx\/index.php?rest_route=%2Fwp%2Fv2%2Ftags&post=211031"}],"curies":[{"name":"wp","href":"https:\/\/api.w.org\/{rel}","templated":true}]}}