{"id":211024,"date":"2026-05-01T14:25:32","date_gmt":"2026-05-01T19:25:32","guid":{"rendered":"https:\/\/www.buroperiodistico.com.mx\/?p=211024"},"modified":"2026-05-01T14:25:43","modified_gmt":"2026-05-01T19:25:43","slug":"reconocen-notarios-avances-del-registro-publico-de-reynosa","status":"publish","type":"post","link":"https:\/\/www.buroperiodistico.com.mx\/?p=211024","title":{"rendered":"Reconocen Notarios avances del Registro P\u00fablico de Reynosa"},"content":{"rendered":"<p><em><strong>Agencia ANTAM. <\/strong><\/em><br \/>\n<em><strong><img loading=\"lazy\" decoding=\"async\" class=\" wp-image-211025 alignright\" src=\"https:\/\/www.buroperiodistico.com.mx\/wp-content\/uploads\/2026\/05\/Dix.jpeg\" alt=\"\" width=\"474\" height=\"316\" srcset=\"https:\/\/www.buroperiodistico.com.mx\/wp-content\/uploads\/2026\/05\/Dix.jpeg 1024w, https:\/\/www.buroperiodistico.com.mx\/wp-content\/uploads\/2026\/05\/Dix-300x200.jpeg 300w, https:\/\/www.buroperiodistico.com.mx\/wp-content\/uploads\/2026\/05\/Dix-768x512.jpeg 768w\" sizes=\"auto, (max-width: 474px) 100vw, 474px\" \/>Reynosa, Tamaulipas (1-Mayo-2026).-<\/strong><\/em> El Registro P\u00fablico de la Propiedad en Reynosa registr\u00f3 un incremento en su actividad operativa durante el periodo de febrero a abril de 2026, de acuerdo con informaci\u00f3n dada a conocer por el Colegio de Notarios del Estado de Tamaulipas.<\/p>\n<p>En ese lapso, se atendieron un total de 14,501 documentos, cifra que refleja el volumen de trabajo gestionado por la dependencia. Seg\u00fan el organismo notarial, estos resultados est\u00e1n asociados a ajustes en los procesos internos y a una mejora en los tiempos de respuesta hacia usuarios y fedatarios.<\/p>\n<p>El Colegio de Notarios se\u00f1al\u00f3 que estos avances inciden en el funcionamiento del sistema registral, particularmente en lo relacionado con la seguridad jur\u00eddica en operaciones inmobiliarias y patrimoniales en la regi\u00f3n.<\/p>\n<p>El Presidente del Colegio de Notarios de Reynosa, C\u00e9sar Amilcar L\u00f3pez Gonz\u00e1lez, reconoci\u00f3 la disposici\u00f3n de mantener coordinaci\u00f3n con las autoridades registrales, con el objetivo de dar continuidad a las mejoras en el servicio y su impacto en la atenci\u00f3n a la ciudadan\u00eda.<\/p>\n<p>Asimismo, el organismo hizo referencia a la gesti\u00f3n administrativa en la oficina local del Registro P\u00fablico, a cargo de Magali Marroqu\u00edn Mendoza, as\u00ed como a la coordinaci\u00f3n general encabezada por el Director General, Armando De La Cruz Alc\u00e1ntar, en el contexto de las acciones implementadas para agilizar tr\u00e1mites y reducir rezagos.<\/p>\n<p>L\u00f3pez Gonz\u00e1lez tambi\u00e9n indic\u00f3 que, ante el crecimiento en la demanda de servicios registrales, persiste la necesidad de fortalecer la capacidad operativa, mediante la incorporaci\u00f3n de personal y la actualizaci\u00f3n de herramientas tecnol\u00f3gicas.<\/p>\n","protected":false},"excerpt":{"rendered":"<p>Agencia ANTAM. Reynosa, Tamaulipas (1-Mayo-2026).- El Registro P\u00fablico de la Propiedad en Reynosa registr\u00f3 un&#8230;<\/p>\n","protected":false},"author":1,"featured_media":211025,"comment_status":"closed","ping_status":"closed","sticky":false,"template":"","format":"standard","meta":{"footnotes":"","jetpack_publicize_message":"","jetpack_publicize_feature_enabled":true,"jetpack_social_post_already_shared":true,"jetpack_social_options":{"image_generator_settings":{"template":"highway","default_image_id":0,"font":"","enabled":false},"version":2}},"categories":[9],"tags":[],"class_list":["post-211024","post","type-post","status-publish","format-standard","has-post-thumbnail","hentry","category-reynosa"],"jetpack_publicize_connections":[],"_links":{"self":[{"href":"https:\/\/www.buroperiodistico.com.mx\/index.php?rest_route=\/wp\/v2\/posts\/211024","targetHints":{"allow":["GET"]}}],"collection":[{"href":"https:\/\/www.buroperiodistico.com.mx\/index.php?rest_route=\/wp\/v2\/posts"}],"about":[{"href":"https:\/\/www.buroperiodistico.com.mx\/index.php?rest_route=\/wp\/v2\/types\/post"}],"author":[{"embeddable":true,"href":"https:\/\/www.buroperiodistico.com.mx\/index.php?rest_route=\/wp\/v2\/users\/1"}],"replies":[{"embeddable":true,"href":"https:\/\/www.buroperiodistico.com.mx\/index.php?rest_route=%2Fwp%2Fv2%2Fcomments&post=211024"}],"version-history":[{"count":2,"href":"https:\/\/www.buroperiodistico.com.mx\/index.php?rest_route=\/wp\/v2\/posts\/211024\/revisions"}],"predecessor-version":[{"id":211027,"href":"https:\/\/www.buroperiodistico.com.mx\/index.php?rest_route=\/wp\/v2\/posts\/211024\/revisions\/211027"}],"wp:featuredmedia":[{"embeddable":true,"href":"https:\/\/www.buroperiodistico.com.mx\/index.php?rest_route=\/wp\/v2\/media\/211025"}],"wp:attachment":[{"href":"https:\/\/www.buroperiodistico.com.mx\/index.php?rest_route=%2Fwp%2Fv2%2Fmedia&parent=211024"}],"wp:term":[{"taxonomy":"category","embeddable":true,"href":"https:\/\/www.buroperiodistico.com.mx\/index.php?rest_route=%2Fwp%2Fv2%2Fcategories&post=211024"},{"taxonomy":"post_tag","embeddable":true,"href":"https:\/\/www.buroperiodistico.com.mx\/index.php?rest_route=%2Fwp%2Fv2%2Ftags&post=211024"}],"curies":[{"name":"wp","href":"https:\/\/api.w.org\/{rel}","templated":true}]}}