{"id":211013,"date":"2026-05-01T14:23:28","date_gmt":"2026-05-01T19:23:28","guid":{"rendered":"https:\/\/www.buroperiodistico.com.mx\/?p=211013"},"modified":"2026-05-01T14:26:50","modified_gmt":"2026-05-01T19:26:50","slug":"participo-el-alcalde-carlos-pena-ortiz-al-lider-de-la-ftr-en-el-desfile-conmemorativo-del-dia-del-trabajo","status":"publish","type":"post","link":"https:\/\/www.buroperiodistico.com.mx\/?p=211013","title":{"rendered":"Particip\u00f3 el Alcalde Carlos Pe\u00f1a Ortiz junto al l\u00edder de la FTR, Reynaldo Garza Elizondo, en el Desfile Conmemorativo del D\u00eda del Trabajo"},"content":{"rendered":"<ul>\n<li><strong><em>M\u00e1s de 100 contingentes con 20 Mil trabajadores participaron en la marcha obrera.<\/em><\/strong><\/li>\n<\/ul>\n<p><strong><img loading=\"lazy\" decoding=\"async\" class=\" wp-image-211022 alignright\" src=\"https:\/\/www.buroperiodistico.com.mx\/wp-content\/uploads\/2026\/05\/Partixix.jpeg\" alt=\"\" width=\"483\" height=\"308\" srcset=\"https:\/\/www.buroperiodistico.com.mx\/wp-content\/uploads\/2026\/05\/Partixix.jpeg 1024w, https:\/\/www.buroperiodistico.com.mx\/wp-content\/uploads\/2026\/05\/Partixix-300x191.jpeg 300w, https:\/\/www.buroperiodistico.com.mx\/wp-content\/uploads\/2026\/05\/Partixix-768x490.jpeg 768w\" sizes=\"auto, (max-width: 483px) 100vw, 483px\" \/>Reynosa, Tam (1-Mayo-2026).-<\/strong> El Presidente Municipal de Reynosa Carlos Pe\u00f1a Ortiz, acompa\u00f1\u00f3 este jueves 1 de mayo al Secretario General de la Federaci\u00f3n de Trabajadores de Reynosa, FTR, Reynaldo Garza Elizondo, en el Desfile Conmemorativo del D\u00eda del Trabajo 2026, en el que desfilaron 20 mil trabajadores en 102 contingentes, junto con la Senadora Maki Esther Ortiz Dom\u00ednguez, y C\u00e9sar Nacianceno L\u00f3pez, representante del Gobernador del Estado, la comitiva de la FTR y l\u00edderes de c\u00e1maras, asociaciones y sindicatos, para escuchar las demandas de la clase trabajadora que mueve a Reynosa y contribuye a la econom\u00eda y crecimiento de M\u00e9xico.<\/p>\n<p>El evento inici\u00f3 con la participaci\u00f3n de la Banda de Marcha del Instituto Reynosense para la Cultura y las Artes, que encabez\u00f3 el contingente obrero por c\u00e9ntricas calles de la ciudad y continuaron desfilando gremios sindicales de embotelladores, maquiladoras, alba\u00f1iles, taxistas y muchos m\u00e1s.<\/p>\n<p>La conmemoraci\u00f3n de el D\u00eda del Trabajo tiene su origen en los M\u00e1rtires de Chicago de 1886, cuando obreros estadounidenses iniciaron una huelga el 1 de mayo para exigir la jornada laboral de 8 horas. En M\u00e9xico, la conmemoraci\u00f3n se realiz\u00f3 por primera vez en 1913, y se estableci\u00f3 oficialmente en 1923; decretada d\u00eda de descanso obligatorio en 1925, detalles que en su discurso resalt\u00f3 Alfredo \u00c1vila Montalvo Secretario General del STIRT en Reynosa.<\/p>\n<p>El Presidente Municipal y el l\u00edder de la FTR compartieron pres\u00eddium con Jos\u00e9 Luis Aranza Aguilar, Delegado del IMSS; Roberto Avil\u00e9s Arizpe, Presidente de CMIC Reynosa; Gildardo L\u00f3pez Hinojosa, Presidente de CANACO Reynosa; Antonio de Le\u00f3n Villarreal, Secretario del Ayuntamiento; Felipe de Jes\u00fas Chiw Vega, Gerente General de COMAPA; Eduardo L\u00f3pez Arias, Secretario de Obras P\u00fablicas; Antonio Ch\u00e1vez Herrera, Secretario de Servicios P\u00fablicos y Mario Soria Stamatio, Secretario de Seguridad P\u00fablica Municipal.<\/p>\n<p>#ReynosaImparable<br \/>\n#GobiernoMunicipalDeReynosa<\/p>\n<p><img loading=\"lazy\" decoding=\"async\" class=\"aligncenter size-full wp-image-211014\" src=\"https:\/\/www.buroperiodistico.com.mx\/wp-content\/uploads\/2026\/05\/Partixix-I.jpeg\" alt=\"\" width=\"640\" height=\"427\" srcset=\"https:\/\/www.buroperiodistico.com.mx\/wp-content\/uploads\/2026\/05\/Partixix-I.jpeg 640w, https:\/\/www.buroperiodistico.com.mx\/wp-content\/uploads\/2026\/05\/Partixix-I-300x200.jpeg 300w\" sizes=\"auto, (max-width: 640px) 100vw, 640px\" \/> <img loading=\"lazy\" decoding=\"async\" class=\"aligncenter size-full wp-image-211021\" src=\"https:\/\/www.buroperiodistico.com.mx\/wp-content\/uploads\/2026\/05\/Partixix-IIIIIIII.jpeg\" alt=\"\" width=\"640\" height=\"427\" srcset=\"https:\/\/www.buroperiodistico.com.mx\/wp-content\/uploads\/2026\/05\/Partixix-IIIIIIII.jpeg 640w, https:\/\/www.buroperiodistico.com.mx\/wp-content\/uploads\/2026\/05\/Partixix-IIIIIIII-300x200.jpeg 300w\" sizes=\"auto, (max-width: 640px) 100vw, 640px\" \/> <img loading=\"lazy\" decoding=\"async\" class=\"aligncenter size-full wp-image-211020\" src=\"https:\/\/www.buroperiodistico.com.mx\/wp-content\/uploads\/2026\/05\/Partixix-IIIIIII.jpeg\" alt=\"\" width=\"640\" height=\"427\" srcset=\"https:\/\/www.buroperiodistico.com.mx\/wp-content\/uploads\/2026\/05\/Partixix-IIIIIII.jpeg 640w, https:\/\/www.buroperiodistico.com.mx\/wp-content\/uploads\/2026\/05\/Partixix-IIIIIII-300x200.jpeg 300w\" sizes=\"auto, (max-width: 640px) 100vw, 640px\" \/> <img loading=\"lazy\" decoding=\"async\" class=\"aligncenter size-full wp-image-211019\" src=\"https:\/\/www.buroperiodistico.com.mx\/wp-content\/uploads\/2026\/05\/Partixix-IIIIII.jpeg\" alt=\"\" width=\"640\" height=\"427\" srcset=\"https:\/\/www.buroperiodistico.com.mx\/wp-content\/uploads\/2026\/05\/Partixix-IIIIII.jpeg 640w, https:\/\/www.buroperiodistico.com.mx\/wp-content\/uploads\/2026\/05\/Partixix-IIIIII-300x200.jpeg 300w\" sizes=\"auto, (max-width: 640px) 100vw, 640px\" \/> <img loading=\"lazy\" decoding=\"async\" class=\"aligncenter size-full wp-image-211018\" src=\"https:\/\/www.buroperiodistico.com.mx\/wp-content\/uploads\/2026\/05\/Partixix-IIIII.jpeg\" alt=\"\" width=\"640\" height=\"427\" srcset=\"https:\/\/www.buroperiodistico.com.mx\/wp-content\/uploads\/2026\/05\/Partixix-IIIII.jpeg 640w, https:\/\/www.buroperiodistico.com.mx\/wp-content\/uploads\/2026\/05\/Partixix-IIIII-300x200.jpeg 300w\" sizes=\"auto, (max-width: 640px) 100vw, 640px\" \/> <img loading=\"lazy\" decoding=\"async\" class=\"aligncenter size-full wp-image-211017\" src=\"https:\/\/www.buroperiodistico.com.mx\/wp-content\/uploads\/2026\/05\/Partixix-IIII.jpeg\" alt=\"\" width=\"640\" height=\"427\" srcset=\"https:\/\/www.buroperiodistico.com.mx\/wp-content\/uploads\/2026\/05\/Partixix-IIII.jpeg 640w, https:\/\/www.buroperiodistico.com.mx\/wp-content\/uploads\/2026\/05\/Partixix-IIII-300x200.jpeg 300w\" sizes=\"auto, (max-width: 640px) 100vw, 640px\" \/> <img loading=\"lazy\" decoding=\"async\" class=\"aligncenter size-full wp-image-211016\" src=\"https:\/\/www.buroperiodistico.com.mx\/wp-content\/uploads\/2026\/05\/Partixix-III.jpeg\" alt=\"\" width=\"640\" height=\"427\" srcset=\"https:\/\/www.buroperiodistico.com.mx\/wp-content\/uploads\/2026\/05\/Partixix-III.jpeg 640w, https:\/\/www.buroperiodistico.com.mx\/wp-content\/uploads\/2026\/05\/Partixix-III-300x200.jpeg 300w\" sizes=\"auto, (max-width: 640px) 100vw, 640px\" \/> <img loading=\"lazy\" decoding=\"async\" class=\"aligncenter size-full wp-image-211015\" src=\"https:\/\/www.buroperiodistico.com.mx\/wp-content\/uploads\/2026\/05\/Partixix-II.jpeg\" alt=\"\" width=\"640\" height=\"427\" srcset=\"https:\/\/www.buroperiodistico.com.mx\/wp-content\/uploads\/2026\/05\/Partixix-II.jpeg 640w, https:\/\/www.buroperiodistico.com.mx\/wp-content\/uploads\/2026\/05\/Partixix-II-300x200.jpeg 300w\" sizes=\"auto, (max-width: 640px) 100vw, 640px\" \/><\/p>\n","protected":false},"excerpt":{"rendered":"<p>M\u00e1s de 100 contingentes con 20 Mil trabajadores participaron en la marcha obrera. Reynosa, Tam&#8230;<\/p>\n","protected":false},"author":1,"featured_media":211022,"comment_status":"closed","ping_status":"closed","sticky":false,"template":"","format":"standard","meta":{"footnotes":"","jetpack_publicize_message":"","jetpack_publicize_feature_enabled":true,"jetpack_social_post_already_shared":true,"jetpack_social_options":{"image_generator_settings":{"template":"highway","default_image_id":0,"font":"","enabled":false},"version":2}},"categories":[25,9],"tags":[],"class_list":["post-211013","post","type-post","status-publish","format-standard","has-post-thumbnail","hentry","category-portada","category-reynosa"],"jetpack_publicize_connections":[],"_links":{"self":[{"href":"https:\/\/www.buroperiodistico.com.mx\/index.php?rest_route=\/wp\/v2\/posts\/211013","targetHints":{"allow":["GET"]}}],"collection":[{"href":"https:\/\/www.buroperiodistico.com.mx\/index.php?rest_route=\/wp\/v2\/posts"}],"about":[{"href":"https:\/\/www.buroperiodistico.com.mx\/index.php?rest_route=\/wp\/v2\/types\/post"}],"author":[{"embeddable":true,"href":"https:\/\/www.buroperiodistico.com.mx\/index.php?rest_route=\/wp\/v2\/users\/1"}],"replies":[{"embeddable":true,"href":"https:\/\/www.buroperiodistico.com.mx\/index.php?rest_route=%2Fwp%2Fv2%2Fcomments&post=211013"}],"version-history":[{"count":3,"href":"https:\/\/www.buroperiodistico.com.mx\/index.php?rest_route=\/wp\/v2\/posts\/211013\/revisions"}],"predecessor-version":[{"id":211030,"href":"https:\/\/www.buroperiodistico.com.mx\/index.php?rest_route=\/wp\/v2\/posts\/211013\/revisions\/211030"}],"wp:featuredmedia":[{"embeddable":true,"href":"https:\/\/www.buroperiodistico.com.mx\/index.php?rest_route=\/wp\/v2\/media\/211022"}],"wp:attachment":[{"href":"https:\/\/www.buroperiodistico.com.mx\/index.php?rest_route=%2Fwp%2Fv2%2Fmedia&parent=211013"}],"wp:term":[{"taxonomy":"category","embeddable":true,"href":"https:\/\/www.buroperiodistico.com.mx\/index.php?rest_route=%2Fwp%2Fv2%2Fcategories&post=211013"},{"taxonomy":"post_tag","embeddable":true,"href":"https:\/\/www.buroperiodistico.com.mx\/index.php?rest_route=%2Fwp%2Fv2%2Ftags&post=211013"}],"curies":[{"name":"wp","href":"https:\/\/api.w.org\/{rel}","templated":true}]}}