{"id":211008,"date":"2026-05-01T14:11:59","date_gmt":"2026-05-01T19:11:59","guid":{"rendered":"https:\/\/www.buroperiodistico.com.mx\/?p=211008"},"modified":"2026-05-01T14:11:59","modified_gmt":"2026-05-01T19:11:59","slug":"consolida-idpet-y-universidad-cun-colaboracion-academica-en-matamoros","status":"publish","type":"post","link":"https:\/\/www.buroperiodistico.com.mx\/?p=211008","title":{"rendered":"Consolida IDPET y Universidad CUN colaboraci\u00f3n acad\u00e9mica en Matamoros"},"content":{"rendered":"<p><em><strong><img loading=\"lazy\" decoding=\"async\" class=\" wp-image-211011 alignright\" src=\"https:\/\/www.buroperiodistico.com.mx\/wp-content\/uploads\/2026\/05\/SGGMatamoros.jpeg\" alt=\"\" width=\"451\" height=\"271\" srcset=\"https:\/\/www.buroperiodistico.com.mx\/wp-content\/uploads\/2026\/05\/SGGMatamoros.jpeg 1024w, https:\/\/www.buroperiodistico.com.mx\/wp-content\/uploads\/2026\/05\/SGGMatamoros-300x180.jpeg 300w, https:\/\/www.buroperiodistico.com.mx\/wp-content\/uploads\/2026\/05\/SGGMatamoros-768x461.jpeg 768w\" sizes=\"auto, (max-width: 451px) 100vw, 451px\" \/>Matamoros, Tamaulipas (1-Mayo-2026).-<\/strong><\/em> El Instituto de Defensor\u00eda P\u00fablica del Estado de Tamaulipas (IDPET) y la Universidad CUN formalizaron una alianza estrat\u00e9gica en Matamoros, orientada a impulsar el desarrollo acad\u00e9mico y profesional de los estudiantes. A trav\u00e9s de este convenio, se promueven espacios de formaci\u00f3n pr\u00e1ctica donde los alumnos podr\u00e1n consolidar sus conocimientos, fortalecer sus competencias y adquirir experiencia directa en el \u00e1mbito de la defensor\u00eda p\u00fablica, prepar\u00e1ndose con mayor solidez para enfrentar los retos del ejercicio jur\u00eddico.<\/p>\n<p>El convenio fue signado por la directora general del IDPET, Roxana Guerrero Galv\u00e1n, y el rector de la Universidad CUN, Ricardo D\u00edaz Garza. Esta firma permitir\u00e1 que las y los estudiantes de la licenciatura en Derecho accedan a programas de pr\u00e1cticas profesionales y servicio social dentro de las diversas \u00e1reas del Instituto, permiti\u00e9ndoles adquirir experiencia directa en la defensa t\u00e9cnica y la protecci\u00f3n de los derechos humanos de la ciudadan\u00eda tamaulipeca.<\/p>\n<p>Durante el acto protocolario, Guerrero Galv\u00e1n destac\u00f3 que estas acciones se alinean con la visi\u00f3n humanista del Gobierno del Estado, encabezado por el gobernador Am\u00e9rico Villarreal Anaya, la cual prioriza una justicia cercana y profesional.<\/p>\n<p>\u00abPara el Instituto, es fundamental abrir las puertas a los futuros abogados para que desarrollen no solo sus habilidades t\u00e9cnicas, sino tambi\u00e9n un profundo compromiso social. Al integrarse a nuestra labor diaria, los alumnos comprenden que la defensor\u00eda gratuita es un pilar esencial para garantizar que nadie carezca de una representaci\u00f3n jur\u00eddica adecuada\u00bb, se\u00f1al\u00f3 la directora general.<\/p>\n<p>La formalizaci\u00f3n de este lazo institucional se dio en el contexto de las celebraciones por el 50 Aniversario de la Universidad CUN. En este sentido, la funcionaria estatal, reconoci\u00f3 la trayectoria de la instituci\u00f3n educativa en la formaci\u00f3n de profesionales con valores \u00e9ticos, reafirmando que la suma de voluntades entre el sector acad\u00e9mico y el gubernamental es clave para consolidar una cultura de legalidad y excelencia en Tamaulipas.<\/p>\n<p><img loading=\"lazy\" decoding=\"async\" class=\"aligncenter size-full wp-image-211009\" src=\"https:\/\/www.buroperiodistico.com.mx\/wp-content\/uploads\/2026\/05\/SGGMatamoros-I.jpeg\" alt=\"\" width=\"640\" height=\"416\" srcset=\"https:\/\/www.buroperiodistico.com.mx\/wp-content\/uploads\/2026\/05\/SGGMatamoros-I.jpeg 640w, https:\/\/www.buroperiodistico.com.mx\/wp-content\/uploads\/2026\/05\/SGGMatamoros-I-300x195.jpeg 300w\" sizes=\"auto, (max-width: 640px) 100vw, 640px\" \/> <img loading=\"lazy\" decoding=\"async\" class=\"aligncenter size-full wp-image-211010\" src=\"https:\/\/www.buroperiodistico.com.mx\/wp-content\/uploads\/2026\/05\/SGGMatamoros-II.jpeg\" alt=\"\" width=\"640\" height=\"426\" srcset=\"https:\/\/www.buroperiodistico.com.mx\/wp-content\/uploads\/2026\/05\/SGGMatamoros-II.jpeg 640w, https:\/\/www.buroperiodistico.com.mx\/wp-content\/uploads\/2026\/05\/SGGMatamoros-II-300x200.jpeg 300w\" sizes=\"auto, (max-width: 640px) 100vw, 640px\" \/><\/p>\n","protected":false},"excerpt":{"rendered":"<p>Matamoros, Tamaulipas (1-Mayo-2026).- El Instituto de Defensor\u00eda P\u00fablica del Estado de Tamaulipas (IDPET) y la&#8230;<\/p>\n","protected":false},"author":1,"featured_media":211011,"comment_status":"closed","ping_status":"closed","sticky":false,"template":"","format":"standard","meta":{"footnotes":"","jetpack_publicize_message":"","jetpack_publicize_feature_enabled":true,"jetpack_social_post_already_shared":true,"jetpack_social_options":{"image_generator_settings":{"template":"highway","default_image_id":0,"font":"","enabled":false},"version":2}},"categories":[10],"tags":[],"class_list":["post-211008","post","type-post","status-publish","format-standard","has-post-thumbnail","hentry","category-tamaulipas"],"jetpack_publicize_connections":[],"_links":{"self":[{"href":"https:\/\/www.buroperiodistico.com.mx\/index.php?rest_route=\/wp\/v2\/posts\/211008","targetHints":{"allow":["GET"]}}],"collection":[{"href":"https:\/\/www.buroperiodistico.com.mx\/index.php?rest_route=\/wp\/v2\/posts"}],"about":[{"href":"https:\/\/www.buroperiodistico.com.mx\/index.php?rest_route=\/wp\/v2\/types\/post"}],"author":[{"embeddable":true,"href":"https:\/\/www.buroperiodistico.com.mx\/index.php?rest_route=\/wp\/v2\/users\/1"}],"replies":[{"embeddable":true,"href":"https:\/\/www.buroperiodistico.com.mx\/index.php?rest_route=%2Fwp%2Fv2%2Fcomments&post=211008"}],"version-history":[{"count":1,"href":"https:\/\/www.buroperiodistico.com.mx\/index.php?rest_route=\/wp\/v2\/posts\/211008\/revisions"}],"predecessor-version":[{"id":211012,"href":"https:\/\/www.buroperiodistico.com.mx\/index.php?rest_route=\/wp\/v2\/posts\/211008\/revisions\/211012"}],"wp:featuredmedia":[{"embeddable":true,"href":"https:\/\/www.buroperiodistico.com.mx\/index.php?rest_route=\/wp\/v2\/media\/211011"}],"wp:attachment":[{"href":"https:\/\/www.buroperiodistico.com.mx\/index.php?rest_route=%2Fwp%2Fv2%2Fmedia&parent=211008"}],"wp:term":[{"taxonomy":"category","embeddable":true,"href":"https:\/\/www.buroperiodistico.com.mx\/index.php?rest_route=%2Fwp%2Fv2%2Fcategories&post=211008"},{"taxonomy":"post_tag","embeddable":true,"href":"https:\/\/www.buroperiodistico.com.mx\/index.php?rest_route=%2Fwp%2Fv2%2Ftags&post=211008"}],"curies":[{"name":"wp","href":"https:\/\/api.w.org\/{rel}","templated":true}]}}