{"id":210998,"date":"2026-05-01T13:59:37","date_gmt":"2026-05-01T18:59:37","guid":{"rendered":"https:\/\/www.buroperiodistico.com.mx\/?p=210998"},"modified":"2026-05-01T13:59:37","modified_gmt":"2026-05-01T18:59:37","slug":"celebra-dif-reynosa-el-dia-del-nino-en-casa-hogar","status":"publish","type":"post","link":"https:\/\/www.buroperiodistico.com.mx\/?p=210998","title":{"rendered":"Celebra DIF-Reynosa el D\u00eda del Ni\u00f1o en Casa Hogar"},"content":{"rendered":"<p><em><strong><img loading=\"lazy\" decoding=\"async\" class=\" wp-image-211006 alignright\" src=\"https:\/\/www.buroperiodistico.com.mx\/wp-content\/uploads\/2026\/05\/Festeax.jpeg\" alt=\"\" width=\"479\" height=\"302\" srcset=\"https:\/\/www.buroperiodistico.com.mx\/wp-content\/uploads\/2026\/05\/Festeax.jpeg 1024w, https:\/\/www.buroperiodistico.com.mx\/wp-content\/uploads\/2026\/05\/Festeax-300x189.jpeg 300w, https:\/\/www.buroperiodistico.com.mx\/wp-content\/uploads\/2026\/05\/Festeax-768x485.jpeg 768w\" sizes=\"auto, (max-width: 479px) 100vw, 479px\" \/>Reynosa, Tam (1-Mayo-2026).-<\/strong><\/em> El Sistema DIF-Reynosa que preside Carlos Luis Pe\u00f1a Garza, llev\u00f3 a cabo un festejo con motivo del D\u00eda del Ni\u00f1o para los integrantes de Casa Hogar, en un ambiente lleno de alegr\u00eda, convivencia y momentos significativos que fortalecen su bienestar emocional.<\/p>\n<p>Durante la celebraci\u00f3n, las y los menores de edad disfrutaron de diversas actividades recreativas como show, juegos, brincolines, carritos el\u00e9ctricos, trenecito, adem\u00e1s de recibir alimentos, dulces y regalos, en un entorno preparado con especial atenci\u00f3n y cari\u00f1o.<\/p>\n<p>La Presidenta del Voluntariado DIF-Reynosa, Alejandra Yelitza Garza, estuvo presente acompa\u00f1ada de la Directora General del DIF Municipal, Gabriela Rosas Blanco, agradeciendo el apoyo de NIDEC Power Reynosa, Farmacias del Ahorro, UMAN, Salma Reyes, Julio P\u00e1ez, Yazm\u00edn Ar\u00e9valo y Atomix Wings, quienes contribuyeron a hacer posible esta celebraci\u00f3n, reafirmando el compromiso de trabajar en favor de la ni\u00f1ez.<\/p>\n<p><img loading=\"lazy\" decoding=\"async\" class=\"aligncenter size-full wp-image-210999\" src=\"https:\/\/www.buroperiodistico.com.mx\/wp-content\/uploads\/2026\/05\/Festeax-I.jpeg\" alt=\"\" width=\"640\" height=\"427\" srcset=\"https:\/\/www.buroperiodistico.com.mx\/wp-content\/uploads\/2026\/05\/Festeax-I.jpeg 640w, https:\/\/www.buroperiodistico.com.mx\/wp-content\/uploads\/2026\/05\/Festeax-I-300x200.jpeg 300w\" sizes=\"auto, (max-width: 640px) 100vw, 640px\" \/> <img loading=\"lazy\" decoding=\"async\" class=\"aligncenter size-full wp-image-211005\" src=\"https:\/\/www.buroperiodistico.com.mx\/wp-content\/uploads\/2026\/05\/Festeax-IIIIIII.jpeg\" alt=\"\" width=\"640\" height=\"427\" srcset=\"https:\/\/www.buroperiodistico.com.mx\/wp-content\/uploads\/2026\/05\/Festeax-IIIIIII.jpeg 640w, https:\/\/www.buroperiodistico.com.mx\/wp-content\/uploads\/2026\/05\/Festeax-IIIIIII-300x200.jpeg 300w\" sizes=\"auto, (max-width: 640px) 100vw, 640px\" \/> <img loading=\"lazy\" decoding=\"async\" class=\"aligncenter size-full wp-image-211004\" src=\"https:\/\/www.buroperiodistico.com.mx\/wp-content\/uploads\/2026\/05\/Festeax-IIIIII.jpeg\" alt=\"\" width=\"640\" height=\"427\" srcset=\"https:\/\/www.buroperiodistico.com.mx\/wp-content\/uploads\/2026\/05\/Festeax-IIIIII.jpeg 640w, https:\/\/www.buroperiodistico.com.mx\/wp-content\/uploads\/2026\/05\/Festeax-IIIIII-300x200.jpeg 300w\" sizes=\"auto, (max-width: 640px) 100vw, 640px\" \/> <img loading=\"lazy\" decoding=\"async\" class=\"aligncenter size-full wp-image-211003\" src=\"https:\/\/www.buroperiodistico.com.mx\/wp-content\/uploads\/2026\/05\/Festeax-IIIII.jpeg\" alt=\"\" width=\"640\" height=\"427\" srcset=\"https:\/\/www.buroperiodistico.com.mx\/wp-content\/uploads\/2026\/05\/Festeax-IIIII.jpeg 640w, https:\/\/www.buroperiodistico.com.mx\/wp-content\/uploads\/2026\/05\/Festeax-IIIII-300x200.jpeg 300w\" sizes=\"auto, (max-width: 640px) 100vw, 640px\" \/> <img loading=\"lazy\" decoding=\"async\" class=\"aligncenter size-full wp-image-211002\" src=\"https:\/\/www.buroperiodistico.com.mx\/wp-content\/uploads\/2026\/05\/Festeax-IIII.jpeg\" alt=\"\" width=\"640\" height=\"427\" srcset=\"https:\/\/www.buroperiodistico.com.mx\/wp-content\/uploads\/2026\/05\/Festeax-IIII.jpeg 640w, https:\/\/www.buroperiodistico.com.mx\/wp-content\/uploads\/2026\/05\/Festeax-IIII-300x200.jpeg 300w\" sizes=\"auto, (max-width: 640px) 100vw, 640px\" \/> <img loading=\"lazy\" decoding=\"async\" class=\"aligncenter size-full wp-image-211001\" src=\"https:\/\/www.buroperiodistico.com.mx\/wp-content\/uploads\/2026\/05\/Festeax-III.jpeg\" alt=\"\" width=\"640\" height=\"427\" srcset=\"https:\/\/www.buroperiodistico.com.mx\/wp-content\/uploads\/2026\/05\/Festeax-III.jpeg 640w, https:\/\/www.buroperiodistico.com.mx\/wp-content\/uploads\/2026\/05\/Festeax-III-300x200.jpeg 300w\" sizes=\"auto, (max-width: 640px) 100vw, 640px\" \/> <img loading=\"lazy\" decoding=\"async\" class=\"aligncenter size-full wp-image-211000\" src=\"https:\/\/www.buroperiodistico.com.mx\/wp-content\/uploads\/2026\/05\/Festeax-II.jpeg\" alt=\"\" width=\"640\" height=\"427\" srcset=\"https:\/\/www.buroperiodistico.com.mx\/wp-content\/uploads\/2026\/05\/Festeax-II.jpeg 640w, https:\/\/www.buroperiodistico.com.mx\/wp-content\/uploads\/2026\/05\/Festeax-II-300x200.jpeg 300w\" sizes=\"auto, (max-width: 640px) 100vw, 640px\" \/><\/p>\n","protected":false},"excerpt":{"rendered":"<p>Reynosa, Tam (1-Mayo-2026).- El Sistema DIF-Reynosa que preside Carlos Luis Pe\u00f1a Garza, llev\u00f3 a cabo&#8230;<\/p>\n","protected":false},"author":1,"featured_media":211006,"comment_status":"closed","ping_status":"closed","sticky":false,"template":"","format":"standard","meta":{"footnotes":"","jetpack_publicize_message":"","jetpack_publicize_feature_enabled":true,"jetpack_social_post_already_shared":true,"jetpack_social_options":{"image_generator_settings":{"template":"highway","default_image_id":0,"font":"","enabled":false},"version":2}},"categories":[9],"tags":[],"class_list":["post-210998","post","type-post","status-publish","format-standard","has-post-thumbnail","hentry","category-reynosa"],"jetpack_publicize_connections":[],"_links":{"self":[{"href":"https:\/\/www.buroperiodistico.com.mx\/index.php?rest_route=\/wp\/v2\/posts\/210998","targetHints":{"allow":["GET"]}}],"collection":[{"href":"https:\/\/www.buroperiodistico.com.mx\/index.php?rest_route=\/wp\/v2\/posts"}],"about":[{"href":"https:\/\/www.buroperiodistico.com.mx\/index.php?rest_route=\/wp\/v2\/types\/post"}],"author":[{"embeddable":true,"href":"https:\/\/www.buroperiodistico.com.mx\/index.php?rest_route=\/wp\/v2\/users\/1"}],"replies":[{"embeddable":true,"href":"https:\/\/www.buroperiodistico.com.mx\/index.php?rest_route=%2Fwp%2Fv2%2Fcomments&post=210998"}],"version-history":[{"count":1,"href":"https:\/\/www.buroperiodistico.com.mx\/index.php?rest_route=\/wp\/v2\/posts\/210998\/revisions"}],"predecessor-version":[{"id":211007,"href":"https:\/\/www.buroperiodistico.com.mx\/index.php?rest_route=\/wp\/v2\/posts\/210998\/revisions\/211007"}],"wp:featuredmedia":[{"embeddable":true,"href":"https:\/\/www.buroperiodistico.com.mx\/index.php?rest_route=\/wp\/v2\/media\/211006"}],"wp:attachment":[{"href":"https:\/\/www.buroperiodistico.com.mx\/index.php?rest_route=%2Fwp%2Fv2%2Fmedia&parent=210998"}],"wp:term":[{"taxonomy":"category","embeddable":true,"href":"https:\/\/www.buroperiodistico.com.mx\/index.php?rest_route=%2Fwp%2Fv2%2Fcategories&post=210998"},{"taxonomy":"post_tag","embeddable":true,"href":"https:\/\/www.buroperiodistico.com.mx\/index.php?rest_route=%2Fwp%2Fv2%2Ftags&post=210998"}],"curies":[{"name":"wp","href":"https:\/\/api.w.org\/{rel}","templated":true}]}}