{"id":210988,"date":"2026-05-01T13:50:07","date_gmt":"2026-05-01T18:50:07","guid":{"rendered":"https:\/\/www.buroperiodistico.com.mx\/?p=210988"},"modified":"2026-05-01T13:50:07","modified_gmt":"2026-05-01T18:50:07","slug":"celebra-guardia-estatal-de-genero-a-ninez-en-ciudad-victoria-reynosa-y-nuevo-laredo","status":"publish","type":"post","link":"https:\/\/www.buroperiodistico.com.mx\/?p=210988","title":{"rendered":"Celebra Guardia Estatal de G\u00e9nero a ni\u00f1ez en Ciudad Victoria, Reynosa y Nuevo Laredo"},"content":{"rendered":"<ul>\n<li><strong><em>A trav\u00e9s de estas convivencias y m\u00f3dulos informativos, se refuerza la prevenci\u00f3n de la violencia y promueven valores<\/em><\/strong><\/li>\n<\/ul>\n<p><strong><img loading=\"lazy\" decoding=\"async\" class=\" wp-image-210996 alignright\" src=\"https:\/\/www.buroperiodistico.com.mx\/wp-content\/uploads\/2026\/05\/SSPLaredo.jpeg\" alt=\"\" width=\"514\" height=\"323\" srcset=\"https:\/\/www.buroperiodistico.com.mx\/wp-content\/uploads\/2026\/05\/SSPLaredo.jpeg 1024w, https:\/\/www.buroperiodistico.com.mx\/wp-content\/uploads\/2026\/05\/SSPLaredo-300x189.jpeg 300w, https:\/\/www.buroperiodistico.com.mx\/wp-content\/uploads\/2026\/05\/SSPLaredo-768x483.jpeg 768w\" sizes=\"auto, (max-width: 514px) 100vw, 514px\" \/>Ciudad Victoria, Tamaulipas (1-Mayo-2026).-<\/strong> Dentro de las actividades que el personal de la Guardia Estatal de G\u00e9nero realiza de manera permanente a favor de la ni\u00f1ez, personal destacamentado en los municipios de Reynosa, Nuevo Laredo y Ciudad Victoria celebraron el D\u00eda del Ni\u00f1o y la Ni\u00f1a.<\/p>\n<p>En Nuevo Laredo, personal de la Delegaci\u00f3n Estatal de Atenci\u00f3n a la Violencia Familiar y de G\u00e9nero, acompa\u00f1ados de sus botargas oficiales: Comandante Laredo y Capitana Estrella visitaron el Jard\u00edn de Ni\u00f1os \u201cAnita De\u00e1ndar de Alba\u201d.<\/p>\n<p>En esta instituci\u00f3n, menores de edad fueron beneficiados con pi\u00f1atas, bolsitas de dulces y pastel entregados por la Guardia Estatal de G\u00e9nero.<\/p>\n<p>Adem\u00e1s de la celebraci\u00f3n, el personal operativo y administrativo que integra esta delegaci\u00f3n reiter\u00f3 su compromiso con la infancia mediante la instalaci\u00f3n de un m\u00f3dulo informativo durante la celebraci\u00f3n realizada en el Parque \u201cLazos del Bienestar\u2019\u201d, a la cual asistieron aproximadamente 600 ni\u00f1as y ni\u00f1os acompa\u00f1ados de padres de familia.<\/p>\n<p>Al ser la prevenci\u00f3n de la violencia una tarea que involucra al total de integrantes del n\u00facleo familiar, se entregaron tr\u00edpticos y libros para colorear; adem\u00e1s, se llevaron a cabo una loter\u00eda de valores y una convivencia con las botargas \u201cCoronel Justicia\u201d y \u201cCapitana Honradez\u201d.<\/p>\n<p>En el municipio de Reynosa, personal de esta delegaci\u00f3n asignado a implementar el operativo \u201cEscuela Segura\u201d se sum\u00f3 a la celebraci\u00f3n del Jard\u00edn de Ni\u00f1os \u201cJuan Escutia\u201d acudiendo a realizar el servicio con las patrullas decoradas alusivas a esta fecha y conviviendo con estudiantes de este plantel, quienes abordaron los veh\u00edculos oficiales para tomarse la fotograf\u00eda del recuerdo.<\/p>\n<p><img loading=\"lazy\" decoding=\"async\" class=\"aligncenter size-full wp-image-210989\" src=\"https:\/\/www.buroperiodistico.com.mx\/wp-content\/uploads\/2026\/05\/SSPLaredo-I.jpeg\" alt=\"\" width=\"640\" height=\"480\" srcset=\"https:\/\/www.buroperiodistico.com.mx\/wp-content\/uploads\/2026\/05\/SSPLaredo-I.jpeg 640w, https:\/\/www.buroperiodistico.com.mx\/wp-content\/uploads\/2026\/05\/SSPLaredo-I-300x225.jpeg 300w\" sizes=\"auto, (max-width: 640px) 100vw, 640px\" \/> <img loading=\"lazy\" decoding=\"async\" class=\"aligncenter size-full wp-image-210995\" src=\"https:\/\/www.buroperiodistico.com.mx\/wp-content\/uploads\/2026\/05\/SSPLaredo-IIIIIII.jpeg\" alt=\"\" width=\"484\" height=\"480\" srcset=\"https:\/\/www.buroperiodistico.com.mx\/wp-content\/uploads\/2026\/05\/SSPLaredo-IIIIIII.jpeg 484w, https:\/\/www.buroperiodistico.com.mx\/wp-content\/uploads\/2026\/05\/SSPLaredo-IIIIIII-300x298.jpeg 300w, https:\/\/www.buroperiodistico.com.mx\/wp-content\/uploads\/2026\/05\/SSPLaredo-IIIIIII-150x150.jpeg 150w\" sizes=\"auto, (max-width: 484px) 100vw, 484px\" \/> <img loading=\"lazy\" decoding=\"async\" class=\"aligncenter size-full wp-image-210994\" src=\"https:\/\/www.buroperiodistico.com.mx\/wp-content\/uploads\/2026\/05\/SSPLaredo-IIIIII.jpeg\" alt=\"\" width=\"640\" height=\"413\" srcset=\"https:\/\/www.buroperiodistico.com.mx\/wp-content\/uploads\/2026\/05\/SSPLaredo-IIIIII.jpeg 640w, https:\/\/www.buroperiodistico.com.mx\/wp-content\/uploads\/2026\/05\/SSPLaredo-IIIIII-300x194.jpeg 300w\" sizes=\"auto, (max-width: 640px) 100vw, 640px\" \/> <img loading=\"lazy\" decoding=\"async\" class=\"aligncenter size-full wp-image-210993\" src=\"https:\/\/www.buroperiodistico.com.mx\/wp-content\/uploads\/2026\/05\/SSPLaredo-IIIII.jpeg\" alt=\"\" width=\"640\" height=\"480\" srcset=\"https:\/\/www.buroperiodistico.com.mx\/wp-content\/uploads\/2026\/05\/SSPLaredo-IIIII.jpeg 640w, https:\/\/www.buroperiodistico.com.mx\/wp-content\/uploads\/2026\/05\/SSPLaredo-IIIII-300x225.jpeg 300w\" sizes=\"auto, (max-width: 640px) 100vw, 640px\" \/> <img loading=\"lazy\" decoding=\"async\" class=\"aligncenter size-full wp-image-210992\" src=\"https:\/\/www.buroperiodistico.com.mx\/wp-content\/uploads\/2026\/05\/SSPLaredo-IIII.jpeg\" alt=\"\" width=\"640\" height=\"480\" srcset=\"https:\/\/www.buroperiodistico.com.mx\/wp-content\/uploads\/2026\/05\/SSPLaredo-IIII.jpeg 640w, https:\/\/www.buroperiodistico.com.mx\/wp-content\/uploads\/2026\/05\/SSPLaredo-IIII-300x225.jpeg 300w\" sizes=\"auto, (max-width: 640px) 100vw, 640px\" \/> <img loading=\"lazy\" decoding=\"async\" class=\"aligncenter size-full wp-image-210991\" src=\"https:\/\/www.buroperiodistico.com.mx\/wp-content\/uploads\/2026\/05\/SSPLaredo-III.jpeg\" alt=\"\" width=\"640\" height=\"480\" srcset=\"https:\/\/www.buroperiodistico.com.mx\/wp-content\/uploads\/2026\/05\/SSPLaredo-III.jpeg 640w, https:\/\/www.buroperiodistico.com.mx\/wp-content\/uploads\/2026\/05\/SSPLaredo-III-300x225.jpeg 300w\" sizes=\"auto, (max-width: 640px) 100vw, 640px\" \/> <img loading=\"lazy\" decoding=\"async\" class=\"aligncenter size-full wp-image-210990\" src=\"https:\/\/www.buroperiodistico.com.mx\/wp-content\/uploads\/2026\/05\/SSPLaredo-II.jpeg\" alt=\"\" width=\"640\" height=\"360\" srcset=\"https:\/\/www.buroperiodistico.com.mx\/wp-content\/uploads\/2026\/05\/SSPLaredo-II.jpeg 640w, https:\/\/www.buroperiodistico.com.mx\/wp-content\/uploads\/2026\/05\/SSPLaredo-II-300x169.jpeg 300w\" sizes=\"auto, (max-width: 640px) 100vw, 640px\" \/><\/p>\n","protected":false},"excerpt":{"rendered":"<p>A trav\u00e9s de estas convivencias y m\u00f3dulos informativos, se refuerza la prevenci\u00f3n de la violencia&#8230;<\/p>\n","protected":false},"author":1,"featured_media":210996,"comment_status":"closed","ping_status":"closed","sticky":false,"template":"","format":"standard","meta":{"footnotes":"","jetpack_publicize_message":"","jetpack_publicize_feature_enabled":true,"jetpack_social_post_already_shared":true,"jetpack_social_options":{"image_generator_settings":{"template":"highway","default_image_id":0,"font":"","enabled":false},"version":2}},"categories":[10],"tags":[],"class_list":["post-210988","post","type-post","status-publish","format-standard","has-post-thumbnail","hentry","category-tamaulipas"],"jetpack_publicize_connections":[],"_links":{"self":[{"href":"https:\/\/www.buroperiodistico.com.mx\/index.php?rest_route=\/wp\/v2\/posts\/210988","targetHints":{"allow":["GET"]}}],"collection":[{"href":"https:\/\/www.buroperiodistico.com.mx\/index.php?rest_route=\/wp\/v2\/posts"}],"about":[{"href":"https:\/\/www.buroperiodistico.com.mx\/index.php?rest_route=\/wp\/v2\/types\/post"}],"author":[{"embeddable":true,"href":"https:\/\/www.buroperiodistico.com.mx\/index.php?rest_route=\/wp\/v2\/users\/1"}],"replies":[{"embeddable":true,"href":"https:\/\/www.buroperiodistico.com.mx\/index.php?rest_route=%2Fwp%2Fv2%2Fcomments&post=210988"}],"version-history":[{"count":1,"href":"https:\/\/www.buroperiodistico.com.mx\/index.php?rest_route=\/wp\/v2\/posts\/210988\/revisions"}],"predecessor-version":[{"id":210997,"href":"https:\/\/www.buroperiodistico.com.mx\/index.php?rest_route=\/wp\/v2\/posts\/210988\/revisions\/210997"}],"wp:featuredmedia":[{"embeddable":true,"href":"https:\/\/www.buroperiodistico.com.mx\/index.php?rest_route=\/wp\/v2\/media\/210996"}],"wp:attachment":[{"href":"https:\/\/www.buroperiodistico.com.mx\/index.php?rest_route=%2Fwp%2Fv2%2Fmedia&parent=210988"}],"wp:term":[{"taxonomy":"category","embeddable":true,"href":"https:\/\/www.buroperiodistico.com.mx\/index.php?rest_route=%2Fwp%2Fv2%2Fcategories&post=210988"},{"taxonomy":"post_tag","embeddable":true,"href":"https:\/\/www.buroperiodistico.com.mx\/index.php?rest_route=%2Fwp%2Fv2%2Ftags&post=210988"}],"curies":[{"name":"wp","href":"https:\/\/api.w.org\/{rel}","templated":true}]}}