{"id":210982,"date":"2026-05-01T13:36:31","date_gmt":"2026-05-01T18:36:31","guid":{"rendered":"https:\/\/www.buroperiodistico.com.mx\/?p=210982"},"modified":"2026-05-01T13:36:31","modified_gmt":"2026-05-01T18:36:31","slug":"fomenta-uat-nuevas-vocaciones-acercando-a-la-infancia-al-entorno-universitario","status":"publish","type":"post","link":"https:\/\/www.buroperiodistico.com.mx\/?p=210982","title":{"rendered":"Fomenta UAT nuevas vocaciones acercando a la infancia al entorno universitario"},"content":{"rendered":"<p><em><strong><img loading=\"lazy\" decoding=\"async\" class=\" wp-image-210986 alignright\" src=\"https:\/\/www.buroperiodistico.com.mx\/wp-content\/uploads\/2026\/05\/UATxNi.jpg\" alt=\"\" width=\"487\" height=\"263\" srcset=\"https:\/\/www.buroperiodistico.com.mx\/wp-content\/uploads\/2026\/05\/UATxNi.jpg 1110w, https:\/\/www.buroperiodistico.com.mx\/wp-content\/uploads\/2026\/05\/UATxNi-300x162.jpg 300w, https:\/\/www.buroperiodistico.com.mx\/wp-content\/uploads\/2026\/05\/UATxNi-1024x554.jpg 1024w, https:\/\/www.buroperiodistico.com.mx\/wp-content\/uploads\/2026\/05\/UATxNi-768x415.jpg 768w\" sizes=\"auto, (max-width: 487px) 100vw, 487px\" \/>Ciudad Victoria, Tam (1-Mayo-2026).-<\/strong><\/em> En el marco de la celebraci\u00f3n del D\u00eda del Ni\u00f1o y la Ni\u00f1a, la Universidad Aut\u00f3noma de Tamaulipas (UAT) llev\u00f3 a cabo el proyecto \u201cEl Mundo Donde Todo Comienza\u201d, una iniciativa orientada a fortalecer la formaci\u00f3n humanista, la vinculaci\u00f3n social y el acercamiento temprano de la infancia al entorno universitario.<\/p>\n<p>Organizada por la Secretar\u00eda de Vinculaci\u00f3n, a trav\u00e9s de la Direcci\u00f3n de Participaci\u00f3n Estudiantil, la jornada se llev\u00f3 a cabo en el Centro de Desarrollo Infantil (CENDI) de la UAT en esta capital, con la participaci\u00f3n de estudiantes de las distintas dependencias acad\u00e9micas del Campus Victoria.<\/p>\n<p>La jornada de convivencia integr\u00f3 din\u00e1micas l\u00fadicas, actividades recreativas y ejercicios formativos, propiciando un espacio de aprendizaje y alegr\u00eda que despert\u00f3 en las y los peque\u00f1os el inter\u00e9s por el conocimiento y diversas vocaciones profesionales.<\/p>\n<p>La actividad responde a la visi\u00f3n promovida por el rector D\u00e1maso Anaya Alvarado de consolidar una Universidad cercana, con sentido humanista y compromiso social, generando acciones que vinculen a las juventudes universitarias con iniciativas que contribuyan al tejido comunitario.<\/p>\n<p>En este esfuerzo tambi\u00e9n destac\u00f3 la colaboraci\u00f3n de Familia UAT, sumando voluntades para hacer posible una celebraci\u00f3n con profundo sentido formativo y social.<\/p>\n<p>A trav\u00e9s de esta experiencia, los universitarios compartieron de manera creativa saberes y vivencias relacionadas con distintas disciplinas, mostrando a la ni\u00f1ez una primera aproximaci\u00f3n al mundo profesional y sembrando, desde temprana edad, aspiraciones y proyectos de futuro.<\/p>\n<p>Entre las actividades destacan una mini granja interactiva, muestras de agronom\u00eda, ejercicios demostrativos, din\u00e1micas de animaci\u00f3n, entre otras, generando un ambiente festivo en el que muchas ni\u00f1as y ni\u00f1os asistentes acudieron caracterizados como profesionistas, recreando oficios y carreras en una experiencia que combin\u00f3 imaginaci\u00f3n, aprendizaje y entusiasmo.<\/p>\n<p><img loading=\"lazy\" decoding=\"async\" class=\"aligncenter size-full wp-image-210983\" src=\"https:\/\/www.buroperiodistico.com.mx\/wp-content\/uploads\/2026\/05\/UATxNi-I.jpg\" alt=\"\" width=\"640\" height=\"424\" srcset=\"https:\/\/www.buroperiodistico.com.mx\/wp-content\/uploads\/2026\/05\/UATxNi-I.jpg 640w, https:\/\/www.buroperiodistico.com.mx\/wp-content\/uploads\/2026\/05\/UATxNi-I-300x199.jpg 300w\" sizes=\"auto, (max-width: 640px) 100vw, 640px\" \/> <img loading=\"lazy\" decoding=\"async\" class=\"aligncenter size-full wp-image-210985\" src=\"https:\/\/www.buroperiodistico.com.mx\/wp-content\/uploads\/2026\/05\/UATxNi-III.jpg\" alt=\"\" width=\"640\" height=\"257\" srcset=\"https:\/\/www.buroperiodistico.com.mx\/wp-content\/uploads\/2026\/05\/UATxNi-III.jpg 640w, https:\/\/www.buroperiodistico.com.mx\/wp-content\/uploads\/2026\/05\/UATxNi-III-300x120.jpg 300w\" sizes=\"auto, (max-width: 640px) 100vw, 640px\" \/> <img loading=\"lazy\" decoding=\"async\" class=\"aligncenter size-full wp-image-210984\" src=\"https:\/\/www.buroperiodistico.com.mx\/wp-content\/uploads\/2026\/05\/UATxNi-II.jpg\" alt=\"\" width=\"640\" height=\"426\" srcset=\"https:\/\/www.buroperiodistico.com.mx\/wp-content\/uploads\/2026\/05\/UATxNi-II.jpg 640w, https:\/\/www.buroperiodistico.com.mx\/wp-content\/uploads\/2026\/05\/UATxNi-II-300x200.jpg 300w\" sizes=\"auto, (max-width: 640px) 100vw, 640px\" \/><\/p>\n","protected":false},"excerpt":{"rendered":"<p>Ciudad Victoria, Tam (1-Mayo-2026).- En el marco de la celebraci\u00f3n del D\u00eda del Ni\u00f1o y&#8230;<\/p>\n","protected":false},"author":1,"featured_media":210986,"comment_status":"closed","ping_status":"closed","sticky":false,"template":"","format":"standard","meta":{"footnotes":"","jetpack_publicize_message":"","jetpack_publicize_feature_enabled":true,"jetpack_social_post_already_shared":true,"jetpack_social_options":{"image_generator_settings":{"template":"highway","default_image_id":0,"font":"","enabled":false},"version":2}},"categories":[25,28],"tags":[],"class_list":["post-210982","post","type-post","status-publish","format-standard","has-post-thumbnail","hentry","category-portada","category-uat"],"jetpack_publicize_connections":[],"_links":{"self":[{"href":"https:\/\/www.buroperiodistico.com.mx\/index.php?rest_route=\/wp\/v2\/posts\/210982","targetHints":{"allow":["GET"]}}],"collection":[{"href":"https:\/\/www.buroperiodistico.com.mx\/index.php?rest_route=\/wp\/v2\/posts"}],"about":[{"href":"https:\/\/www.buroperiodistico.com.mx\/index.php?rest_route=\/wp\/v2\/types\/post"}],"author":[{"embeddable":true,"href":"https:\/\/www.buroperiodistico.com.mx\/index.php?rest_route=\/wp\/v2\/users\/1"}],"replies":[{"embeddable":true,"href":"https:\/\/www.buroperiodistico.com.mx\/index.php?rest_route=%2Fwp%2Fv2%2Fcomments&post=210982"}],"version-history":[{"count":1,"href":"https:\/\/www.buroperiodistico.com.mx\/index.php?rest_route=\/wp\/v2\/posts\/210982\/revisions"}],"predecessor-version":[{"id":210987,"href":"https:\/\/www.buroperiodistico.com.mx\/index.php?rest_route=\/wp\/v2\/posts\/210982\/revisions\/210987"}],"wp:featuredmedia":[{"embeddable":true,"href":"https:\/\/www.buroperiodistico.com.mx\/index.php?rest_route=\/wp\/v2\/media\/210986"}],"wp:attachment":[{"href":"https:\/\/www.buroperiodistico.com.mx\/index.php?rest_route=%2Fwp%2Fv2%2Fmedia&parent=210982"}],"wp:term":[{"taxonomy":"category","embeddable":true,"href":"https:\/\/www.buroperiodistico.com.mx\/index.php?rest_route=%2Fwp%2Fv2%2Fcategories&post=210982"},{"taxonomy":"post_tag","embeddable":true,"href":"https:\/\/www.buroperiodistico.com.mx\/index.php?rest_route=%2Fwp%2Fv2%2Ftags&post=210982"}],"curies":[{"name":"wp","href":"https:\/\/api.w.org\/{rel}","templated":true}]}}