{"id":210974,"date":"2026-05-01T13:28:06","date_gmt":"2026-05-01T18:28:06","guid":{"rendered":"https:\/\/www.buroperiodistico.com.mx\/?p=210974"},"modified":"2026-05-01T13:28:06","modified_gmt":"2026-05-01T18:28:06","slug":"brinda-idpet-atencion-juridica-personalizada-a-mas-de-100-personas-en-el-cedes-matamoros","status":"publish","type":"post","link":"https:\/\/www.buroperiodistico.com.mx\/?p=210974","title":{"rendered":"Brinda IDPET atenci\u00f3n jur\u00eddica personalizada a m\u00e1s de 100 personas en el CEDES Matamoros"},"content":{"rendered":"<p><em><strong><img loading=\"lazy\" decoding=\"async\" class=\" wp-image-210979 alignright\" src=\"https:\/\/www.buroperiodistico.com.mx\/wp-content\/uploads\/2026\/05\/SGGCEDES.jpeg\" alt=\"\" width=\"573\" height=\"358\" srcset=\"https:\/\/www.buroperiodistico.com.mx\/wp-content\/uploads\/2026\/05\/SGGCEDES.jpeg 1024w, https:\/\/www.buroperiodistico.com.mx\/wp-content\/uploads\/2026\/05\/SGGCEDES-300x188.jpeg 300w, https:\/\/www.buroperiodistico.com.mx\/wp-content\/uploads\/2026\/05\/SGGCEDES-768x480.jpeg 768w\" sizes=\"auto, (max-width: 573px) 100vw, 573px\" \/>Matamoros, Tamaulipas (1-Mayo-2026).-<\/strong><\/em> El Instituto de Defensor\u00eda P\u00fablica del Estado de Tamaulipas (IDPET) llev\u00f3 a cabo una jornada de atenci\u00f3n directa y supervisi\u00f3n en el Centro de Ejecuci\u00f3n de Sanciones (CEDES) de Matamoros, como parte de su compromiso de garantizar que el acceso a la justicia sea una realidad para todos los sectores de la poblaci\u00f3n.<\/p>\n<p>La brigada de trabajo fue encabezada por la directora general del Instituto, Roxana Guerrero Galv\u00e1n, quien fue recibida por la titular del centro penitenciario, Romana L\u00f3pez Vega. El encuentro permiti\u00f3 coordinar esfuerzos institucionales para verificar el estatus legal de los internos y garantizar que cuenten con una defensa t\u00e9cnica de excelencia.<\/p>\n<p>Durante la jornada, se brind\u00f3 asesor\u00eda y atenci\u00f3n personalizada a 114 Personas Privadas de la Libertad (PPLs). Estas acciones permiten fortalecer las estrategias de defensa y supervisar que cada proceso judicial se desarrolle con estricto apego a derecho y respeto a los derechos humanos, siguiendo la visi\u00f3n humanista del gobernador Am\u00e9rico Villarreal Anaya.<\/p>\n<p>En la mesa de trabajo participaron tambi\u00e9n el director de Defensor\u00edas, C\u00e9sar \u00c1valos Gonz\u00e1lez, y el coordinador regional, Jos\u00e9 Luis Garc\u00eda, junto al cuerpo de defensores p\u00fablicos adscritos a esta demarcaci\u00f3n. La presencia de las autoridades estatales reafirma el compromiso de mantener una vigilancia constante en los centros de ejecuci\u00f3n para certificar que el servicio de defensor\u00eda sea digno, eficiente y cercano.<\/p>\n<p>\u00abLa defensor\u00eda gratuita es un pilar fundamental para la justicia en nuestro estado. No solo representamos legalmente a las personas, sino que garantizamos que el sistema de justicia funcione con transparencia y equidad para quienes m\u00e1s lo necesitan\u00bb, destac\u00f3 Guerrero Galv\u00e1n durante el recorrido.<\/p>\n<p>Con estas jornadas de atenci\u00f3n directa, el Gobierno de Tamaulipas, a trav\u00e9s del IDPET, consolida su labor de servicio social y compromiso con la legalidad, trabajando de manera coordinada con las autoridades penitenciarias para asegurar que nadie carezca de una representaci\u00f3n jur\u00eddica adecuada frente a la ley.<\/p>\n<p><img loading=\"lazy\" decoding=\"async\" class=\"aligncenter size-full wp-image-210975\" src=\"https:\/\/www.buroperiodistico.com.mx\/wp-content\/uploads\/2026\/05\/SGGCEDES-I.jpeg\" alt=\"\" width=\"640\" height=\"426\" srcset=\"https:\/\/www.buroperiodistico.com.mx\/wp-content\/uploads\/2026\/05\/SGGCEDES-I.jpeg 640w, https:\/\/www.buroperiodistico.com.mx\/wp-content\/uploads\/2026\/05\/SGGCEDES-I-300x200.jpeg 300w\" sizes=\"auto, (max-width: 640px) 100vw, 640px\" \/> <img loading=\"lazy\" decoding=\"async\" class=\"aligncenter size-full wp-image-210978\" src=\"https:\/\/www.buroperiodistico.com.mx\/wp-content\/uploads\/2026\/05\/SGGCEDES-IIII.jpeg\" alt=\"\" width=\"640\" height=\"426\" srcset=\"https:\/\/www.buroperiodistico.com.mx\/wp-content\/uploads\/2026\/05\/SGGCEDES-IIII.jpeg 640w, https:\/\/www.buroperiodistico.com.mx\/wp-content\/uploads\/2026\/05\/SGGCEDES-IIII-300x200.jpeg 300w\" sizes=\"auto, (max-width: 640px) 100vw, 640px\" \/> <img loading=\"lazy\" decoding=\"async\" class=\"aligncenter size-full wp-image-210977\" src=\"https:\/\/www.buroperiodistico.com.mx\/wp-content\/uploads\/2026\/05\/SGGCEDES-III.jpeg\" alt=\"\" width=\"640\" height=\"426\" srcset=\"https:\/\/www.buroperiodistico.com.mx\/wp-content\/uploads\/2026\/05\/SGGCEDES-III.jpeg 640w, https:\/\/www.buroperiodistico.com.mx\/wp-content\/uploads\/2026\/05\/SGGCEDES-III-300x200.jpeg 300w\" sizes=\"auto, (max-width: 640px) 100vw, 640px\" \/> <img loading=\"lazy\" decoding=\"async\" class=\"aligncenter size-full wp-image-210976\" src=\"https:\/\/www.buroperiodistico.com.mx\/wp-content\/uploads\/2026\/05\/SGGCEDES-II.jpeg\" alt=\"\" width=\"640\" height=\"426\" srcset=\"https:\/\/www.buroperiodistico.com.mx\/wp-content\/uploads\/2026\/05\/SGGCEDES-II.jpeg 640w, https:\/\/www.buroperiodistico.com.mx\/wp-content\/uploads\/2026\/05\/SGGCEDES-II-300x200.jpeg 300w\" sizes=\"auto, (max-width: 640px) 100vw, 640px\" \/><\/p>\n","protected":false},"excerpt":{"rendered":"<p>Matamoros, Tamaulipas (1-Mayo-2026).- El Instituto de Defensor\u00eda P\u00fablica del Estado de Tamaulipas (IDPET) llev\u00f3 a&#8230;<\/p>\n","protected":false},"author":1,"featured_media":210979,"comment_status":"closed","ping_status":"closed","sticky":false,"template":"","format":"standard","meta":{"footnotes":"","jetpack_publicize_message":"","jetpack_publicize_feature_enabled":true,"jetpack_social_post_already_shared":true,"jetpack_social_options":{"image_generator_settings":{"template":"highway","default_image_id":0,"font":"","enabled":false},"version":2}},"categories":[10],"tags":[],"class_list":["post-210974","post","type-post","status-publish","format-standard","has-post-thumbnail","hentry","category-tamaulipas"],"jetpack_publicize_connections":[],"_links":{"self":[{"href":"https:\/\/www.buroperiodistico.com.mx\/index.php?rest_route=\/wp\/v2\/posts\/210974","targetHints":{"allow":["GET"]}}],"collection":[{"href":"https:\/\/www.buroperiodistico.com.mx\/index.php?rest_route=\/wp\/v2\/posts"}],"about":[{"href":"https:\/\/www.buroperiodistico.com.mx\/index.php?rest_route=\/wp\/v2\/types\/post"}],"author":[{"embeddable":true,"href":"https:\/\/www.buroperiodistico.com.mx\/index.php?rest_route=\/wp\/v2\/users\/1"}],"replies":[{"embeddable":true,"href":"https:\/\/www.buroperiodistico.com.mx\/index.php?rest_route=%2Fwp%2Fv2%2Fcomments&post=210974"}],"version-history":[{"count":2,"href":"https:\/\/www.buroperiodistico.com.mx\/index.php?rest_route=\/wp\/v2\/posts\/210974\/revisions"}],"predecessor-version":[{"id":210981,"href":"https:\/\/www.buroperiodistico.com.mx\/index.php?rest_route=\/wp\/v2\/posts\/210974\/revisions\/210981"}],"wp:featuredmedia":[{"embeddable":true,"href":"https:\/\/www.buroperiodistico.com.mx\/index.php?rest_route=\/wp\/v2\/media\/210979"}],"wp:attachment":[{"href":"https:\/\/www.buroperiodistico.com.mx\/index.php?rest_route=%2Fwp%2Fv2%2Fmedia&parent=210974"}],"wp:term":[{"taxonomy":"category","embeddable":true,"href":"https:\/\/www.buroperiodistico.com.mx\/index.php?rest_route=%2Fwp%2Fv2%2Fcategories&post=210974"},{"taxonomy":"post_tag","embeddable":true,"href":"https:\/\/www.buroperiodistico.com.mx\/index.php?rest_route=%2Fwp%2Fv2%2Ftags&post=210974"}],"curies":[{"name":"wp","href":"https:\/\/api.w.org\/{rel}","templated":true}]}}