{"id":210952,"date":"2026-05-01T10:53:16","date_gmt":"2026-05-01T15:53:16","guid":{"rendered":"https:\/\/www.buroperiodistico.com.mx\/?p=210952"},"modified":"2026-05-01T10:53:16","modified_gmt":"2026-05-01T15:53:16","slug":"aprobo-cabildo-propuestas-que-impulsando-la-educacion-en-reynosa","status":"publish","type":"post","link":"https:\/\/www.buroperiodistico.com.mx\/?p=210952","title":{"rendered":"Aprob\u00f3 Cabildo propuestas que impulsando la educaci\u00f3n en Reynosa"},"content":{"rendered":"<p><em><strong>Reynosa, Tam (1-Mayo-2026).-<\/strong><\/em> La LXXV, Septuag\u00e9sima Quinta Sesi\u00f3n de Cabildo, del R. Ayuntamiento que preside Carlos Pe\u00f1a Ortiz, fue desarrollada de forma Ordinaria, y las Comisiones de Asentamientos Humanos y Obras P\u00fablicas, y de Patrimonio Municipal, propusieron iniciativas para beneficio de la comunidad escolar.<\/p>\n<p>Las propuestas que benefician a la Secretar\u00eda de Educaci\u00f3n de Tamaulipas y.al Colegio de Bachilleres del Estado de Tamaulipas fueron aprobadas por unanimidad, en la Sesi\u00f3n en que el Regidor Juan Joaqu\u00edn Ram\u00edrez Mart\u00ednez presidi\u00f3 en representaci\u00f3n del Alcalde de Reynosa.<\/p>\n<p><img loading=\"lazy\" decoding=\"async\" class=\"aligncenter  wp-image-210954\" src=\"https:\/\/www.buroperiodistico.com.mx\/wp-content\/uploads\/2026\/05\/Cabilx.jpeg\" alt=\"\" width=\"656\" height=\"386\" srcset=\"https:\/\/www.buroperiodistico.com.mx\/wp-content\/uploads\/2026\/05\/Cabilx.jpeg 1024w, https:\/\/www.buroperiodistico.com.mx\/wp-content\/uploads\/2026\/05\/Cabilx-300x177.jpeg 300w, https:\/\/www.buroperiodistico.com.mx\/wp-content\/uploads\/2026\/05\/Cabilx-768x452.jpeg 768w\" sizes=\"auto, (max-width: 656px) 100vw, 656px\" \/> <img loading=\"lazy\" decoding=\"async\" class=\"aligncenter size-full wp-image-210953\" src=\"https:\/\/www.buroperiodistico.com.mx\/wp-content\/uploads\/2026\/05\/Cabilx-I.jpeg\" alt=\"\" width=\"640\" height=\"427\" srcset=\"https:\/\/www.buroperiodistico.com.mx\/wp-content\/uploads\/2026\/05\/Cabilx-I.jpeg 640w, https:\/\/www.buroperiodistico.com.mx\/wp-content\/uploads\/2026\/05\/Cabilx-I-300x200.jpeg 300w\" sizes=\"auto, (max-width: 640px) 100vw, 640px\" \/><\/p>\n","protected":false},"excerpt":{"rendered":"<p>Reynosa, Tam (1-Mayo-2026).- La LXXV, Septuag\u00e9sima Quinta Sesi\u00f3n de Cabildo, del R. Ayuntamiento que preside&#8230;<\/p>\n","protected":false},"author":1,"featured_media":210954,"comment_status":"closed","ping_status":"closed","sticky":false,"template":"","format":"standard","meta":{"footnotes":"","jetpack_publicize_message":"","jetpack_publicize_feature_enabled":true,"jetpack_social_post_already_shared":true,"jetpack_social_options":{"image_generator_settings":{"template":"highway","default_image_id":0,"font":"","enabled":false},"version":2}},"categories":[25,9],"tags":[],"class_list":["post-210952","post","type-post","status-publish","format-standard","has-post-thumbnail","hentry","category-portada","category-reynosa"],"jetpack_publicize_connections":[],"_links":{"self":[{"href":"https:\/\/www.buroperiodistico.com.mx\/index.php?rest_route=\/wp\/v2\/posts\/210952","targetHints":{"allow":["GET"]}}],"collection":[{"href":"https:\/\/www.buroperiodistico.com.mx\/index.php?rest_route=\/wp\/v2\/posts"}],"about":[{"href":"https:\/\/www.buroperiodistico.com.mx\/index.php?rest_route=\/wp\/v2\/types\/post"}],"author":[{"embeddable":true,"href":"https:\/\/www.buroperiodistico.com.mx\/index.php?rest_route=\/wp\/v2\/users\/1"}],"replies":[{"embeddable":true,"href":"https:\/\/www.buroperiodistico.com.mx\/index.php?rest_route=%2Fwp%2Fv2%2Fcomments&post=210952"}],"version-history":[{"count":1,"href":"https:\/\/www.buroperiodistico.com.mx\/index.php?rest_route=\/wp\/v2\/posts\/210952\/revisions"}],"predecessor-version":[{"id":210955,"href":"https:\/\/www.buroperiodistico.com.mx\/index.php?rest_route=\/wp\/v2\/posts\/210952\/revisions\/210955"}],"wp:featuredmedia":[{"embeddable":true,"href":"https:\/\/www.buroperiodistico.com.mx\/index.php?rest_route=\/wp\/v2\/media\/210954"}],"wp:attachment":[{"href":"https:\/\/www.buroperiodistico.com.mx\/index.php?rest_route=%2Fwp%2Fv2%2Fmedia&parent=210952"}],"wp:term":[{"taxonomy":"category","embeddable":true,"href":"https:\/\/www.buroperiodistico.com.mx\/index.php?rest_route=%2Fwp%2Fv2%2Fcategories&post=210952"},{"taxonomy":"post_tag","embeddable":true,"href":"https:\/\/www.buroperiodistico.com.mx\/index.php?rest_route=%2Fwp%2Fv2%2Ftags&post=210952"}],"curies":[{"name":"wp","href":"https:\/\/api.w.org\/{rel}","templated":true}]}}