{"id":210945,"date":"2026-04-30T23:45:20","date_gmt":"2026-05-01T04:45:20","guid":{"rendered":"https:\/\/www.buroperiodistico.com.mx\/?p=210945"},"modified":"2026-04-30T23:45:20","modified_gmt":"2026-05-01T04:45:20","slug":"mas-de-30-mil-familias-celebran-el-dia-del-nino-en-un-festival-del-gobierno-municipal-y-sistema-dif","status":"publish","type":"post","link":"https:\/\/www.buroperiodistico.com.mx\/?p=210945","title":{"rendered":"M\u00c1S DE 30 MIL FAMILIAS CELEBRAN EL D\u00cdA DEL NI\u00d1O EN UN FESTIVAL DEL GOBIERNO MUNICIPAL Y SISTEMA DIF"},"content":{"rendered":"<p style=\"text-align: left;\"><em><strong>Nuevo Laredo, Tam (30-Abril-2026).-<\/strong><\/em> Miles de familias llenaron de vida el Parque Viveros durante el Festival del D\u00eda del Ni\u00f1o, organizado por el Sistema DIF y el Gobierno Municipal de Nuevo Laredo, donde m\u00e1s de 30 mil asistentes participaron en una jornada gratuita marcada por la alegr\u00eda, la convivencia y el fortalecimiento del tejido social; con m\u00e1s de 20 m\u00f3dulos interactivos, shows en vivo, juegos mec\u00e1nicos, adem\u00e1s de la entrada gratuita al zool\u00f3gico, acuario y la alberca municipal, ni\u00f1as y ni\u00f1os disfrutaron actividades orientadas al juego, la creatividad y el desarrollo sensorial, en un ambiente festivo que consolid\u00f3 este evento como uno de los m\u00e1s concurridos y exitosos de la ciudad, al que acudieron la presidenta municipal, Carmen Lilia Canturosas Villarreal, y la presidenta del DIF, Claudette Canturosas Villarreal, quienes recorrieron el lugar y convivieron con las familias.<\/p>\n<p><img loading=\"lazy\" decoding=\"async\" class=\"aligncenter  wp-image-210946\" src=\"https:\/\/www.buroperiodistico.com.mx\/wp-content\/uploads\/2026\/04\/Milex.jpg\" alt=\"\" width=\"753\" height=\"407\" srcset=\"https:\/\/www.buroperiodistico.com.mx\/wp-content\/uploads\/2026\/04\/Milex.jpg 1110w, https:\/\/www.buroperiodistico.com.mx\/wp-content\/uploads\/2026\/04\/Milex-300x162.jpg 300w, https:\/\/www.buroperiodistico.com.mx\/wp-content\/uploads\/2026\/04\/Milex-1024x554.jpg 1024w, https:\/\/www.buroperiodistico.com.mx\/wp-content\/uploads\/2026\/04\/Milex-768x415.jpg 768w\" sizes=\"auto, (max-width: 753px) 100vw, 753px\" \/><\/p>\n","protected":false},"excerpt":{"rendered":"<p>Nuevo Laredo, Tam (30-Abril-2026).- Miles de familias llenaron de vida el Parque Viveros durante el&#8230;<\/p>\n","protected":false},"author":1,"featured_media":210946,"comment_status":"closed","ping_status":"closed","sticky":false,"template":"","format":"standard","meta":{"footnotes":"","jetpack_publicize_message":"","jetpack_publicize_feature_enabled":true,"jetpack_social_post_already_shared":true,"jetpack_social_options":{"image_generator_settings":{"template":"highway","default_image_id":0,"font":"","enabled":false},"version":2}},"categories":[16],"tags":[],"class_list":["post-210945","post","type-post","status-publish","format-standard","has-post-thumbnail","hentry","category-nuevolaredo"],"jetpack_publicize_connections":[],"_links":{"self":[{"href":"https:\/\/www.buroperiodistico.com.mx\/index.php?rest_route=\/wp\/v2\/posts\/210945","targetHints":{"allow":["GET"]}}],"collection":[{"href":"https:\/\/www.buroperiodistico.com.mx\/index.php?rest_route=\/wp\/v2\/posts"}],"about":[{"href":"https:\/\/www.buroperiodistico.com.mx\/index.php?rest_route=\/wp\/v2\/types\/post"}],"author":[{"embeddable":true,"href":"https:\/\/www.buroperiodistico.com.mx\/index.php?rest_route=\/wp\/v2\/users\/1"}],"replies":[{"embeddable":true,"href":"https:\/\/www.buroperiodistico.com.mx\/index.php?rest_route=%2Fwp%2Fv2%2Fcomments&post=210945"}],"version-history":[{"count":1,"href":"https:\/\/www.buroperiodistico.com.mx\/index.php?rest_route=\/wp\/v2\/posts\/210945\/revisions"}],"predecessor-version":[{"id":210947,"href":"https:\/\/www.buroperiodistico.com.mx\/index.php?rest_route=\/wp\/v2\/posts\/210945\/revisions\/210947"}],"wp:featuredmedia":[{"embeddable":true,"href":"https:\/\/www.buroperiodistico.com.mx\/index.php?rest_route=\/wp\/v2\/media\/210946"}],"wp:attachment":[{"href":"https:\/\/www.buroperiodistico.com.mx\/index.php?rest_route=%2Fwp%2Fv2%2Fmedia&parent=210945"}],"wp:term":[{"taxonomy":"category","embeddable":true,"href":"https:\/\/www.buroperiodistico.com.mx\/index.php?rest_route=%2Fwp%2Fv2%2Fcategories&post=210945"},{"taxonomy":"post_tag","embeddable":true,"href":"https:\/\/www.buroperiodistico.com.mx\/index.php?rest_route=%2Fwp%2Fv2%2Ftags&post=210945"}],"curies":[{"name":"wp","href":"https:\/\/api.w.org\/{rel}","templated":true}]}}