{"id":210937,"date":"2026-04-30T21:22:50","date_gmt":"2026-05-01T02:22:50","guid":{"rendered":"https:\/\/www.buroperiodistico.com.mx\/?p=210937"},"modified":"2026-04-30T21:22:50","modified_gmt":"2026-05-01T02:22:50","slug":"cronicas-politicas-por-alberto-guerra-salazar-691","status":"publish","type":"post","link":"https:\/\/www.buroperiodistico.com.mx\/?p=210937","title":{"rendered":"CRONICAS POLITICAS\/ Por Alberto Guerra Salazar"},"content":{"rendered":"<p><strong><em>30DE ABRIL 2026<\/em><\/strong><\/p>\n<p style=\"text-align: center;\"><em><strong>El calvario de Reynosa<\/strong><\/em><\/p>\n<p>CIUDAD VICTORIA, (ASI).\u2014 La explanada de la Torre Bicentenario de Ciudad Victoria se convirti\u00f3 en el principal escenario de la fiesta organizada por el INJUVE en honor de los ni\u00f1os, con juegos tradicionales que fueron la delicia de chicos y grandes.<\/p>\n<p>Fue nutrida la participaci\u00f3n de funcionarios estatales y servidores p\u00fablicos en esta celebraci\u00f3n, pue se sumaron a las din\u00e1micas y generando un ambiente que rompi\u00f3 la formalidad del entorno administrativo.<\/p>\n<p>\u201cNuestro objetivo es recordar que la juventud y la ni\u00f1ez son el coraz\u00f3n de nuestra transformaci\u00f3n; al jugar no solo nos divertimos, sino que reconstruimos la confianza y el respeto entre ciudadanos\u201d, se\u00f1al\u00f3 el funcionario durante el desarrollo de la actividad.<\/p>\n<p>La respuesta de la ciudadan\u00eda y de los trabajadores reafirm\u00f3 el \u00e9xito de la convocatoria, evidenciando la necesidad de mantener vivos los juegos tradicionales frente al auge de la era digital.<\/p>\n<p>El evento se alinea con las pol\u00edticas de bienestar impulsada por el gobierno del Estado, y se priorizan espacios que dignifiquen la convivencia familiar, asegurando que el humanismo y el rescate de nuestros valores sean ejes rectores para el futuro de los ni\u00f1os tamaulipecos.<\/p>\n<p>En otros temas, Reynosa volvi\u00f3 a mancharse de sangre con la ejecuci\u00f3n de un var\u00f3n y la muerte colateral de una joven estudiante, a la altura del bulevar Hidalgo frente a un monumento de PEMEX.<\/p>\n<p>El presidente municipal Carlos Pe\u00f1a Ortiz se apresur\u00f3 a desmarcarse de la ola de violencia que envuelve a esa martirizada ciudad, exigiendo la participaci\u00f3n de autoridades federales y estatales para restablecer all\u00ed el imperio de la ley.<\/p>\n<p>En tanto que la diputada local de MORENA Magaly Deandar emiti\u00f3 un rotundo rechazo a los estallidos de violencia, urgiendo al gobierno a actuar con prontitud para conseguir que vuelva la paz a las ciudades.<\/p>\n<p>Reynosa es una ciudad fronteriza donde la violencia se ha arraigado y el gobierno combate a los delincuentes con saliva pues la cacareada coordinaci\u00f3n institucional, as\u00ed como las mesas de seguridad, son puro jarabe de pico.<\/p>\n<p>El sector empresarial de esa ciudad fronteriza empieza a perder la paciencia ante la impotencia de las autoridades de los tres niveles de gobierno, urgiendo en t\u00e9rminos perentorios una acci\u00f3n m\u00e1s en\u00e9rgica para pacificar a Reynosa.<\/p>\n<p>En asuntos econ\u00f3micos, la CANACINTRA emiti\u00f3 a trav\u00e9s de un comunicado de su representante en Reynosa Federico Alan\u00eds Pe\u00f1a si postura respecto de la aprobaci\u00f3n de la jornada laboral de 40 horas en M\u00e9xico.<\/p>\n<p>Dice el documento, de manera textual:<\/p>\n<p>\u201cReconocemos este avance como parte de las tendencias globales en favor del bienestar laboral; sin embargo, su implementaci\u00f3n debe considerar los retos econ\u00f3micos, operativos y de competitividad, especialmente para las MIPYMES.<\/p>\n<p>\u201cProponemos la creaci\u00f3n de un Programa Nacional de Transici\u00f3n Productiva que acompa\u00f1e esta reforma con incentivos, impulso a la productividad y esquemas de flexibilidad laboral que faciliten su adopci\u00f3n.<\/p>\n<p>\u201cReiteramos la importancia de una transici\u00f3n gradual, con di\u00e1logo efectivo, que garantice equilibrio con desarrollo social y competitividad\u201d.<\/p>\n<p>Correo electr\u00f3nico: albertoguerra65@hotmail.com<\/p>\n","protected":false},"excerpt":{"rendered":"<p>30DE ABRIL 2026 El calvario de Reynosa CIUDAD VICTORIA, (ASI).\u2014 La explanada de la Torre&#8230;<\/p>\n","protected":false},"author":1,"featured_media":149413,"comment_status":"closed","ping_status":"closed","sticky":false,"template":"","format":"standard","meta":{"footnotes":"","jetpack_publicize_message":"","jetpack_publicize_feature_enabled":true,"jetpack_social_post_already_shared":true,"jetpack_social_options":{"image_generator_settings":{"template":"highway","default_image_id":0,"font":"","enabled":false},"version":2}},"categories":[23],"tags":[],"class_list":["post-210937","post","type-post","status-publish","format-standard","has-post-thumbnail","hentry","category-columnas"],"jetpack_publicize_connections":[],"_links":{"self":[{"href":"https:\/\/www.buroperiodistico.com.mx\/index.php?rest_route=\/wp\/v2\/posts\/210937","targetHints":{"allow":["GET"]}}],"collection":[{"href":"https:\/\/www.buroperiodistico.com.mx\/index.php?rest_route=\/wp\/v2\/posts"}],"about":[{"href":"https:\/\/www.buroperiodistico.com.mx\/index.php?rest_route=\/wp\/v2\/types\/post"}],"author":[{"embeddable":true,"href":"https:\/\/www.buroperiodistico.com.mx\/index.php?rest_route=\/wp\/v2\/users\/1"}],"replies":[{"embeddable":true,"href":"https:\/\/www.buroperiodistico.com.mx\/index.php?rest_route=%2Fwp%2Fv2%2Fcomments&post=210937"}],"version-history":[{"count":1,"href":"https:\/\/www.buroperiodistico.com.mx\/index.php?rest_route=\/wp\/v2\/posts\/210937\/revisions"}],"predecessor-version":[{"id":210938,"href":"https:\/\/www.buroperiodistico.com.mx\/index.php?rest_route=\/wp\/v2\/posts\/210937\/revisions\/210938"}],"wp:featuredmedia":[{"embeddable":true,"href":"https:\/\/www.buroperiodistico.com.mx\/index.php?rest_route=\/wp\/v2\/media\/149413"}],"wp:attachment":[{"href":"https:\/\/www.buroperiodistico.com.mx\/index.php?rest_route=%2Fwp%2Fv2%2Fmedia&parent=210937"}],"wp:term":[{"taxonomy":"category","embeddable":true,"href":"https:\/\/www.buroperiodistico.com.mx\/index.php?rest_route=%2Fwp%2Fv2%2Fcategories&post=210937"},{"taxonomy":"post_tag","embeddable":true,"href":"https:\/\/www.buroperiodistico.com.mx\/index.php?rest_route=%2Fwp%2Fv2%2Ftags&post=210937"}],"curies":[{"name":"wp","href":"https:\/\/api.w.org\/{rel}","templated":true}]}}