{"id":210934,"date":"2026-04-30T21:15:25","date_gmt":"2026-05-01T02:15:25","guid":{"rendered":"https:\/\/www.buroperiodistico.com.mx\/?p=210934"},"modified":"2026-04-30T21:15:25","modified_gmt":"2026-05-01T02:15:25","slug":"senado-de-la-republica-consolida-avances-legislativos-cumpliendo-al-pueblo-de-mexico-y-de-tamaulipas","status":"publish","type":"post","link":"https:\/\/www.buroperiodistico.com.mx\/?p=210934","title":{"rendered":"Senado de la Rep\u00fablica consolida avances legislativos cumpliendo al pueblo de M\u00e9xico y de Tamaulipas"},"content":{"rendered":"<ul>\n<li><strong><em>El Segundo Periodo Ordinario reafirma el compromiso con la transformaci\u00f3n, la justicia social y el fortalecimiento del Estado de derecho: Senadora Olga Sosa<\/em><\/strong><\/li>\n<\/ul>\n<p><strong><img loading=\"lazy\" decoding=\"async\" class=\" wp-image-210935 alignright\" src=\"https:\/\/www.buroperiodistico.com.mx\/wp-content\/uploads\/2026\/04\/Olgax-15.jpeg\" alt=\"\" width=\"543\" height=\"341\" srcset=\"https:\/\/www.buroperiodistico.com.mx\/wp-content\/uploads\/2026\/04\/Olgax-15.jpeg 1024w, https:\/\/www.buroperiodistico.com.mx\/wp-content\/uploads\/2026\/04\/Olgax-15-300x188.jpeg 300w, https:\/\/www.buroperiodistico.com.mx\/wp-content\/uploads\/2026\/04\/Olgax-15-768x482.jpeg 768w\" sizes=\"auto, (max-width: 543px) 100vw, 543px\" \/>Ciudad de M\u00e9xico (30-Abril-2026).-<\/strong> Durante el Segundo Periodo Ordinario de Sesiones del Segundo A\u00f1o de Ejercicio de la LXVI Legislatura, el Senado de la Rep\u00fablica desarroll\u00f3 una intensa agenda de trabajo que refleja la consolidaci\u00f3n del segundo piso del proyecto de transformaci\u00f3n nacional impulsado desde el Gobierno de M\u00e9xico, en coordinaci\u00f3n con la presidenta Claudia Sheinbaum Pardo.<\/p>\n<p>En este periodo se llevaron a cabo 28 sesiones ordinarias, una de Congreso General y cuatro solemnes, en las que se aprobaron reformas estructurales orientadas a ampliar derechos, reducir desigualdades y fortalecer las instituciones del pa\u00eds; destacan tambi\u00e9n iniciativas propias de la senadora Sosa Ruiz, respecto a la defensa del consumidor y protecci\u00f3n de datos personales por el pleno y mujeres rurales y t\u00edtulos con lenguaje incluyente en comisiones.<\/p>\n<p>Entre los avances m\u00e1s relevantes destacan cuatro reformas constitucionales: la reducci\u00f3n de la jornada laboral; el establecimiento de l\u00edmites a jubilaciones y pensiones en el sector p\u00fablico; el fortalecimiento de los mecanismos de participaci\u00f3n democr\u00e1tica; y la incorporaci\u00f3n del feminicidio como una materia con mayor alcance en la Constituci\u00f3n.<br \/>\nAsimismo, se aprobaron dos nuevas leyes: una orientada al fomento de la inversi\u00f3n en infraestructura estrat\u00e9gica para el desarrollo con bienestar, y otra que fortalece la industria cultural mediante la expedici\u00f3n de la Ley Federal de Cine y Audiovisual.<\/p>\n<p>El Senado tambi\u00e9n concret\u00f3 34 reformas a diversos ordenamientos legales, que inciden directamente en la vida de las y los mexicanos.<\/p>\n<p>Estas modificaciones abarcan materias como derechos laborales, igualdad sustantiva, desarrollo rural, protecci\u00f3n de datos personales, acceso a la cultura, vivienda adecuada, inclusi\u00f3n de personas con discapacidad, protecci\u00f3n de los pueblos ind\u00edgenas y fortalecimiento de la educaci\u00f3n, entre otras.<\/p>\n<p>De manera particular, se avanz\u00f3 en la armonizaci\u00f3n de leyes con enfoque de justicia social, destacando reformas en favor de mujeres, comunidades rurales e ind\u00edgenas, as\u00ed como el reconocimiento de derechos en materia de orientaci\u00f3n sexual, identidad y expresi\u00f3n de g\u00e9nero, consolidando un marco jur\u00eddico m\u00e1s incluyente.<\/p>\n<p>Durante el periodo tambi\u00e9n se aprobaron 23 decretos, entre los que destacan autorizaciones para la participaci\u00f3n de las Fuerzas Armadas en ejercicios internacionales, la emisi\u00f3n de monedas conmemorativas rumbo al Mundial FIFA 2026, la aprobaci\u00f3n del Plan Estrat\u00e9gico de Procuraci\u00f3n de Justicia 2026-2029, as\u00ed como la declaratoria de diversos d\u00edas nacionales que reconocen sectores productivos, culturales y de salud.<\/p>\n<p>En el \u00e1mbito institucional, el Senado aval\u00f3 nombramientos relevantes en materia diplom\u00e1tica \u2014como embajadores en Belice, Guatemala y ante la OMC\u2014, as\u00ed como designaciones en \u00f3rganos estrat\u00e9gicos del Estado mexicano, fortaleciendo la presencia y representaci\u00f3n de M\u00e9xico en el exterior.<\/p>\n<p>En este contexto, la senadora Olga Patricia Sosa Ru\u00edz destac\u00f3 que los trabajos legislativos realizados confirman que la transformaci\u00f3n del pa\u00eds avanza con firmeza desde el Senado, construyendo un marco legal que pone en el centro a las personas, especialmente a quienes hist\u00f3ricamente han sido relegadas.<\/p>\n<p>Asimismo, se inform\u00f3 que durante este periodo la senadora Olga Sosa present\u00f3 22 iniciativas, enfocadas en el fortalecimiento de derechos sociales, el desarrollo rural, la igualdad de g\u00e9nero y la modernizaci\u00f3n del marco jur\u00eddico, contribuyendo activamente a la agenda legislativa de la transformaci\u00f3n.<\/p>\n<p>La legisladora enfatiz\u00f3 que el Senado act\u00faa con responsabilidad para fortalecer el Estado de derecho con una visi\u00f3n humanista: Este periodo demuestra que cuando se gobierna con principios y compromiso social, es posible avanzar en la construcci\u00f3n de un M\u00e9xico m\u00e1s equitativo, donde la justicia llegue primero a quienes m\u00e1s lo necesitan.<\/p>\n<p>Con estos resultados, el Senado de la Rep\u00fablica reafirma su papel como un pilar fundamental en la consolidaci\u00f3n de la Cuarta Transformaci\u00f3n, cumpliendo con el mandato del pueblo de M\u00e9xico y avanzando en la construcci\u00f3n de un pa\u00eds con mayor bienestar, justicia y dignidad para todas y todos.<\/p>\n","protected":false},"excerpt":{"rendered":"<p>El Segundo Periodo Ordinario reafirma el compromiso con la transformaci\u00f3n, la justicia social y el&#8230;<\/p>\n","protected":false},"author":1,"featured_media":210935,"comment_status":"closed","ping_status":"closed","sticky":false,"template":"","format":"standard","meta":{"footnotes":"","jetpack_publicize_message":"","jetpack_publicize_feature_enabled":true,"jetpack_social_post_already_shared":true,"jetpack_social_options":{"image_generator_settings":{"template":"highway","default_image_id":0,"font":"","enabled":false},"version":2}},"categories":[11],"tags":[],"class_list":["post-210934","post","type-post","status-publish","format-standard","has-post-thumbnail","hentry","category-nacional"],"jetpack_publicize_connections":[],"_links":{"self":[{"href":"https:\/\/www.buroperiodistico.com.mx\/index.php?rest_route=\/wp\/v2\/posts\/210934","targetHints":{"allow":["GET"]}}],"collection":[{"href":"https:\/\/www.buroperiodistico.com.mx\/index.php?rest_route=\/wp\/v2\/posts"}],"about":[{"href":"https:\/\/www.buroperiodistico.com.mx\/index.php?rest_route=\/wp\/v2\/types\/post"}],"author":[{"embeddable":true,"href":"https:\/\/www.buroperiodistico.com.mx\/index.php?rest_route=\/wp\/v2\/users\/1"}],"replies":[{"embeddable":true,"href":"https:\/\/www.buroperiodistico.com.mx\/index.php?rest_route=%2Fwp%2Fv2%2Fcomments&post=210934"}],"version-history":[{"count":1,"href":"https:\/\/www.buroperiodistico.com.mx\/index.php?rest_route=\/wp\/v2\/posts\/210934\/revisions"}],"predecessor-version":[{"id":210936,"href":"https:\/\/www.buroperiodistico.com.mx\/index.php?rest_route=\/wp\/v2\/posts\/210934\/revisions\/210936"}],"wp:featuredmedia":[{"embeddable":true,"href":"https:\/\/www.buroperiodistico.com.mx\/index.php?rest_route=\/wp\/v2\/media\/210935"}],"wp:attachment":[{"href":"https:\/\/www.buroperiodistico.com.mx\/index.php?rest_route=%2Fwp%2Fv2%2Fmedia&parent=210934"}],"wp:term":[{"taxonomy":"category","embeddable":true,"href":"https:\/\/www.buroperiodistico.com.mx\/index.php?rest_route=%2Fwp%2Fv2%2Fcategories&post=210934"},{"taxonomy":"post_tag","embeddable":true,"href":"https:\/\/www.buroperiodistico.com.mx\/index.php?rest_route=%2Fwp%2Fv2%2Ftags&post=210934"}],"curies":[{"name":"wp","href":"https:\/\/api.w.org\/{rel}","templated":true}]}}