{"id":210920,"date":"2026-04-30T19:24:36","date_gmt":"2026-05-01T00:24:36","guid":{"rendered":"https:\/\/www.buroperiodistico.com.mx\/?p=210920"},"modified":"2026-04-30T19:24:36","modified_gmt":"2026-05-01T00:24:36","slug":"toman-protesta-a-integrantes-del-consejo-estatal-de-nutricion","status":"publish","type":"post","link":"https:\/\/www.buroperiodistico.com.mx\/?p=210920","title":{"rendered":"Toman protesta a integrantes del Consejo Estatal de Nutrici\u00f3n"},"content":{"rendered":"<p><em><strong><img loading=\"lazy\" decoding=\"async\" class=\" wp-image-210923 alignright\" src=\"https:\/\/www.buroperiodistico.com.mx\/wp-content\/uploads\/2026\/04\/SSTNutricion.jpeg\" alt=\"\" width=\"485\" height=\"295\" srcset=\"https:\/\/www.buroperiodistico.com.mx\/wp-content\/uploads\/2026\/04\/SSTNutricion.jpeg 1024w, https:\/\/www.buroperiodistico.com.mx\/wp-content\/uploads\/2026\/04\/SSTNutricion-300x183.jpeg 300w, https:\/\/www.buroperiodistico.com.mx\/wp-content\/uploads\/2026\/04\/SSTNutricion-768x467.jpeg 768w\" sizes=\"auto, (max-width: 485px) 100vw, 485px\" \/>Ciudad Victoria, Tamaulipas (30-Abril-2026).-<\/strong><\/em> Con el objetivo de formalizar la integraci\u00f3n y operaci\u00f3n del Consejo Estatal de Nutrici\u00f3n (CEN), la secretaria de Salud, Adriana Marcela Hern\u00e1ndez Campos, realiz\u00f3 la Firma del Acta de Actualizaci\u00f3n y tom\u00f3 protesta a los integrantes que forman parte de este \u00f3rgano colegiado.<\/p>\n<p>En este evento protocolario, se establecieron las bases para la implementaci\u00f3n de estrategias integrales dirigidas a la prevenci\u00f3n y control de los principales problemas nutricionales como el sobrepeso, la obesidad y la desnutrici\u00f3n.<\/p>\n<p>Hern\u00e1ndez Campos, destac\u00f3 que, la malnutrici\u00f3n genera muchos problemas de salud, pero solamente se han enfocado en atender las patolog\u00edas provocadas por \u00e9sta y para ello existe este Consejo, en donde se analiza el trabajo de cada una de las instituciones para solucionar este problema de salud p\u00fablica.<\/p>\n<p>En este espacio permanente de trabajo y colaboraci\u00f3n interinstitucional, se present\u00f3 el funcionamiento del CEN y la estrategia nacional \u201cNutriendo Futuros Saludables\u201d, la cual est\u00e1 orientada a fortalecer la detecci\u00f3n y atenci\u00f3n de la desnutrici\u00f3n aguda en ni\u00f1as y ni\u00f1os menores de cinco a\u00f1os, con la b\u00fasqueda activa de casos y mediante brigadas de salud para otorgar el tratamiento oportuno.<\/p>\n<p>En este contexto, la secretaria de Salud se\u00f1al\u00f3 que, el problema de la malnutrici\u00f3n es muy alarmante, por ello, es necesario puntualizar que se debe formar parte de la concientizaci\u00f3n y tomar participaci\u00f3n desde el hogar, y la dependencia estatal imparte diplomados y capacitaciones al recurso humano a trav\u00e9s de la direcci\u00f3n de Medicina de Estilo de Vida Saludable.<\/p>\n<p>La funcionaria estatal, reconoci\u00f3 el profesionalismo que han mostrado los integrantes en este Consejo de Nutrici\u00f3n, el trabajo, esfuerzo, dedicaci\u00f3n e inter\u00e9s que han tenido por el bienestar de todo el pueblo tamaulipeco, como lo ha indicado el gobernador Am\u00e9rico Villarreal Anaya.<\/p>\n<p>La instalaci\u00f3n y formalizaci\u00f3n del Consejo Estatal de Nutrici\u00f3n, representa un paso trascendental en el fortalecimiento del sistema de salud, al consolidar espacios de coordinaci\u00f3n interinstitucional que permiten generar estrategias, pero tambi\u00e9n acciones, orientadas a mejorar las condiciones de vida de la poblaci\u00f3n, puntualiz\u00f3 Adriana Marcela Hern\u00e1ndez Campos durante la primera reuni\u00f3n del CEN.<\/p>\n<p>En este evento, que se llev\u00f3 a cabo en las instalaciones del DIF Estatal, se cont\u00f3 con la asistencia de la directora general del Sistema DIF Tamaulipas, Patricia Eugenia Lara Ayala; el coordinador estatal del IMSS- Bienestar, Marggid Antonio Rodr\u00edguez Avenda\u00f1o; el titular del \u00d3rgano de Operaci\u00f3n Administrativa Desconcentrado del IMSS Tamaulipas, Jos\u00e9 Luis Aranza Aguilar; la secretaria de Bienestar Social, Silvia Lucero Casas Gonz\u00e1lez; la directora general de Pol\u00edticas de Salud y Bienestar Poblacional, Sergia Ju\u00e1rez Delgado, entre otros integrantes.<\/p>\n<p><img loading=\"lazy\" decoding=\"async\" class=\"aligncenter size-full wp-image-210921\" src=\"https:\/\/www.buroperiodistico.com.mx\/wp-content\/uploads\/2026\/04\/SSTNutricion-I.jpeg\" alt=\"\" width=\"640\" height=\"427\" srcset=\"https:\/\/www.buroperiodistico.com.mx\/wp-content\/uploads\/2026\/04\/SSTNutricion-I.jpeg 640w, https:\/\/www.buroperiodistico.com.mx\/wp-content\/uploads\/2026\/04\/SSTNutricion-I-300x200.jpeg 300w\" sizes=\"auto, (max-width: 640px) 100vw, 640px\" \/> <img loading=\"lazy\" decoding=\"async\" class=\"aligncenter size-full wp-image-210922\" src=\"https:\/\/www.buroperiodistico.com.mx\/wp-content\/uploads\/2026\/04\/SSTNutricion-II.jpeg\" alt=\"\" width=\"640\" height=\"457\" srcset=\"https:\/\/www.buroperiodistico.com.mx\/wp-content\/uploads\/2026\/04\/SSTNutricion-II.jpeg 640w, https:\/\/www.buroperiodistico.com.mx\/wp-content\/uploads\/2026\/04\/SSTNutricion-II-300x214.jpeg 300w\" sizes=\"auto, (max-width: 640px) 100vw, 640px\" \/><\/p>\n","protected":false},"excerpt":{"rendered":"<p>Ciudad Victoria, Tamaulipas (30-Abril-2026).- Con el objetivo de formalizar la integraci\u00f3n y operaci\u00f3n del Consejo&#8230;<\/p>\n","protected":false},"author":1,"featured_media":210923,"comment_status":"closed","ping_status":"closed","sticky":false,"template":"","format":"standard","meta":{"footnotes":"","jetpack_publicize_message":"","jetpack_publicize_feature_enabled":true,"jetpack_social_post_already_shared":true,"jetpack_social_options":{"image_generator_settings":{"template":"highway","default_image_id":0,"font":"","enabled":false},"version":2}},"categories":[10],"tags":[],"class_list":["post-210920","post","type-post","status-publish","format-standard","has-post-thumbnail","hentry","category-tamaulipas"],"jetpack_publicize_connections":[],"_links":{"self":[{"href":"https:\/\/www.buroperiodistico.com.mx\/index.php?rest_route=\/wp\/v2\/posts\/210920","targetHints":{"allow":["GET"]}}],"collection":[{"href":"https:\/\/www.buroperiodistico.com.mx\/index.php?rest_route=\/wp\/v2\/posts"}],"about":[{"href":"https:\/\/www.buroperiodistico.com.mx\/index.php?rest_route=\/wp\/v2\/types\/post"}],"author":[{"embeddable":true,"href":"https:\/\/www.buroperiodistico.com.mx\/index.php?rest_route=\/wp\/v2\/users\/1"}],"replies":[{"embeddable":true,"href":"https:\/\/www.buroperiodistico.com.mx\/index.php?rest_route=%2Fwp%2Fv2%2Fcomments&post=210920"}],"version-history":[{"count":1,"href":"https:\/\/www.buroperiodistico.com.mx\/index.php?rest_route=\/wp\/v2\/posts\/210920\/revisions"}],"predecessor-version":[{"id":210924,"href":"https:\/\/www.buroperiodistico.com.mx\/index.php?rest_route=\/wp\/v2\/posts\/210920\/revisions\/210924"}],"wp:featuredmedia":[{"embeddable":true,"href":"https:\/\/www.buroperiodistico.com.mx\/index.php?rest_route=\/wp\/v2\/media\/210923"}],"wp:attachment":[{"href":"https:\/\/www.buroperiodistico.com.mx\/index.php?rest_route=%2Fwp%2Fv2%2Fmedia&parent=210920"}],"wp:term":[{"taxonomy":"category","embeddable":true,"href":"https:\/\/www.buroperiodistico.com.mx\/index.php?rest_route=%2Fwp%2Fv2%2Fcategories&post=210920"},{"taxonomy":"post_tag","embeddable":true,"href":"https:\/\/www.buroperiodistico.com.mx\/index.php?rest_route=%2Fwp%2Fv2%2Ftags&post=210920"}],"curies":[{"name":"wp","href":"https:\/\/api.w.org\/{rel}","templated":true}]}}