{"id":210909,"date":"2026-04-30T19:13:13","date_gmt":"2026-05-01T00:13:13","guid":{"rendered":"https:\/\/www.buroperiodistico.com.mx\/?p=210909"},"modified":"2026-04-30T19:13:13","modified_gmt":"2026-05-01T00:13:13","slug":"fortalece-sebien-mecanismos-de-fiscalizacion-ciudadana","status":"publish","type":"post","link":"https:\/\/www.buroperiodistico.com.mx\/?p=210909","title":{"rendered":"Fortalece SEBIEN mecanismos de fiscalizaci\u00f3n ciudadana"},"content":{"rendered":"<p><em><strong><img loading=\"lazy\" decoding=\"async\" class=\" wp-image-210911 alignright\" src=\"https:\/\/www.buroperiodistico.com.mx\/wp-content\/uploads\/2026\/04\/SBSciudadana.jpeg\" alt=\"\" width=\"455\" height=\"275\" srcset=\"https:\/\/www.buroperiodistico.com.mx\/wp-content\/uploads\/2026\/04\/SBSciudadana.jpeg 1024w, https:\/\/www.buroperiodistico.com.mx\/wp-content\/uploads\/2026\/04\/SBSciudadana-300x181.jpeg 300w, https:\/\/www.buroperiodistico.com.mx\/wp-content\/uploads\/2026\/04\/SBSciudadana-768x464.jpeg 768w\" sizes=\"auto, (max-width: 455px) 100vw, 455px\" \/>Ciudad Victoria, Tamaulipas (30-Abril-2026).-<\/strong><\/em> Con el objetivo de fortalecer la transparencia y la participaci\u00f3n ciudadana en la supervisi\u00f3n de los recursos p\u00fablicos, la Secretar\u00eda de Bienestar Social del Gobierno del Estado que encabeza Silvia Casas Gonz\u00e1lez, llev\u00f3 a cabo una capacitaci\u00f3n sobre el esquema de Contralor\u00eda Social, dirigida a enlaces y responsables de los diversos programas sociales.<\/p>\n<p>A trav\u00e9s de esta capacitaci\u00f3n, mencion\u00f3 que el gobierno de Am\u00e9rico Villarreal Anaya promueve y garantiza que la Contralor\u00eda Social sea un mecanismo fundamental que permite a las y los beneficiarios involucrarse de manera organizada en la vigilancia del ejercicio de los recursos, contribuyendo as\u00ed a garantizar su correcta aplicaci\u00f3n y el cumplimiento de los objetivos de cada programa.<\/p>\n<p>La capacitaci\u00f3n se realiz\u00f3 el pasado 29 de abril de 2026, bajo una modalidad h\u00edbrida: presencial para el personal de oficinas centrales en la Sala de Juntas de la Secretar\u00eda de Bienestar Social, y virtual para participantes for\u00e1neos.<\/p>\n<p>La jornada fue impartida por la Secretar\u00eda T\u00e9cnica, a trav\u00e9s de H\u00e9ctor C\u00e1rdenas y Jorge Alberto Reyes, quienes brindaron herramientas y lineamientos clave para la implementaci\u00f3n y fortalecimiento de la Contralor\u00eda Social en los distintos programas.<\/p>\n<p>La titular de la SEBIEN precis\u00f3 que los mecanismos de participaci\u00f3n ciudadana en la supervisi\u00f3n de los recursos p\u00fablicos permiten que la poblaci\u00f3n vigile c\u00f3mo se usan los fondos gubernamentales, fortaleciendo la transparencia y la rendici\u00f3n de cuentas.<\/p>\n<p>Entre los principales destacan la Contralor\u00eda Social, donde beneficiarios supervisan programas; los comit\u00e9s ciudadanos de vigilancia, que revisan obras y servicios; el acceso a la informaci\u00f3n p\u00fablica, garantizado por el Instituto Nacional de Transparencia, Acceso a la Informaci\u00f3n y Protecci\u00f3n de Datos Personales; y los mecanismos de denuncia, para reportar irregularidades.<\/p>\n<p>\u201cEn conjunto, estos instrumentos permiten un uso m\u00e1s eficiente y transparente de los recursos, al involucrar directamente a la ciudadan\u00eda en su seguimiento y evaluaci\u00f3n\u201d, puntualiz\u00f3 Casas Gonz\u00e1lez.<\/p>\n<p>Cabe mencionar que desde la Secretar\u00eda de Bienestar Social se reafirma el compromiso de seguir promoviendo acciones que fortalezcan la transparencia, la rendici\u00f3n de cuentas y la participaci\u00f3n activa de la ciudadan\u00eda en la vida p\u00fablica del estado.<\/p>\n<p><img loading=\"lazy\" decoding=\"async\" class=\"aligncenter size-full wp-image-210910\" src=\"https:\/\/www.buroperiodistico.com.mx\/wp-content\/uploads\/2026\/04\/SBSciudadana-I.jpeg\" alt=\"\" width=\"640\" height=\"426\" srcset=\"https:\/\/www.buroperiodistico.com.mx\/wp-content\/uploads\/2026\/04\/SBSciudadana-I.jpeg 640w, https:\/\/www.buroperiodistico.com.mx\/wp-content\/uploads\/2026\/04\/SBSciudadana-I-300x200.jpeg 300w\" sizes=\"auto, (max-width: 640px) 100vw, 640px\" \/><\/p>\n","protected":false},"excerpt":{"rendered":"<p>Ciudad Victoria, Tamaulipas (30-Abril-2026).- Con el objetivo de fortalecer la transparencia y la participaci\u00f3n ciudadana&#8230;<\/p>\n","protected":false},"author":1,"featured_media":210911,"comment_status":"closed","ping_status":"closed","sticky":false,"template":"","format":"standard","meta":{"footnotes":"","jetpack_publicize_message":"","jetpack_publicize_feature_enabled":true,"jetpack_social_post_already_shared":true,"jetpack_social_options":{"image_generator_settings":{"template":"highway","default_image_id":0,"font":"","enabled":false},"version":2}},"categories":[10],"tags":[],"class_list":["post-210909","post","type-post","status-publish","format-standard","has-post-thumbnail","hentry","category-tamaulipas"],"jetpack_publicize_connections":[],"_links":{"self":[{"href":"https:\/\/www.buroperiodistico.com.mx\/index.php?rest_route=\/wp\/v2\/posts\/210909","targetHints":{"allow":["GET"]}}],"collection":[{"href":"https:\/\/www.buroperiodistico.com.mx\/index.php?rest_route=\/wp\/v2\/posts"}],"about":[{"href":"https:\/\/www.buroperiodistico.com.mx\/index.php?rest_route=\/wp\/v2\/types\/post"}],"author":[{"embeddable":true,"href":"https:\/\/www.buroperiodistico.com.mx\/index.php?rest_route=\/wp\/v2\/users\/1"}],"replies":[{"embeddable":true,"href":"https:\/\/www.buroperiodistico.com.mx\/index.php?rest_route=%2Fwp%2Fv2%2Fcomments&post=210909"}],"version-history":[{"count":1,"href":"https:\/\/www.buroperiodistico.com.mx\/index.php?rest_route=\/wp\/v2\/posts\/210909\/revisions"}],"predecessor-version":[{"id":210912,"href":"https:\/\/www.buroperiodistico.com.mx\/index.php?rest_route=\/wp\/v2\/posts\/210909\/revisions\/210912"}],"wp:featuredmedia":[{"embeddable":true,"href":"https:\/\/www.buroperiodistico.com.mx\/index.php?rest_route=\/wp\/v2\/media\/210911"}],"wp:attachment":[{"href":"https:\/\/www.buroperiodistico.com.mx\/index.php?rest_route=%2Fwp%2Fv2%2Fmedia&parent=210909"}],"wp:term":[{"taxonomy":"category","embeddable":true,"href":"https:\/\/www.buroperiodistico.com.mx\/index.php?rest_route=%2Fwp%2Fv2%2Fcategories&post=210909"},{"taxonomy":"post_tag","embeddable":true,"href":"https:\/\/www.buroperiodistico.com.mx\/index.php?rest_route=%2Fwp%2Fv2%2Ftags&post=210909"}],"curies":[{"name":"wp","href":"https:\/\/api.w.org\/{rel}","templated":true}]}}