{"id":210900,"date":"2026-04-30T19:00:52","date_gmt":"2026-05-01T00:00:52","guid":{"rendered":"https:\/\/www.buroperiodistico.com.mx\/?p=210900"},"modified":"2026-04-30T19:00:52","modified_gmt":"2026-05-01T00:00:52","slug":"senal-politica-por-anwar-a-vivian-peralta-215","status":"publish","type":"post","link":"https:\/\/www.buroperiodistico.com.mx\/?p=210900","title":{"rendered":"SE\u00d1AL POLITICA\/ Por: ANWAR A. VIVIAN PERALTA"},"content":{"rendered":"<ul>\n<li><strong><em>LE LLUEVE SOBRE MOJADO A SAMUEL BADILLO EN REYNOSA<\/em><\/strong><\/li>\n<li><strong><em>LE SACAN A FLOTE EX GESTORAS SUS ACTITUDES REVANCHISTAS<\/em><\/strong><\/li>\n<li><strong><em>CELEBRA MARCELO OLAN EL DIA DE LA NI\u00d1A Y EL NI\u00d1O EN REYNOSA<\/em><\/strong><\/li>\n<\/ul>\n<p><em><strong>(30-Abril-2026).-<\/strong><\/em> El eco de las risas infantiles no solo llen\u00f3 los patios de las escuelas \u00abSerapio Cant\u00fa Barrag\u00e1n\u00bb y \u00abNissan 65\u00bb; este fin de semana, transform\u00f3 por completo la atm\u00f3sfera del fraccionamiento Villa Florida en lo que fu\u00e9 un despliegue de color, dulces y esperanza para m\u00e1s de 500 ni\u00f1os y ni\u00f1as que fueron los protagonistas de una jornada que record\u00f3 que, por encima de cualquier carencia, el derecho a la alegr\u00eda es sagrado y en especial en el D\u00eda del Ni\u00f1o.<\/p>\n<p>Desde temprano, con el Lic. MARCELO OLAN MENDOZA y la Diputada MAGALY DEANDAR, el ambiente se impregn\u00f3 del aroma a dulces y el sonido de las pi\u00f1atas al romperse y no fue una entrega de apoyos cualquiera, fue un encuentro de almas donde el show de los payasos logr\u00f3 lo que a veces parece imposible en tiempos dif\u00edciles: que el tiempo se detuviera entre carcajadas.<\/p>\n<p>Los \u00abreyes del hogar\u00bb de Villa Florida corrieron sin descanso, abrazando juguetes nuevos y compartiendo bolsas de golosinas, para muchos de estos peque\u00f1os, la fiesta organizada por la fundaci\u00f3n \u00abLic. Marcelo Ol\u00e1n Mendoza\u00bb represent\u00f3 un muy especial festejo formal en su honor, convirtiendo un simple evento en un recuerdo imborrable.<\/p>\n<p>La celebraci\u00f3n no solo marc\u00f3 el D\u00eda del Ni\u00f1o, sino que subray\u00f3 una d\u00e9cada de compromiso social toda vez que el Lic. MARCELO OLAN MENDOZA, rostro principal de esta iniciativa, camin\u00f3 junto a la Diputada MAGALY DEANDAR entre las filas de ni\u00f1os porque entienden que la cercan\u00eda es el mejor regalo.<\/p>\n<p>\u00abVer sus ojos brillar es el recordatorio de por qu\u00e9 empezamos hace 10 a\u00f1os. Seguiremos trabajando porque cada ni\u00f1o de Reynosa merece un futuro digno\u00bb, expres\u00f3 Ol\u00e1n Mendoza durante la jornada.<\/p>\n<p>A su lado, la Diputada MAGALY DEANDAR se sum\u00f3 a la entrega de regalos, dialogando de cerca con los padres de familia. Juntos, no solo repartieron juguetes, sino que escucharon las inquietudes de una comunidad que ve en estos gestos un respiro y una mano amiga.<\/p>\n<p>La Fundaci\u00f3n ha cumplido una d\u00e9cada de metas, pero el mensaje de este evento fue claro: esto es solo el comienzo y la sinergia entre el organismo social y la representaci\u00f3n legislativa busc\u00f3 reafirmar un pacto con las familias de Reynosa.<\/p>\n<p>Mientras las bolsas de dulces se vaciaban, los corazones regresaban llenos a casa; en los rostros cansados de los padres y en la energ\u00eda inagotable de los menores, qued\u00f3 plasmada la verdadera esencia de la fundaci\u00f3n: llevar luz donde m\u00e1s se necesita, un ni\u00f1o a la vez.<\/p>\n<p style=\"text-align: center;\"><strong>NO HAY QUE PERDERLOS DE VISTA<\/strong><\/p>\n<p>SIN DUDA A EQUIVOCARNOS las alianzas se est\u00e1n cocinando en presencia de todos, la unidad en torno a proyectos pol\u00edticos en Reynosa avanzan fuerte<\/p>\n<p>Esto como parte de los liderazgos sociales que se tienen palpando en MORENA en este caso donde la unidad de adhesiones pol\u00edticas de acuerdo al peso y presencia social son evidentes que MAGALY DEANDAR primero las mujeres, asi como MARCELO OLAN MENDOZA se preparan para dar la batalla campal en el tema electoral de ser uno de los dos los agraciados con la propuesta de MORENA a la presidencia municipal.<\/p>\n<p>MAGALY DEANDAR, a\u00fan diputada local quien ya se reeligi\u00f3 por un segundo periodo y MARCELO OLAN MENDOZA actual funcionario estatal en el gobierno del doctor AMERICO tienen la posibilidades seg\u00fan mandate el partido sea mujer u hombre ya est\u00e1n almidonados para hacer formula pol\u00edtica para lo que se pueda ofrecer.<\/p>\n<p style=\"text-align: center;\"><strong>CONCLUYE CON \u00c9XITO COPA JOVEN 2026 EN TAMPICO<\/strong><\/p>\n<p>Tras tres d\u00edas de intensa actividad deportiva y una destacada participaci\u00f3n juvenil, la Copa Joven 2026 concluy\u00f3 con gran \u00e9xito este domingo en la Ciudad Deportiva de Tampico, consolid\u00e1ndose como un espacio de impulso al talento, la sana convivencia y la integraci\u00f3n social entre estudiantes de nivel medio superior.<\/p>\n<p>La alcaldesa MONICA VILLARREAL ANAYA destac\u00f3 que este tipo de torneos reafirman el compromiso de su administraci\u00f3n con las y los j\u00f3venes, al brindarles plataformas donde puedan desarrollarse de manera integral a trav\u00e9s del deporte.<\/p>\n<p>\u201cHoy celebramos el esfuerzo, la disciplina y la pasi\u00f3n de cada uno de los equipos participantes. Este Mundial Social de la Juventud nos demuestra que, cuando generamos oportunidades, nuestras y nuestros j\u00f3venes responden con entusiasmo y talento, fortaleciendo el tejido social\u201d, expres\u00f3.<\/p>\n<p>En esta justa deportiva participaron 16 equipos integrados por j\u00f3venes de distintas instituciones educativas p\u00fablicas y privadas, quienes demostraron su talento, disciplina y compromiso a lo largo de la competencia, fortaleciendo el esp\u00edritu deportivo y la convivencia.<\/p>\n<p>Durante la jornada de clausura, se llev\u00f3 a cabo la premiaci\u00f3n de los equipos ganadores, obteniendo el primer lugar el IEST An\u00e1huac; el segundo lugar el CETis 22; y el tercer lugar, se lo llev\u00f3 el CBTA 12; quienes recibieron incentivos econ\u00f3micos de 10 mil, 7 mil 500 y 5 mil pesos, respectivamente, adem\u00e1s de trofeos y medallas.<\/p>\n<p>MONICA VILLARREAL ANAYA subray\u00f3 que esta justa deportiva, realizada del 24 al 26 de abril en la modalidad de f\u00fatbol 7, forma parte de las acciones del programa \u201cMundial Social\u201d, estrategia de promoci\u00f3n deportiva, impulsada por la Presidenta de M\u00e9xico, Claudia Sheinbaum Pardo, y respaldada por el gobernador, Am\u00e9rico Villarreal Anaya, en el marco de la Copa Mundial de la FIFA 2026.<\/p>\n<p style=\"text-align: center;\"><strong>SUMA LUIS MIGUEL IGLESIAS A EX GESTORAS DE SEBIEN ESTATAL<\/strong><\/p>\n<p>HUYENDO DE LOS MALOS TRATOS Y bajezas del sub secretario de bienestar social del gobierno del estado, SAMUEL BADILLO AMADOR y en su actitud denigrante como funcionario en dias pasados asi como el de falsear informaci\u00f3n por lo que el gobernador lo mando a que diera la cara que tiene de mentiroso y hablador falto de compromisos con la poblaci\u00f3n.<\/p>\n<p>LAS EX GESTORAS de la secretaria de bienestar social de Tamaulipas en Reynosa optaron por sumarse con su antiguo l\u00edder social y activista pol\u00edtico hoy independiente de partidos pol\u00edticos como es LUIS MIGUEL IGLESIAS ELIZONDO quien ya abandera causas sociales como siempre se le ha conocido al joven pol\u00edtico reynosense.<\/p>\n<p>LAS HABLADURIAS y mentiras con las que hace pol\u00edtica barata SAMUEL BADILLO AMADOR, le est\u00e1n saliendo caras al gobierno de Tamaulipas, porque aparte de no cumplir como secretaria de bienestar social, involucran de pasada y le dan un SAPE a la secretaria de la dependencia en el estado SILVIA CASAS que no sabe las andanzas del susodicho y belicoso fulano que es SAMUEL BADILLO a quien lo tienen chiflado desde la torre bicentenario haciendo de las suyas como tambi\u00e9n lo hizo en Rio Bravo junto con JOSE MONCADA como delegado local de la SEBIEN y en Reynosa con un tal PABLO Que le hace y finge ser director regional de la Secretaria de bienestar social estatal, todos en contubernio quitan, borran dan de baja y dan de alta a los nombres que les vienen en gana.<\/p>\n<p style=\"text-align: center;\"><strong>SUSPIRA POR SER ALCALDE O DIPUTADO BADILLO AMADOR<\/strong><\/p>\n<p>EL QUE NO LO CONOZCA, QUE LO COMPRE, pobre chavo en serio, sali\u00f3 m\u00e1s largo que nadie, los cabecistas le hacen los mandados en aquellos tiempos a estos que llegaron de la transformaci\u00f3n.<\/p>\n<p>Aun asi, aspira a ser candidato a alcalde o a diputado local comentan que en lo bajito asi deja correr el borrego para ver si tiene eco en la poblaci\u00f3n, misma que lo conoce como es y que se duda le den un voto de confianza en ninguna de las dos posibilidades pol\u00edticas porque ya saben de quien se trata.<\/p>\n<p>Muy lamentable los epis\u00f3dicos que se vivieron en el municipio de Reynosa con la participaci\u00f3n de ex gestoras denunciando los malos tratos y el revanchismo pol\u00edtico porque no salieron las asambleas morenistas de los seccionales como lo mandato el propio SAMUEL BADILLO AMADOR.<\/p>\n<p>Resulta que a las asambleas morenistas las inflaron con la participaci\u00f3n de los comit\u00e9s de bienestar social como lo dijeron las m\u00e1s de 100 ex gestoras que fueron renunciadas por venganza del mismo SAMUEL BADILLO.<\/p>\n<p>As\u00ed sucedi\u00f3 en la ciudad de Rio Bravo donde los gestores primero ALVARO CASTILLO, NORMA MATA Y presidentes asi como comit\u00e9s completos fueron castigados por no salir las elecciones del pasado 2024 a favor de MORENA.<\/p>\n<p>Y BIEN, el sub secretario operador de la pol\u00edtica de gobierno del estado adem\u00e1s del dinero que se ha de haber embolsado, Y ME REFIERO A SAMUEL BADILLO AMADOR, es un personaje que traicion\u00f3 a AMERICO VILLARREAL SANTIAGO que fue quien le abri\u00f3 la puerta para estar donde est\u00e1 ahora.<\/p>\n<p>Se duda mucho del trabajo que desarrolla el funcionario por lo que en breve podr\u00edan estarle abriendo alguna observaci\u00f3n por parte de la contralor\u00eda.<\/p>\n<p>Pues aparte de traicionar la estructura que lo llevo a encumbrarse, ha pisoteado a personajes como MARCELO ABUNDIZ en Altamira, GUDELIA SOTERO en G\u00f3mez Far\u00edas, LUIS MIGUEL IGLESIAS en Reynosa; CLAUDIO DE LEIJA en Madero; ALBERTO MOCTEZUMA en ciudad Mante; FRANCISCO HERNANDEZ NI\u00d1O en el altiplano asi como en la zona ribere\u00f1a a JAIME HINOJOSA concretamente en Miguel Alem\u00e1n a donde no se para SAMUEL BADILLO y el conoce el motivo por el que ni siquiera respira cuando viaja por la ribere\u00f1a.<\/p>\n<p>No se diga a la ahora alcaldesa VERONICA AGIURRE como trato siempre de vapulearla sin lograrlo, siendo un elemento por estos tantos motivos que es despreciable en lo que queda de la AVANZADA TAMAULIPECA.<\/p>\n<p style=\"text-align: center;\"><strong>RECORRE TAMAULIPAS TANIA CONTRERAS<\/strong><\/p>\n<p>SIN CONFUNDIR LAS COSAS Y OBJETIVOS, y \u00fanicamente Con el firme prop\u00f3sito en el marco de su gira de trabajo por Reynosa, la magistrada presidenta del Poder Judicial, TANIA CONTRERAS, visita instalaciones judiciales y sostiene encuentros orientados a fortalecer el funcionamiento institucional desde el interior.<\/p>\n<p>Como parte central de la jornada, visit\u00f3 el Centro Integral de Justicia, recorri\u00f3 la Ciudad Judicial de Reynosa y se llev\u00f3 a cabo un foro interno con integrantes del Poder Judicial. En este espacio se abordaron \u00e1reas de oportunidad relacionadas con el desempe\u00f1o institucional, el fortalecimiento del servicio a la ciudadan\u00eda y la mejora de las condiciones laborales, planteando posibles soluciones para optimizar procesos.<\/p>\n<p>Como parte de su agenda, la magistrada presidenta imparti\u00f3 una conferencia en la Universidad M\u00e9xico Americana del Norte, en el marco de un programa enfocado en la prevenci\u00f3n del delito.<\/p>\n<p>De manera complementaria, se realizaron reuniones con representantes del sector empresarial y trabajadores, en las que se intercambiaron puntos de vista sobre el papel de la justicia en el desarrollo social y econ\u00f3mico de la regi\u00f3n.<\/p>\n<p>Esta gira de trabajo refleja la nueva visi\u00f3n del Poder Judicial: una instituci\u00f3n m\u00e1s cercana, que escucha a las personas y que se transforma desde el interior, poniendo al centro tanto a su personal como a la ciudadan\u00eda, y consolidando acciones orientadas a mejorar el servicio y fortalecer la confianza en la justicia.<\/p>\n<p style=\"text-align: center;\"><strong>GOBIERNO DE TAMPICO FORTALECE ACCIONES POR LA SALUD: MONICA VILLARREAL<\/strong><\/p>\n<p>Como parte de las acciones encaminadas a fortalecer la salud p\u00fablica y garantizar el acceso a servicios m\u00e9dicos de calidad en zonas prioritarias, el Gobierno Municipal de Tampico, encabezado por la alcaldesa MONICA VILLARREAL ANAYA, puso en marcha el programa \u201cSonrisas del Bienestar\u201d en el campo Baby P\u00e9rez, ubicado en la colonia Luis Echeverr\u00eda, donde las familias tendr\u00e1n acceso a servicios dentales totalmente gratuitos.<\/p>\n<p>Acompa\u00f1ada por el secretario de Bienestar Social, ALEJANDRO RUBIO DE LA PORTILLA; el director de la Facultad de Odontolog\u00eda de la Universidad Aut\u00f3noma de Tamaulipas, Rogelio Oliver Parra; y la regidora presidenta de la Comisi\u00f3n de Salud, Dorena Caballero Bonilla, la jefa de la comuna, destac\u00f3 que este programa tiene como prop\u00f3sito acercar servicios odontol\u00f3gicos gratuitos a la poblaci\u00f3n mediante unidades m\u00f3viles equipadas, atendidas por personal capacitado y estudiantes de \u00faltimos semestres de odontolog\u00eda.<\/p>\n<p>\u201cVamos exactamente a la mitad del camino, y un evento como este nos redobla el inter\u00e9s y las fuerzas para seguir trabajando, porque este es el verdadero motivo de todos quienes formamos parte de esta administraci\u00f3n: atender, dar respuesta y transformar vidas\u201d, expres\u00f3 la presidenta municipal.<\/p>\n<p>M\u00f3nica Villarreal subray\u00f3 que, a la fecha, el programa ha beneficiado a mil 509 personas, con la realizaci\u00f3n de 3 mil 251 tratamientos dentales completamente gratuitos, lo que representa un ahorro directo para las familias de 4 millones 332 mil 775 pesos.<\/p>\n<p>Asimismo, reiter\u00f3 que el trabajo coordinado con la Universidad Aut\u00f3noma de Tamaulipas y, en especial, con la Facultad de Odontolog\u00eda, ha sido fundamental para alcanzar estos resultados y contribuir al bienestar de la poblaci\u00f3n.<br \/>\nEl programa \u201cSonrisas del Bienestar\u201d contempla servicios como limpiezas, extracciones, restauraciones directas e indirectas, aplicaci\u00f3n de fl\u00faor, colocaci\u00f3n de placas dentales y acciones preventivas para disminuir la incidencia de enfermedades bucales.<\/p>\n<p>En esta etapa, dos unidades m\u00f3viles permanecer\u00e1n en la colonia Luis Echeverr\u00eda hasta atender a un n\u00famero significativo de habitantes, iniciando con jornadas preventivas en la Escuela Primaria \u201c5 de Febrero\u201d, mediante la atenci\u00f3n a ni\u00f1as y ni\u00f1os con la aplicaci\u00f3n de fl\u00faor.<\/p>\n<p>Cabe destacar que este programa ha recorrido diversas colonias del municipio, entre ellas Golfo, Morelos, Borreguera, Colosio y Tamaulipas, adem\u00e1s de extender su cobertura a espacios p\u00fablicos y eventos como la Feria de Profeco, Casa Maka y Multimedios, acercando estos servicios a distintos sectores de la poblaci\u00f3n.<\/p>\n<p>De manera paralela, el Gobierno Municipal mantiene una estrecha coordinaci\u00f3n con el Sistema DIF Tampico, a trav\u00e9s del cual se brindan servicios odontol\u00f3gicos gratuitos en m\u00f3dulos fijos ubicados en el Centro de Desarrollo Comunitario Morelos, el Centro de Fortalecimiento Familiar y las instalaciones del DIF en la zona centro, fortaleciendo as\u00ed la cobertura y garantizando atenci\u00f3n permanente.<\/p>\n<p style=\"text-align: center;\"><strong>AUTORIZA CABILDO DE MATAMOROS PROGRAMAS DE CONDONACION DE MULTAS EN MERCADOS MUNICIPALES<\/strong><\/p>\n<p>En un hecho hist\u00f3rico, el Cabildo de Matamoros encabezado por el presidente municipal BETO GRANADOS autoriz\u00f3 en tres sesiones ordinarias consecutivas un conjunto de programas sociales que transforman el modelo de asistencia para los matamorenses, al tiempo que se aprobaron beneficios en materia de condonaciones de multas y adeudos en mercados municipales.<\/p>\n<p>Durante la sesi\u00f3n ordinaria n\u00famero 32, se aprob\u00f3 el programa social municipal \u201cM\u00e9dico a tu casa\u201d, junto con sus reglas de operaci\u00f3n, as\u00ed como el programa \u201c1,2,3 x Mi Salud\u201d, ambos orientados a fortalecer la atenci\u00f3n m\u00e9dica y preventiva en la comunidad.<\/p>\n<p>En la sesi\u00f3n ordinaria n\u00famero 33, el Cabildo autoriz\u00f3 dos nuevos programas sociales con sus lineamientos y reglas de operaci\u00f3n: \u201cDescanso Digno\u201d, enfocado en brindar espacios adecuados para el bienestar de las familias, y \u201cOjos que s\u00ed ven, coraz\u00f3n que s\u00ed siente\u201d, destinado a la atenci\u00f3n visual de la poblaci\u00f3n.<\/p>\n<p>Posteriormente, en la sesi\u00f3n ordinaria n\u00famero 34, la Comisi\u00f3n de Hacienda, Presupuesto y Gasto P\u00fablico present\u00f3 y obtuvo la aprobaci\u00f3n para la condonaci\u00f3n del 50 por ciento del valor total de las multas por infracciones al reglamento de seguridad vial y tr\u00e1nsito municipal, incluyendo accesorios, as\u00ed como la condonaci\u00f3n del 50 por ciento de los adeudos por arrendamiento de locales en los mercados municipales Catarino Garza y Jos\u00e9 Ma. Barrientos, durante el mes de mayo del presente a\u00f1o. En esta misma sesi\u00f3n, la Comisi\u00f3n de Asentamientos Humanos y Obras P\u00fablicas aprob\u00f3 una adici\u00f3n al programa anual de obra p\u00fablica para el ejercicio fiscal 2026.<\/p>\n<p>Con estas acciones, el Gobierno de Matamoros, bajo el liderazgo de Beto Granados, marca un cambio sin precedentes en la forma de brindar asistencia social, consolidando un modelo m\u00e1s humano, integral y cercano a las necesidades de la poblaci\u00f3n.<\/p>\n<p style=\"text-align: center;\"><strong>MEJORAN CONDICIONES DE INFRAESTRUCTURA EDUCATIVA EN CD. VICTORIA: GATTAS<\/strong><\/p>\n<p>Bienestar, seguridad, salud y mejores condiciones para aprender, llev\u00f3 el alcalde EDUARDO GATTAS BAEZ a la escuela secundaria general N\u00b08 \u201cProf. Blas Uvalle Gonz\u00e1lez\u201d con la entrega de un paquete de obras que atiende necesidades b\u00e1sicas de la instituci\u00f3n.<\/p>\n<p>De la mano con la autoridad educativa representada por la Dra. NORA HILDA DE LOS REYES VAZQUEZ Subsecretaria de Educaci\u00f3n B\u00e1sica en el Estado, y acompa\u00f1ado de su esposa Sra. LUCY DE GATTAS, hizo entrega de acciones que impactan en la mejora educativa.<\/p>\n<p>\u00abMuchas gracias por la construcci\u00f3n de un acceso m\u00e1s seguro, un cruce peatonal mejor se\u00f1alizado, banquetas m\u00e1s funcionales y la instalaci\u00f3n de una cisterna que garantiza agua para todos\u00bb dijo la directora Mtra. Narda Marisela de la Garza y el alumno Leonardo Aguilar Rosario.<\/p>\n<p>EDUARDO GATTAS BAEZ convoc\u00f3 a las autoridades educativas y seguir trabajando de la mano para que ni\u00f1os y j\u00f3venes estudien en mejores condiciones, con m\u00e1s seguridad y m\u00e1s oportunidades, el compromiso dijo; hacer las cosas mejor, con gobiernos que resuelven, mejoran y cumplen.<\/p>\n<p>A este ambiente de fiesta para la Secundaria 8, se unieron el secretario del Ayuntamiento HUGO RESENDEZ SILVA; de Obras P\u00fablicas Eusebio Alfaro Reyna, el s\u00edndico Ernesto \u00c1valos, los regidores Mario Ch\u00e1vez, Lupita Perea, Alexa Gamundi, entre otros integrantes del cabildo.<\/p>\n<p style=\"text-align: center;\"><strong>DIGNIFICAN EL TRATO A USUARIOS EN COMAPA<\/strong><\/p>\n<p>Y YA QUE ANDAMOS EN LA CAPITAL DEL ESTADO, Deje le comento que hay de funcionarios a funcionarios que cumplen cabalmente su tarea de servidores p\u00fablicos.<\/p>\n<p>Uno de ellos es AGUSTIN JAIME HERNANDEZ FRAUSTO quien se encuentra dentro del equipo municipal del gobierno de EDUARDO GATTAS BAEZ.<\/p>\n<p>Y es parte del staff de la COMAPA Victoria como ejecutivo de atenci\u00f3n a usuarios en la sucursal norte y d\u00e9jeme decirle que precisamente el don de gente, la sencillez que caracteriza a SERVIDORES P\u00daBLICOS como AGUSTIN JAIME HERNANDEZ, van marcando la diferencia y esto se nota sin dudarlo.<\/p>\n<p>Usuarios de la Comisi\u00f3n municipal de agua potable y alcantarillado de la ciudad en esta sucursal hemos constatado que cuenta en AGUSTIN JAIME HERNANDEZ en un aliado del servicio a la comunidad responsable y que dignifica el trabajo y la imagen que tiene el usuario del organismo paramunicipal.<\/p>\n<p>No dudamos que elementos como AGUSTIN JAIME HERNANDEZ FRAUSTO son los que se necesitan en organismos donde la transparencia en todos los sentidos es real y este servidor p\u00fablico est\u00e1 marcando esa diferencia que ha hecho al gobierno de EDUARDO GATTAS confiable.<\/p>\n<p style=\"text-align: center;\"><strong>TRIUNFA JULIO CESAR CHAVEZ JR. EN REYNOSA<\/strong><\/p>\n<p>El Presidente Municipal CARLOS PE\u00d1A acompa\u00f1ado por el Campe\u00f3n Mundial JULIO CESAR CHAVEZ expres\u00f3 al boxeador profesional JULIO CESAR CHAVEZ JR., su felicitaci\u00f3n por el triunfo obtenido al derrotar en el ring, por nocaut t\u00e9cnico, al colombiano Jhon Caicedo, en el parque de beisbol Adolfo L\u00f3pez Mateos que recibi\u00f3 a m\u00e1s de 10 Mil aficionados.<\/p>\n<p>Junto con los espectadores, desde primera fila aplaudieron a los ganadores Alejandra Yelitza Garza, esposa del Alcalde; la Senadora MAKI ORTIZ; la Diputada Federal Claudia Alejandra Hern\u00e1ndez S\u00e1enz; el ex Campe\u00f3n Mundial Omar Figueroa y su hermano actual Campe\u00f3n Mundial Brandon Figueroa, tamaulipecos. En la pelea semi estelar el sinaloense Fernando Qui\u00f1ones derrot\u00f3 al sonorense Jos\u00e9 Hern\u00e1ndez y el p\u00fagil reynosense Gerardo \u00abEl Bendito\u00bb Estopell\u00e1n tambi\u00e9n abati\u00f3 a su contrincante.<\/p>\n<p>Un golpe de \u00e9xito vivi\u00f3 Reynosa con dos espectaculares eventos con mas de 25 mil asistentes, el encuentro en 16 peleas de box y el festejo a los ni\u00f1os y ni\u00f1as con Luli Pamp\u00edn, fiestas que alientan la sana convivencia de las familias de Reynosa y la regi\u00f3n.<\/p>\n<p style=\"text-align: center;\"><strong>TAMAULIPECO DISTINGUIDO<\/strong><\/p>\n<p>CRUZ LOPEZ AGUILAR TAMAULIPECO y originario de Camargo aunque siempre vivi\u00f3 en ciudad Gustavo D\u00edaz Ordaz, desde donde trabajo y participo en el Partido Revolucionario Institucional ocupando diversos cargos pol\u00edticos en su estructura nacional.<\/p>\n<p>Ingeniero agr\u00f3nomo de profesi\u00f3n, particip\u00f3 siempre al lado del sector agrario a nivel regional, estatal y nacional.<\/p>\n<p>Fue consejero municipal del PRI, estatal y nacional, secretario en varias comisiones de la dirigencia nacional de la CNC, Confederaci\u00f3n nacional campesina donde lleg\u00f3 a ser secretario general y posteriormente presidente del comit\u00e9 ejecutivo nacional de la CNC.<\/p>\n<p>Dos veces diputado federal y presidente de la comisi\u00f3n de agricultura en el congreso de la uni\u00f3n.<\/p>\n<p>Laboro en FERTIMEX y PRONASE a nivel nacional asi como en la Procuradur\u00eda agraria fue delegado estatal en el estado de Chihuahua y llego a ser Procurador nacional agrario en el sexenio de ENRIQUE PE\u00d1A NIETO, siendo el \u00faltimo encargo pol\u00edtico que ocupo.<\/p>\n<p>Fue un pol\u00edtico destacado en la vida nacional, siempre sencillo y dedicado a su trabajo viendo por las causas sociales de los hombres y las mujeres del campo mexicano.<\/p>\n<p>Muri\u00f3 en Monterrey, Nuevo Le\u00f3n a los 74 a\u00f1os de edad.<\/p>\n<p style=\"text-align: center;\"><strong>MAESTRO JUBILADO<\/strong><\/p>\n<p>ALEJANDRO CASTREJON BRITO, Maestro de la izquierda, activista pol\u00edtico del PRD y de MORENA desde los inicios de ambos partidos pol\u00edticos por los que fue en el primer caso diputado local plurinominal.<\/p>\n<p>Asi como dirigente municipal y estatal, consejero pol\u00edtico local, estatal y nacional del PRD con una amplia trayectoria de lucha social.<\/p>\n<p>Fue senador suplente de la Rep\u00fablica del 2006 al 2012 y actualmente sigue participando dentro de las lides pol\u00edticas desde Ciudad Reynosa manteniendo esa lucha por la democracia y la transparencia pol\u00edtica en M\u00e9xico.<\/p>\n<p style=\"text-align: center;\"><strong>EL LIDER PRIISTA<\/strong><\/p>\n<p>RAMIRO RAMOS SALINAS, originario de Nuevo Laredo, ex presidente de la sociedad de alumnos de la UAT en Nuevo Laredo, regidor del ayuntamiento, dirigente juvenil asi como ex diputado local y ex presidente del congreso del estado de Tamaulipas adem\u00e1s de haber sido dirigente del comit\u00e9 directivo estatal del Partido Revolucionario Institucional, es uno de los pocos ex dirigentes que se mantienen leales a su partido pol\u00edtico.<\/p>\n<p>Es aspirante a la candidatura por la gubernatura de Tamaulipas al interior de su instituto pol\u00edtico y actualmente presidente de la fundaci\u00f3n COLOSIO en el estado.<\/p>\n<p>Felicito por su cumplea\u00f1os este pasado 27 de abril DR. ISMAEL FLORES VIVIAN, ERNESTO OROZCO CASTILLO, GUADALUPE PRADO HUERTA, HECTOR VANOYE, DANIEL SANCHEZ, MARY CANTU, DORA URESTI, SERGIO HERNANDEZ, JOSE LUIS GONZALEZ SEGURA, FELIX VIVIAN VARGAS, CESAR ARAGUZ, JULIAN CARDENAS, FATIMA FLORES, JUAN MONSERRAT CASTILLO MOLINA, destacado periodista reynosense y asi tambi\u00e9n recuerdo al maestro ALEJANDRO CASTRELLON ALANIS (+) en su natalicio.<\/p>\n<p>TAMBIEN FELICITO ESTE 28 de abril a EGLA DELI GARZA GONZALEZ, JORGE ALMANZA ARMAS, RITA ALONSO RUIZ, CARLOS AVENDA\u00d1O ESTRADA, ESTEBAN ARIAS MALDONADO Y VICTOR HUGO GARZA RODRIGUEZ.<\/p>\n<p>ASI COMO ESTE 29 de abril cumplieron a\u00f1os PEDRO CALIXTO MU\u00d1IZ, PEDRO PEREZ NATIVIDAD, ANTO GARCIA TOVAR, ex diputado local por Matamoros; SERGIO TULIO ARVIZU y este 30 de abril cumplen a\u00f1os FABIAN MARQUEZ SALINAS, DONALDO GARCIA, RODOLFO GONZALEZ VALDERRAMA, ISIDRO LUNA ESTRELLA, JAVIER PUENTE ALEJO Y CESAR GONZALEZ.<\/p>\n<p>Y NOS VEREMOS.<\/p>\n","protected":false},"excerpt":{"rendered":"<p>LE LLUEVE SOBRE MOJADO A SAMUEL BADILLO EN REYNOSA LE SACAN A FLOTE EX GESTORAS&#8230;<\/p>\n","protected":false},"author":1,"featured_media":149790,"comment_status":"closed","ping_status":"closed","sticky":false,"template":"","format":"standard","meta":{"footnotes":"","jetpack_publicize_message":"","jetpack_publicize_feature_enabled":true,"jetpack_social_post_already_shared":true,"jetpack_social_options":{"image_generator_settings":{"template":"highway","default_image_id":0,"font":"","enabled":false},"version":2}},"categories":[23],"tags":[],"class_list":["post-210900","post","type-post","status-publish","format-standard","has-post-thumbnail","hentry","category-columnas"],"jetpack_publicize_connections":[],"_links":{"self":[{"href":"https:\/\/www.buroperiodistico.com.mx\/index.php?rest_route=\/wp\/v2\/posts\/210900","targetHints":{"allow":["GET"]}}],"collection":[{"href":"https:\/\/www.buroperiodistico.com.mx\/index.php?rest_route=\/wp\/v2\/posts"}],"about":[{"href":"https:\/\/www.buroperiodistico.com.mx\/index.php?rest_route=\/wp\/v2\/types\/post"}],"author":[{"embeddable":true,"href":"https:\/\/www.buroperiodistico.com.mx\/index.php?rest_route=\/wp\/v2\/users\/1"}],"replies":[{"embeddable":true,"href":"https:\/\/www.buroperiodistico.com.mx\/index.php?rest_route=%2Fwp%2Fv2%2Fcomments&post=210900"}],"version-history":[{"count":1,"href":"https:\/\/www.buroperiodistico.com.mx\/index.php?rest_route=\/wp\/v2\/posts\/210900\/revisions"}],"predecessor-version":[{"id":210901,"href":"https:\/\/www.buroperiodistico.com.mx\/index.php?rest_route=\/wp\/v2\/posts\/210900\/revisions\/210901"}],"wp:featuredmedia":[{"embeddable":true,"href":"https:\/\/www.buroperiodistico.com.mx\/index.php?rest_route=\/wp\/v2\/media\/149790"}],"wp:attachment":[{"href":"https:\/\/www.buroperiodistico.com.mx\/index.php?rest_route=%2Fwp%2Fv2%2Fmedia&parent=210900"}],"wp:term":[{"taxonomy":"category","embeddable":true,"href":"https:\/\/www.buroperiodistico.com.mx\/index.php?rest_route=%2Fwp%2Fv2%2Fcategories&post=210900"},{"taxonomy":"post_tag","embeddable":true,"href":"https:\/\/www.buroperiodistico.com.mx\/index.php?rest_route=%2Fwp%2Fv2%2Ftags&post=210900"}],"curies":[{"name":"wp","href":"https:\/\/api.w.org\/{rel}","templated":true}]}}