{"id":210898,"date":"2026-04-30T18:57:11","date_gmt":"2026-04-30T23:57:11","guid":{"rendered":"https:\/\/www.buroperiodistico.com.mx\/?p=210898"},"modified":"2026-04-30T18:57:11","modified_gmt":"2026-04-30T23:57:11","slug":"aqui-rio-bravo-por-daniel-enrique-romero-aleman-753","status":"publish","type":"post","link":"https:\/\/www.buroperiodistico.com.mx\/?p=210898","title":{"rendered":"AQU\u00cd R\u00cdO BRAVO\/ Por Daniel Enrique ROMERO ALEM\u00c1N"},"content":{"rendered":"<ul>\n<li><strong><em>GOLPE DEMOLEDOR CONTRA \u201cLA CUATROT\u00c9\u201d<\/em><\/strong><\/li>\n<li><strong><em>MANTO PROTECTOR A NARCOGOBERNADOR<\/em><\/strong><\/li>\n<li><strong><em>RECONOCIMIENTO PLENO AL RECTOR<\/em><\/strong><\/li>\n<\/ul>\n<p><em><strong>(30-Abril-2026).-<\/strong><\/em> *Tuvo su d\u00eda estelar, el pasado mi\u00e9rcoles, D\u00c1MASO ANAYA ALVARADO.<\/p>\n<p>Ante la presencia de su gran aliado y amigo, el gobernador AM\u00c9RICO VILLARREAL ANAYA, el rector de la Universidad Aut\u00f3noma de Tamaulipas, detall\u00f3 punto por punto su arduo y fruct\u00edfero trabajo al frente de una instituci\u00f3n universitaria considerada una de las m\u00e1s importantes del pa\u00eds bajo su liderazgo y conducci\u00f3n.<\/p>\n<p>Un mensaje claro, preciso, con sustancia, pero sobre todo muy humanista; que fue reconocido y aplaudido por el gobernador Villarreal Anaya, sus invitados de honor, la comunidad y catedr\u00e1ticos universitarios.<\/p>\n<p>Rescatamos lo esencial de su Informe: Paso de crecer del 1 por ciento, al 5.5 por ciento en estos dos a\u00f1os, atiende a m\u00e1s de 42 mil estudiantes<\/p>\n<p>Pas\u00f3 del 87 por ciento, al 100 por ciento de los programas de licenciatura, acreditados por su calidad; y de 106 proyectos de investigaci\u00f3n en 2023 a m\u00e1s de 200 proyectos activos.<\/p>\n<p>El 76 por ciento de los profesores de tiempo completo, cuentan con reconocimiento PRODEP, es la universidad p\u00fablica con mayor cobertura en Tamaulipas, atiende al 48.7% de la matr\u00edcula de licenciatura en instituciones p\u00fablicas, cuenta con una oferta educativa de 182 programas acad\u00e9micos.<\/p>\n<p>La transformaci\u00f3n universitaria, se materializa, en la formaci\u00f3n de estudiantes. En aulas, laboratorios, espacios culturales y deportivos,<\/p>\n<p>Se ha fortalecido la infraestructura, en las tres regiones del estado, mediante una inversi\u00f3n superior a 232 millones de pesos.<\/p>\n<p>Se crearon nuevos programas estrat\u00e9gicos, como Ingenier\u00eda en Ciencia de Datos e Inteligencia Artificial, Ingenier\u00eda Biom\u00e9dica.<\/p>\n<p>Durante el \u00faltimo a\u00f1o, 20,064 estudiantes recibieron becas.<\/p>\n<p>Uno, de cada dos alumnos, cuenta con apoyo institucional.<br \/>\nSe otorgaron m\u00e1s de 5,000 est\u00edmulos econ\u00f3micos, dirigidos a estudiantes en condiciones de vulnerabilidad, de excelencia o con necesidades espec\u00edficas.<\/p>\n<p>Se impuls\u00f3 el bachillerato virtual y mixto, y avanza.<\/p>\n<p>La UAT pas\u00f3 de 106 proyectos de investigaci\u00f3n en 2023, a 139 en 2024, y a 201 proyectos activos en 2025.<\/p>\n<p>Se ha fortalecido la capacidad editorial, incrementando la publicaci\u00f3n de libros de 35 en 2024 a 55 en 2025.<\/p>\n<p>La UAT cuenta con un total de 21 registros en el Instituto Mexicano de la Propiedad Industrial; en el \u00faltimo a\u00f1o, se sumaron 2 dise\u00f1os industriales y tres patentes.<\/p>\n<p>Se fortaleci\u00f3 la vinculaci\u00f3n con los tres \u00f3rdenes de gobierno, mediante proyectos estrat\u00e9gicos de alto impacto, como Puerto Seco en Ciudad Victoria y Puerto del Norte en Matamoros.<\/p>\n<p>El respaldo del gobernador Villarreal Anaya, que ha sido fundamental para fortalecer el modelo educativo humanista de la instituci\u00f3n.<\/p>\n<p>Hizo un reconocimiento de la presidenta CLAUDIA SHEINBAUM PARDO, al trabajo encabezado por el gobernador Villarreal Anaya.<\/p>\n<p>El parte de su mensaje el Mandatario Tamaulipeco, reconoci\u00f3 que la UAT est\u00e1 en una nueva etapa de transformaci\u00f3n institucional.<\/p>\n<p>Garantizar el derecho de alumnas y alumnos, ofrecer una formaci\u00f3n integral, el perfil humanista de sus docentes y promover decididamente la investigaci\u00f3n. \u201cEl balance que entregan como resultado de su gesti\u00f3n atiende a esos ejes prioritarios y refleja la recuperaci\u00f3n de la misi\u00f3n de toda universidad, tanto por su alcance acad\u00e9mico como social y humanista\u201d.<\/p>\n<p>\u201cCelebramos que la UAT tenga hoy por hoy extraordinarios resultados en el aumento a la cobertura y que diversifique su oferta de carreras\u201d.<\/p>\n<p>\u201cLa universidad hacia la sociedad, como instituci\u00f3n por excelencia en la generaci\u00f3n del conocimiento, la investigaci\u00f3n cient\u00edfica y su contribuci\u00f3n a la prosperidad que genera soluciones\u201d.<\/p>\n<p>\u201cDeseo referirme a un aspecto que considero sustantivo, su papel social, a su vinculaci\u00f3n tanto con la federaci\u00f3n, los municipios, los sectores productivos y las propias comunidades\u201d.<\/p>\n<p>\u201cSu participaci\u00f3n en los proyectos estrat\u00e9gicos con innovaci\u00f3n, alianzas fundamentales en el desarrollo industrial, tecnol\u00f3gico y el desarrollo social\u201d.<\/p>\n<p>\u201cSu participaci\u00f3n ha trascendido los l\u00edmites del estado, con reconocimiento por parte de la presidenta de M\u00e9xico, para convertir a nuestro pa\u00eds en una potencia cient\u00edfica global\u201d.<\/p>\n<p>\u201cExhorto a persistir en esa visi\u00f3n para regenerar y enriquecer la vida universitaria, su contribuci\u00f3n a la transformaci\u00f3n de Tamaulipas, y que hoy la han colocado entre las mejores del pa\u00eds.\u201d<\/p>\n<p>\u201cMi felicitaci\u00f3n, se\u00f1or rector, y a esta gran comunidad universitaria de la familia UAT\u201d.<\/p>\n<p>*POR EL DOCUMENTO que ley\u00f3 al inicio de su conferencia ma\u00f1anera pueblerina desde Palacio Nacional, este jueves en la madrugada, la presidenta CLAUDIA SHEINBAUM PARDO, pr\u00e1cticamente mando a chiflar a su mauser (por escribir algo suave) las acusaciones del Gobierno de Estados Unidos en contra de actores principales de \u201cLa Cuatrot\u00e9\u201d, incluyendo al gobernador de Sinaloa RUB\u00c9N ROCHA MOYA.<\/p>\n<p>Ahora si muchos mexicanos terminamos por creerle a la presidenta de que no sabe nada de lo que ocurre a M\u00e9xico.<\/p>\n<p>La presidenta Sheinbaum lleg\u00f3 muy sonriente y bromista con eso del \u201cD\u00eda del Ni\u00f1o\u201d, asegurando que habr\u00eda muchas sorpresas.<\/p>\n<p>Y dio la primera con eso de que todo es pol\u00edtico y judicial.<\/p>\n<p>En parte del documento que ley\u00f3 dice: \u201cLo he dicho siempre de forma clara y hemos actuado en consecuencia: nosotros no vamos a cubrir a nadie que haya cometido un delito\u201d.<\/p>\n<p>\u201cSin embargo, sin embargo, si no existen pruebas claras, es evidente que el objetivo de estas imputaciones por parte del Departamento de Justicia es pol\u00edtico\u201d.<\/p>\n<p>Y que: \u201cDebe quedar sumamente claro: bajo ning\u00fan motivo vamos a permitir la intromisi\u00f3n o injerencia de un gobierno extranjero en las decisiones que le competen exclusivamente al pueblo de M\u00e9xico\u201d.<\/p>\n<p>Es a todas luces un manto protector para el gobernador Rocha Moya, porque no creo que el gobierno gringo le interese el \u00e1mbito pol\u00edtico de M\u00e9xico, a ellos les interesa el dinero y mostrar poder.<\/p>\n<p>Previo a ello la fiscal\u00eda General de la Rep\u00fablica, secretar\u00eda de Relaciones Exteriores y Morena se alinearon argumentando al un\u00edsono que no existen evidencias con sustancia para el pedido de extradici\u00f3n que hizo el gobierno gringo contra Rub\u00e9n y la otra gavilla supuestamente c\u00f3mplice de un cartel del narcotr\u00e1fico.<\/p>\n<p>Todo el aparato gubernamental protegiendo a delincuentes, eso no se ve\u00eda ni en los tiempos del Partido Revolucionario Institucional, quiz\u00e1s por eso \u201cLa Cuatrot\u00e9\u201d pregona de que: \u201cNo somos iguales\u201d.<\/p>\n<p>La dirigencia nacional guinda expres\u00f3 a trav\u00e9s de un comunicado, aunque eso puede venir de otra parte pues ahorita no hay cabeza despu\u00e9s de haberle dado tronco a LUISA MAR\u00cdA ALCALDE: \u201cResulta preocupante que se solicite una extradici\u00f3n sin ning\u00fan elemento de prueba, lo cual vulnera principios b\u00e1sicos del debido proceso y del Estado de derecho que prevalece en nuestra naci\u00f3n\u201d.<\/p>\n<p>Los de que ahora detentan el poder salieron m\u00e1s cabrones.<\/p>\n<p>Esperemos que esta infantil reacci\u00f3n de \u201cLa Cuatrot\u00e9\u201d, sobre todo de la presidenta Sheinbaum por no hacer enojar a ANDR\u00c9S MANUEL L\u00d3PEZ OBRADOR, ante las acusaciones en contra de la gavilla de Sinaloa no vaya a provocar una reacci\u00f3n grotesca por parte del presidente gringo DONALD TRUMP, en donde se afecte grandemente a sectores productivos; algo que le vale puritita madre a Morena, pues ellos siguen llen\u00e1ndose los bolsillos de dinero a costa del pueblo, del pueblo sabio.<\/p>\n<p>Sheinbaum tiene que decirle a Rub\u00e9n que renuncie y entregarlo a Estados Unidos, no hay de otra.<\/p>\n<p>*POR ESE ENORME respeto, admiraci\u00f3n y cari\u00f1o que profesa para las madres el Gobierno Municipal de Suelo Neolaredense que preside CARMEN LILIA CANTUROSAS VILLARREAL, durante todo el mes de mayo las llamadas \u201cReinas del Hogar\u201d podr\u00e1n acceder a una serie de servicios m\u00e9dicos gratuitos a trav\u00e9s de las Cl\u00ednicas UNE.<\/p>\n<p>El objetivo es cuidar la salud y bienestar de las madres en mayo que es su mes.<\/p>\n<p>Esta iniciativa busca facilitar el acceso a la atenci\u00f3n m\u00e9dica preventiva y especializada, brindando a las madres la oportunidad de revisarse, atenderse y dar seguimiento a su salud de manera oportuna y sin costo.<\/p>\n<p>Entre los servicios que se estar\u00e1n ofreciendo se encuentran consulta general, consulta dental, consulta psicol\u00f3gica y consulta ginecol\u00f3gica, as\u00ed como la toma de muestras para Papanicolaou y pruebas de Virus del Papiloma Humano (VPH), estudios fundamentales para la detecci\u00f3n oportuna de enfermedades.<\/p>\n<p>Con estas acciones, la administraci\u00f3n municipal reafirma su compromiso de poner al alcance de la ciudadan\u00eda servicios que mejoren su calidad de vida, priorizando el bienestar de las mujeres y fortaleciendo la salud de las familias de Nuevo Laredo.<\/p>\n<p>*SEGURAMENTE disfrut\u00f3 de un buen almuerzo o se contagi\u00f3 de algo el exdiputado local y recalcitrante priista RAMIRO RAMOS SALINAS, que asegur\u00f3 que el Partido Revolucionario Institucional va a recuperar, en las elecciones intermedias del 2027, municipios que ahora son gobernados por Morena.<\/p>\n<p>Y que no le queda duda de que uno de ellos ser\u00e1 Suelo Matamorense en donde cuestion\u00f3 el pobre desempe\u00f1o, la vulgaridad y desaseo con la que gobierna ALBERTO GRANADOS.<\/p>\n<p>Y si, la ciudadan\u00eda se ha desencantado de Granados, que ha preferido dedicarse a otras cosas menos gobernar.<\/p>\n<p>Muchos Matamorenses recuerdan aquellas palabras del exalcalde y diputado federal MARIO ALBERTO \u201cLa Borrega\u201d L\u00d3PEZ HERN\u00c1NDEZ, de que el cielo estaba entristecido, palabras m\u00e1s palabras menos, por la entonces designaci\u00f3n de Granados como candidato a la presidencia municipal bajo las siglas de Morena.<\/p>\n<p>Ya me acorde: \u201cEn los pr\u00f3ximos d\u00edas tenemos que clarificar el cielo, porque ahorita est\u00e1 nublado por la decisi\u00f3n de ayer\u201d.<\/p>\n<p>Brujo.<\/p>\n<p>*CHUPAOS esta: Tamaulipas obtuvo la presea nacional por mayor inversi\u00f3n en proyectos tur\u00edsticos y un reconocimiento por la monumental virgen de \u201cEl Chorrito\u201d, ello en el marco del Tianguis Tur\u00edstico 2026 que se realiz\u00f3 en Acapulco.<\/p>\n<p>El secretario Estatal de Turismo BENJAM\u00cdN HERN\u00c1NDEZ RODR\u00cdGUEZ, recibi\u00f3 la presea de manos de la titular federal de ese ramo JOSEFINA RODR\u00cdGUEZ ZAMORA, tras destacar la inversi\u00f3n de 917.59 millones de d\u00f3lares en 79 proyectos tur\u00edsticos.<\/p>\n<p>Dijo Benjam\u00edn: \u201cUna gran visi\u00f3n de nuestro gobernador AM\u00c9RICO VILLARREAL ANAYA, para impulsar el turismo a nivel nacional e internacional, adem\u00e1s de generar una gran derrama econ\u00f3mica en pro de las comunidades\u201d.<\/p>\n<p>En la entidad se tiene la \u201cCruz Monumental de la Esperanza\u201d en el Pueblo M\u00e1gico de Tula; el Parador Tur\u00edstico Cineg\u00e9tico \u201cEl Venado\u00bb en Jim\u00e9nez y la Virgen Monumental de \u201cEl Chorrito\u201d en el municipio de Hidalgo, entre otras obras m\u00e1s, que hacen de Tamaulipas un referente.<\/p>\n<p>La presea entregada a Tamaulipas reconoce a la entidad federativa que sobresale por el mayor n\u00famero de proyectos de inversi\u00f3n tur\u00edstica registrados, destacando su capacidad para promover iniciativas, facilitar su implementaci\u00f3n y consolidar un ecosistema favorable para el desarrollo tur\u00edstico.<\/p>\n<p>*SUELO Reynosense, en donde m\u00e1s.<\/p>\n<p>La ciudad volvi\u00f3 a vivir horas de p\u00e1nico a ra\u00edz de una serie de eventos antisociales, que dej\u00f3 como saldo una persona ejecutada y la muerte de una inocente mujer por una bala perdida.<\/p>\n<p>Hombres armados ejecutaron a bordo de una camioneta a una persona del sexo masculino, sin que las autoridades detuvieran a los autores de la ejecuci\u00f3n.<\/p>\n<p>*EN ASUNTOS meramente deportivos: Se niegan a morir, literal, los \u201cRockets\u201d de Houston, que el mi\u00e9rcoles por la noche vencieron en el quinto juego de la serie de playoffs del baloncesto gringo a \u201cLakers\u201d de Los \u00c1ngeles.<\/p>\n<p>Con ello obligan a un sexto partido que se jugar\u00e1 el viernes por la noche, y el cual por supuesto que nos lo despacharemos a trav\u00e9s de la televisi\u00f3n por paga.<\/p>\n<p>Van a jugar un Houston, y de empatarse la serie a tres partidos, regresan al juego decisivo en Los \u00c1ngeles.<\/p>\n<p>La delegaci\u00f3n de Tamaulipas tuvo una destacada participaci\u00f3n en el Campeonato Panamericano de Judo Cadete y Junior 2026, celebrado en Guayaquil, Ecuador, destacando la medalla de oro conquistada por EDUARDO SAG\u00c1STEGUI, en la categor\u00eda Junior.<\/p>\n<p>*PORQUE a\u00fan hay tiempo no se le pase felicitar este jueves con motivo de sus cumplea\u00f1os a las siguientes celebridades: ANA DE ARMAS, GERARDO TORRADO, GUILLERMO CAPETILLO, ISIAH THOMAS<\/p>\n<p>Un monumental abrazo y que vengan muchos m\u00e1s.<\/p>\n<p>Volveremos, HL\u2026DM\u2026<br \/>\nCorreo electr\u00f3nico: barre283@hotmail.com<\/p>\n","protected":false},"excerpt":{"rendered":"<p>GOLPE DEMOLEDOR CONTRA \u201cLA CUATROT\u00c9\u201d MANTO PROTECTOR A NARCOGOBERNADOR RECONOCIMIENTO PLENO AL RECTOR (30-Abril-2026).- *Tuvo&#8230;<\/p>\n","protected":false},"author":1,"featured_media":163744,"comment_status":"closed","ping_status":"closed","sticky":false,"template":"","format":"standard","meta":{"footnotes":"","jetpack_publicize_message":"","jetpack_publicize_feature_enabled":true,"jetpack_social_post_already_shared":true,"jetpack_social_options":{"image_generator_settings":{"template":"highway","default_image_id":0,"font":"","enabled":false},"version":2}},"categories":[23],"tags":[],"class_list":["post-210898","post","type-post","status-publish","format-standard","has-post-thumbnail","hentry","category-columnas"],"jetpack_publicize_connections":[],"_links":{"self":[{"href":"https:\/\/www.buroperiodistico.com.mx\/index.php?rest_route=\/wp\/v2\/posts\/210898","targetHints":{"allow":["GET"]}}],"collection":[{"href":"https:\/\/www.buroperiodistico.com.mx\/index.php?rest_route=\/wp\/v2\/posts"}],"about":[{"href":"https:\/\/www.buroperiodistico.com.mx\/index.php?rest_route=\/wp\/v2\/types\/post"}],"author":[{"embeddable":true,"href":"https:\/\/www.buroperiodistico.com.mx\/index.php?rest_route=\/wp\/v2\/users\/1"}],"replies":[{"embeddable":true,"href":"https:\/\/www.buroperiodistico.com.mx\/index.php?rest_route=%2Fwp%2Fv2%2Fcomments&post=210898"}],"version-history":[{"count":1,"href":"https:\/\/www.buroperiodistico.com.mx\/index.php?rest_route=\/wp\/v2\/posts\/210898\/revisions"}],"predecessor-version":[{"id":210899,"href":"https:\/\/www.buroperiodistico.com.mx\/index.php?rest_route=\/wp\/v2\/posts\/210898\/revisions\/210899"}],"wp:featuredmedia":[{"embeddable":true,"href":"https:\/\/www.buroperiodistico.com.mx\/index.php?rest_route=\/wp\/v2\/media\/163744"}],"wp:attachment":[{"href":"https:\/\/www.buroperiodistico.com.mx\/index.php?rest_route=%2Fwp%2Fv2%2Fmedia&parent=210898"}],"wp:term":[{"taxonomy":"category","embeddable":true,"href":"https:\/\/www.buroperiodistico.com.mx\/index.php?rest_route=%2Fwp%2Fv2%2Fcategories&post=210898"},{"taxonomy":"post_tag","embeddable":true,"href":"https:\/\/www.buroperiodistico.com.mx\/index.php?rest_route=%2Fwp%2Fv2%2Ftags&post=210898"}],"curies":[{"name":"wp","href":"https:\/\/api.w.org\/{rel}","templated":true}]}}