{"id":210889,"date":"2026-04-30T18:43:44","date_gmt":"2026-04-30T23:43:44","guid":{"rendered":"https:\/\/www.buroperiodistico.com.mx\/?p=210889"},"modified":"2026-04-30T18:43:44","modified_gmt":"2026-04-30T23:43:44","slug":"presidio-carlos-pena-ortiz-entrega-de-folios-qr-del-programa-de-becas-municipales-2026","status":"publish","type":"post","link":"https:\/\/www.buroperiodistico.com.mx\/?p=210889","title":{"rendered":"Presidi\u00f3 Carlos Pe\u00f1a Ortiz entrega de Folios QR del Programa de Becas Municipales 2026"},"content":{"rendered":"<p><strong><em><img loading=\"lazy\" decoding=\"async\" class=\" wp-image-210896 alignright\" src=\"https:\/\/www.buroperiodistico.com.mx\/wp-content\/uploads\/2026\/04\/Entregax-1.jpeg\" alt=\"\" width=\"507\" height=\"302\" srcset=\"https:\/\/www.buroperiodistico.com.mx\/wp-content\/uploads\/2026\/04\/Entregax-1.jpeg 1024w, https:\/\/www.buroperiodistico.com.mx\/wp-content\/uploads\/2026\/04\/Entregax-1-300x179.jpeg 300w, https:\/\/www.buroperiodistico.com.mx\/wp-content\/uploads\/2026\/04\/Entregax-1-768x458.jpeg 768w\" sizes=\"auto, (max-width: 507px) 100vw, 507px\" \/>Reynosa, Tam (30-Abril-2026).-<\/em><\/strong> El Presidente Municipal Carlos Pe\u00f1a Ortiz, encabez\u00f3 la Entrega de Folios QR del Programa de Becas Municipales \u00abContamos Contigo\u00bb 2026, en su modalidad de Nivel Superior y Titulaci\u00f3n, reafirmando el compromiso de su administraci\u00f3n con la educaci\u00f3n de los j\u00f3venes reynosenses.<\/p>\n<p>\u00abSi bien es un tema que no corresponde exclusivamente al Gobierno Municipal, lo asumimos convencidos de que el futuro y desarrollo de M\u00e9xico dependen de la educaci\u00f3n de nuestras ni\u00f1as y ni\u00f1os. Los Gobiernos de transformaci\u00f3n buscamos construir un pa\u00eds que enfrente la pobreza y garantice movilidad social\u00bb, dijo el Alcalde.<\/p>\n<p>Por su parte, Georgina Valenzuela Arzola, beneficiaria de Beca de Nivel Superior, agradeci\u00f3 al Alcalde \u00abpor creer en los j\u00f3venes y en nuestro potencial\u00bb, y reafirm\u00f3 su compromiso de \u00abaprovechar esta oportunidad y poner en alto el nombre de Reynosa\u00bb.<\/p>\n<p>Acompa\u00f1aron al Alcalde: Jorge Guadalupe Acu\u00f1a Tovias, Secretario de Trabajo y Conflictos de Nivel Primaria de la Secci\u00f3n 30 del SNTE; Jos\u00e9 Iram Rodr\u00edguez Lim\u00f3n, Secretario de Organizaci\u00f3n II de la Secci\u00f3n 30 del SNTE; Hugo Felipe Ch\u00e1vez Herrera, Secretario de Bienestar Social Municipal; Georgina Valenzuela Arzola y Brenda Castillo Infante, representantes de los beneficiados.<\/p>\n<p>#ReynosaImparable<br \/>\n#GobiernoMunicipalDeReynosa<\/p>\n<p><img loading=\"lazy\" decoding=\"async\" class=\"aligncenter size-full wp-image-210890\" src=\"https:\/\/www.buroperiodistico.com.mx\/wp-content\/uploads\/2026\/04\/Entregax-I-1.jpeg\" alt=\"\" width=\"640\" height=\"427\" srcset=\"https:\/\/www.buroperiodistico.com.mx\/wp-content\/uploads\/2026\/04\/Entregax-I-1.jpeg 640w, https:\/\/www.buroperiodistico.com.mx\/wp-content\/uploads\/2026\/04\/Entregax-I-1-300x200.jpeg 300w\" sizes=\"auto, (max-width: 640px) 100vw, 640px\" \/> <img loading=\"lazy\" decoding=\"async\" class=\"aligncenter size-full wp-image-210895\" src=\"https:\/\/www.buroperiodistico.com.mx\/wp-content\/uploads\/2026\/04\/Entregax-IIIIII.jpeg\" alt=\"\" width=\"640\" height=\"427\" srcset=\"https:\/\/www.buroperiodistico.com.mx\/wp-content\/uploads\/2026\/04\/Entregax-IIIIII.jpeg 640w, https:\/\/www.buroperiodistico.com.mx\/wp-content\/uploads\/2026\/04\/Entregax-IIIIII-300x200.jpeg 300w\" sizes=\"auto, (max-width: 640px) 100vw, 640px\" \/> <img loading=\"lazy\" decoding=\"async\" class=\"aligncenter size-full wp-image-210894\" src=\"https:\/\/www.buroperiodistico.com.mx\/wp-content\/uploads\/2026\/04\/Entregax-IIIII-1.jpeg\" alt=\"\" width=\"640\" height=\"427\" srcset=\"https:\/\/www.buroperiodistico.com.mx\/wp-content\/uploads\/2026\/04\/Entregax-IIIII-1.jpeg 640w, https:\/\/www.buroperiodistico.com.mx\/wp-content\/uploads\/2026\/04\/Entregax-IIIII-1-300x200.jpeg 300w\" sizes=\"auto, (max-width: 640px) 100vw, 640px\" \/> <img loading=\"lazy\" decoding=\"async\" class=\"aligncenter size-full wp-image-210893\" src=\"https:\/\/www.buroperiodistico.com.mx\/wp-content\/uploads\/2026\/04\/Entregax-IIII-1.jpeg\" alt=\"\" width=\"640\" height=\"427\" srcset=\"https:\/\/www.buroperiodistico.com.mx\/wp-content\/uploads\/2026\/04\/Entregax-IIII-1.jpeg 640w, https:\/\/www.buroperiodistico.com.mx\/wp-content\/uploads\/2026\/04\/Entregax-IIII-1-300x200.jpeg 300w\" sizes=\"auto, (max-width: 640px) 100vw, 640px\" \/> <img loading=\"lazy\" decoding=\"async\" class=\"aligncenter size-full wp-image-210892\" src=\"https:\/\/www.buroperiodistico.com.mx\/wp-content\/uploads\/2026\/04\/Entregax-III-1.jpeg\" alt=\"\" width=\"640\" height=\"427\" srcset=\"https:\/\/www.buroperiodistico.com.mx\/wp-content\/uploads\/2026\/04\/Entregax-III-1.jpeg 640w, https:\/\/www.buroperiodistico.com.mx\/wp-content\/uploads\/2026\/04\/Entregax-III-1-300x200.jpeg 300w\" sizes=\"auto, (max-width: 640px) 100vw, 640px\" \/> <img loading=\"lazy\" decoding=\"async\" class=\"aligncenter size-full wp-image-210891\" src=\"https:\/\/www.buroperiodistico.com.mx\/wp-content\/uploads\/2026\/04\/Entregax-II-1.jpeg\" alt=\"\" width=\"640\" height=\"427\" srcset=\"https:\/\/www.buroperiodistico.com.mx\/wp-content\/uploads\/2026\/04\/Entregax-II-1.jpeg 640w, https:\/\/www.buroperiodistico.com.mx\/wp-content\/uploads\/2026\/04\/Entregax-II-1-300x200.jpeg 300w\" sizes=\"auto, (max-width: 640px) 100vw, 640px\" \/><\/p>\n","protected":false},"excerpt":{"rendered":"<p>Reynosa, Tam (30-Abril-2026).- El Presidente Municipal Carlos Pe\u00f1a Ortiz, encabez\u00f3 la Entrega de Folios QR&#8230;<\/p>\n","protected":false},"author":1,"featured_media":210896,"comment_status":"closed","ping_status":"closed","sticky":false,"template":"","format":"standard","meta":{"footnotes":"","jetpack_publicize_message":"","jetpack_publicize_feature_enabled":true,"jetpack_social_post_already_shared":true,"jetpack_social_options":{"image_generator_settings":{"template":"highway","default_image_id":0,"font":"","enabled":false},"version":2}},"categories":[25,9],"tags":[],"class_list":["post-210889","post","type-post","status-publish","format-standard","has-post-thumbnail","hentry","category-portada","category-reynosa"],"jetpack_publicize_connections":[],"_links":{"self":[{"href":"https:\/\/www.buroperiodistico.com.mx\/index.php?rest_route=\/wp\/v2\/posts\/210889","targetHints":{"allow":["GET"]}}],"collection":[{"href":"https:\/\/www.buroperiodistico.com.mx\/index.php?rest_route=\/wp\/v2\/posts"}],"about":[{"href":"https:\/\/www.buroperiodistico.com.mx\/index.php?rest_route=\/wp\/v2\/types\/post"}],"author":[{"embeddable":true,"href":"https:\/\/www.buroperiodistico.com.mx\/index.php?rest_route=\/wp\/v2\/users\/1"}],"replies":[{"embeddable":true,"href":"https:\/\/www.buroperiodistico.com.mx\/index.php?rest_route=%2Fwp%2Fv2%2Fcomments&post=210889"}],"version-history":[{"count":1,"href":"https:\/\/www.buroperiodistico.com.mx\/index.php?rest_route=\/wp\/v2\/posts\/210889\/revisions"}],"predecessor-version":[{"id":210897,"href":"https:\/\/www.buroperiodistico.com.mx\/index.php?rest_route=\/wp\/v2\/posts\/210889\/revisions\/210897"}],"wp:featuredmedia":[{"embeddable":true,"href":"https:\/\/www.buroperiodistico.com.mx\/index.php?rest_route=\/wp\/v2\/media\/210896"}],"wp:attachment":[{"href":"https:\/\/www.buroperiodistico.com.mx\/index.php?rest_route=%2Fwp%2Fv2%2Fmedia&parent=210889"}],"wp:term":[{"taxonomy":"category","embeddable":true,"href":"https:\/\/www.buroperiodistico.com.mx\/index.php?rest_route=%2Fwp%2Fv2%2Fcategories&post=210889"},{"taxonomy":"post_tag","embeddable":true,"href":"https:\/\/www.buroperiodistico.com.mx\/index.php?rest_route=%2Fwp%2Fv2%2Ftags&post=210889"}],"curies":[{"name":"wp","href":"https:\/\/api.w.org\/{rel}","templated":true}]}}