{"id":210883,"date":"2026-04-30T16:16:05","date_gmt":"2026-04-30T21:16:05","guid":{"rendered":"https:\/\/www.buroperiodistico.com.mx\/?p=210883"},"modified":"2026-04-30T16:16:05","modified_gmt":"2026-04-30T21:16:05","slug":"refuerza-tpt-capacitacion-para-cumplir-obligaciones-de-transparencia","status":"publish","type":"post","link":"https:\/\/www.buroperiodistico.com.mx\/?p=210883","title":{"rendered":"Refuerza TPT capacitaci\u00f3n para cumplir obligaciones de transparencia"},"content":{"rendered":"<p><em><strong><img loading=\"lazy\" decoding=\"async\" class=\" wp-image-210885 alignright\" src=\"https:\/\/www.buroperiodistico.com.mx\/wp-content\/uploads\/2026\/04\/TPTtransparencia.jpeg\" alt=\"\" width=\"443\" height=\"266\" srcset=\"https:\/\/www.buroperiodistico.com.mx\/wp-content\/uploads\/2026\/04\/TPTtransparencia.jpeg 1024w, https:\/\/www.buroperiodistico.com.mx\/wp-content\/uploads\/2026\/04\/TPTtransparencia-300x180.jpeg 300w, https:\/\/www.buroperiodistico.com.mx\/wp-content\/uploads\/2026\/04\/TPTtransparencia-768x461.jpeg 768w\" sizes=\"auto, (max-width: 443px) 100vw, 443px\" \/>Ciudad Victoria, Tamaulipas (30-Abril-2026).-<\/strong><\/em> Con el objetivo de fortalecer los conocimientos t\u00e9cnicos y operativos en materia de rendici\u00f3n de cuentas y acceso a la informaci\u00f3n p\u00fablica, Transparencia para el Pueblo de Tamaulipas (TPT), \u00f3rgano desconcentrado de la Secretar\u00eda Anticorrupci\u00f3n y Buen Gobierno (SABG), llev\u00f3 a cabo la capacitaci\u00f3n interna denominada \u201cDenuncias por incumplimiento de obligaciones de transparencia\u201d.<\/p>\n<p>La actividad estuvo dirigida al personal de la dependencia y se desarroll\u00f3 bajo la coordinaci\u00f3n de la secretaria Anticorrupci\u00f3n y Buen Gobierno, Norma Ang\u00e9lica Pedraza Melo.<\/p>\n<p>Durante la jornada se abordaron los conceptos fundamentales y el marco jur\u00eddico aplicable a las denuncias ciudadanas relacionadas con incumplimientos en materia de transparencia, as\u00ed como las modalidades de presentaci\u00f3n y los requisitos establecidos por la legislaci\u00f3n vigente para la integraci\u00f3n de los expedientes.<\/p>\n<p>Asimismo, se explic\u00f3 el procedimiento que siguen las autoridades garantes desde la recepci\u00f3n de la denuncia hasta la emisi\u00f3n de la resoluci\u00f3n correspondiente, enfatizando los criterios de legalidad, eficiencia y correcta integraci\u00f3n administrativa.<\/p>\n<p>La directora de Transparencia para el Pueblo de Tamaulipas, Jannia Anabaena Qui\u00f1ones Barr\u00f3n, destac\u00f3 la importancia de fortalecer las capacidades institucionales para garantizar una atenci\u00f3n adecuada y oportuna a las solicitudes y procedimientos relacionados con el derecho de acceso a la informaci\u00f3n.<\/p>\n<p>Con estas acciones de profesionalizaci\u00f3n, el Gobierno del Estado reafirma su compromiso con la transparencia, la legalidad y la mejora continua del servicio p\u00fablico, en beneficio de la ciudadan\u00eda tamaulipeca.<\/p>\n<p><img loading=\"lazy\" decoding=\"async\" class=\"aligncenter size-full wp-image-210884\" src=\"https:\/\/www.buroperiodistico.com.mx\/wp-content\/uploads\/2026\/04\/TPTtransparencia-I.jpeg\" alt=\"\" width=\"640\" height=\"389\" srcset=\"https:\/\/www.buroperiodistico.com.mx\/wp-content\/uploads\/2026\/04\/TPTtransparencia-I.jpeg 640w, https:\/\/www.buroperiodistico.com.mx\/wp-content\/uploads\/2026\/04\/TPTtransparencia-I-300x182.jpeg 300w\" sizes=\"auto, (max-width: 640px) 100vw, 640px\" \/><\/p>\n","protected":false},"excerpt":{"rendered":"<p>Ciudad Victoria, Tamaulipas (30-Abril-2026).- Con el objetivo de fortalecer los conocimientos t\u00e9cnicos y operativos en&#8230;<\/p>\n","protected":false},"author":1,"featured_media":210885,"comment_status":"closed","ping_status":"closed","sticky":false,"template":"","format":"standard","meta":{"footnotes":"","jetpack_publicize_message":"","jetpack_publicize_feature_enabled":true,"jetpack_social_post_already_shared":true,"jetpack_social_options":{"image_generator_settings":{"template":"highway","default_image_id":0,"font":"","enabled":false},"version":2}},"categories":[10],"tags":[],"class_list":["post-210883","post","type-post","status-publish","format-standard","has-post-thumbnail","hentry","category-tamaulipas"],"jetpack_publicize_connections":[],"_links":{"self":[{"href":"https:\/\/www.buroperiodistico.com.mx\/index.php?rest_route=\/wp\/v2\/posts\/210883","targetHints":{"allow":["GET"]}}],"collection":[{"href":"https:\/\/www.buroperiodistico.com.mx\/index.php?rest_route=\/wp\/v2\/posts"}],"about":[{"href":"https:\/\/www.buroperiodistico.com.mx\/index.php?rest_route=\/wp\/v2\/types\/post"}],"author":[{"embeddable":true,"href":"https:\/\/www.buroperiodistico.com.mx\/index.php?rest_route=\/wp\/v2\/users\/1"}],"replies":[{"embeddable":true,"href":"https:\/\/www.buroperiodistico.com.mx\/index.php?rest_route=%2Fwp%2Fv2%2Fcomments&post=210883"}],"version-history":[{"count":1,"href":"https:\/\/www.buroperiodistico.com.mx\/index.php?rest_route=\/wp\/v2\/posts\/210883\/revisions"}],"predecessor-version":[{"id":210886,"href":"https:\/\/www.buroperiodistico.com.mx\/index.php?rest_route=\/wp\/v2\/posts\/210883\/revisions\/210886"}],"wp:featuredmedia":[{"embeddable":true,"href":"https:\/\/www.buroperiodistico.com.mx\/index.php?rest_route=\/wp\/v2\/media\/210885"}],"wp:attachment":[{"href":"https:\/\/www.buroperiodistico.com.mx\/index.php?rest_route=%2Fwp%2Fv2%2Fmedia&parent=210883"}],"wp:term":[{"taxonomy":"category","embeddable":true,"href":"https:\/\/www.buroperiodistico.com.mx\/index.php?rest_route=%2Fwp%2Fv2%2Fcategories&post=210883"},{"taxonomy":"post_tag","embeddable":true,"href":"https:\/\/www.buroperiodistico.com.mx\/index.php?rest_route=%2Fwp%2Fv2%2Ftags&post=210883"}],"curies":[{"name":"wp","href":"https:\/\/api.w.org\/{rel}","templated":true}]}}