{"id":210876,"date":"2026-04-30T16:12:18","date_gmt":"2026-04-30T21:12:18","guid":{"rendered":"https:\/\/www.buroperiodistico.com.mx\/?p=210876"},"modified":"2026-04-30T16:12:18","modified_gmt":"2026-04-30T21:12:18","slug":"avanza-modernizacion-laboral-en-tamaulipas-con-talleres-internacionales","status":"publish","type":"post","link":"https:\/\/www.buroperiodistico.com.mx\/?p=210876","title":{"rendered":"Avanza modernizaci\u00f3n laboral en Tamaulipas con talleres internacionales"},"content":{"rendered":"<p><em><strong><img loading=\"lazy\" decoding=\"async\" class=\" wp-image-210881 alignright\" src=\"https:\/\/www.buroperiodistico.com.mx\/wp-content\/uploads\/2026\/04\/STRinternacionales.jpeg\" alt=\"\" width=\"495\" height=\"296\" srcset=\"https:\/\/www.buroperiodistico.com.mx\/wp-content\/uploads\/2026\/04\/STRinternacionales.jpeg 1024w, https:\/\/www.buroperiodistico.com.mx\/wp-content\/uploads\/2026\/04\/STRinternacionales-300x179.jpeg 300w, https:\/\/www.buroperiodistico.com.mx\/wp-content\/uploads\/2026\/04\/STRinternacionales-768x459.jpeg 768w\" sizes=\"auto, (max-width: 495px) 100vw, 495px\" \/>Ciudad Victoria, Tamaulipas (30-Abril-2026).-<\/strong><\/em> Con el objetivo de fortalecer los procesos laborales mediante la incorporaci\u00f3n de herramientas innovadoras, el Centro de Conciliaci\u00f3n Laboral del Estado de Tamaulipas (CCLT) fue sede de una jornada de capacitaci\u00f3n encabezada por la organizaci\u00f3n Partners of the Americas, enfocada en la validaci\u00f3n de propuestas tecnol\u00f3gicas aplicadas al \u00e1mbito laboral.<\/p>\n<p>En este contexto, el secretario del Trabajo y Previsi\u00f3n Social, Luis Gerardo Illoldi Reyes, destac\u00f3 la relevancia de estas colaboraciones internacionales para mejorar la eficiencia institucional, al facilitar el intercambio de experiencias y la adopci\u00f3n de herramientas que fortalezcan la atenci\u00f3n a trabajadores y empleadores.<\/p>\n<p>Por su parte, la titular del CCLT, Adriana Garza Reyna, subray\u00f3 la importancia de estos espacios de an\u00e1lisis y retroalimentaci\u00f3n, que permiten identificar necesidades y prioridades para optimizar los mecanismos de conciliaci\u00f3n y soluci\u00f3n de conflictos laborales.<\/p>\n<p>Durante la jornada, realizada en las instalaciones del Centro de Conciliaci\u00f3n Laboral en Ciudad Victoria, se llev\u00f3 a cabo el Taller de Validaci\u00f3n de Propuesta Tecnol\u00f3gica con Autoridades Laborales, en el que particip\u00f3 personal de la Secretar\u00eda del Trabajo, la Direcci\u00f3n de Inspecci\u00f3n del Trabajo y la Procuradur\u00eda de la Defensa del Trabajo.<\/p>\n<p>El encuentro permiti\u00f3 presentar las l\u00edneas de acci\u00f3n del proyecto CUMPLE, as\u00ed como recabar aportaciones de las y los participantes respecto a su experiencia operativa, con el prop\u00f3sito de dise\u00f1ar e implementar mejoras en sistemas y procesos relacionados con inspecciones, sanciones, conciliaciones y ratificaciones laborales.<\/p>\n<p>Illoldi Reyes se\u00f1al\u00f3 que el Gobierno de Tamaulipas, reafirma su compromiso de modernizar sus instituciones y ofrecer servicios m\u00e1s eficientes, en concordancia con la pol\u00edtica de transformaci\u00f3n y humanismo que impulsa Am\u00e9rico Villarreal Anaya.<\/p>\n<p><img loading=\"lazy\" decoding=\"async\" class=\"aligncenter size-full wp-image-210877\" src=\"https:\/\/www.buroperiodistico.com.mx\/wp-content\/uploads\/2026\/04\/STRinternacionales-I.jpeg\" alt=\"\" width=\"640\" height=\"407\" srcset=\"https:\/\/www.buroperiodistico.com.mx\/wp-content\/uploads\/2026\/04\/STRinternacionales-I.jpeg 640w, https:\/\/www.buroperiodistico.com.mx\/wp-content\/uploads\/2026\/04\/STRinternacionales-I-300x191.jpeg 300w\" sizes=\"auto, (max-width: 640px) 100vw, 640px\" \/> <img loading=\"lazy\" decoding=\"async\" class=\"aligncenter size-full wp-image-210880\" src=\"https:\/\/www.buroperiodistico.com.mx\/wp-content\/uploads\/2026\/04\/STRinternacionales-IIII.jpeg\" alt=\"\" width=\"640\" height=\"361\" srcset=\"https:\/\/www.buroperiodistico.com.mx\/wp-content\/uploads\/2026\/04\/STRinternacionales-IIII.jpeg 640w, https:\/\/www.buroperiodistico.com.mx\/wp-content\/uploads\/2026\/04\/STRinternacionales-IIII-300x169.jpeg 300w\" sizes=\"auto, (max-width: 640px) 100vw, 640px\" \/> <img loading=\"lazy\" decoding=\"async\" class=\"aligncenter size-full wp-image-210879\" src=\"https:\/\/www.buroperiodistico.com.mx\/wp-content\/uploads\/2026\/04\/STRinternacionales-III.jpeg\" alt=\"\" width=\"640\" height=\"426\" srcset=\"https:\/\/www.buroperiodistico.com.mx\/wp-content\/uploads\/2026\/04\/STRinternacionales-III.jpeg 640w, https:\/\/www.buroperiodistico.com.mx\/wp-content\/uploads\/2026\/04\/STRinternacionales-III-300x200.jpeg 300w\" sizes=\"auto, (max-width: 640px) 100vw, 640px\" \/> <img loading=\"lazy\" decoding=\"async\" class=\"aligncenter size-full wp-image-210878\" src=\"https:\/\/www.buroperiodistico.com.mx\/wp-content\/uploads\/2026\/04\/STRinternacionales-II.jpeg\" alt=\"\" width=\"640\" height=\"435\" srcset=\"https:\/\/www.buroperiodistico.com.mx\/wp-content\/uploads\/2026\/04\/STRinternacionales-II.jpeg 640w, https:\/\/www.buroperiodistico.com.mx\/wp-content\/uploads\/2026\/04\/STRinternacionales-II-300x204.jpeg 300w\" sizes=\"auto, (max-width: 640px) 100vw, 640px\" \/><\/p>\n","protected":false},"excerpt":{"rendered":"<p>Ciudad Victoria, Tamaulipas (30-Abril-2026).- Con el objetivo de fortalecer los procesos laborales mediante la incorporaci\u00f3n&#8230;<\/p>\n","protected":false},"author":1,"featured_media":210881,"comment_status":"closed","ping_status":"closed","sticky":false,"template":"","format":"standard","meta":{"footnotes":"","jetpack_publicize_message":"","jetpack_publicize_feature_enabled":true,"jetpack_social_post_already_shared":true,"jetpack_social_options":{"image_generator_settings":{"template":"highway","default_image_id":0,"font":"","enabled":false},"version":2}},"categories":[10],"tags":[],"class_list":["post-210876","post","type-post","status-publish","format-standard","has-post-thumbnail","hentry","category-tamaulipas"],"jetpack_publicize_connections":[],"_links":{"self":[{"href":"https:\/\/www.buroperiodistico.com.mx\/index.php?rest_route=\/wp\/v2\/posts\/210876","targetHints":{"allow":["GET"]}}],"collection":[{"href":"https:\/\/www.buroperiodistico.com.mx\/index.php?rest_route=\/wp\/v2\/posts"}],"about":[{"href":"https:\/\/www.buroperiodistico.com.mx\/index.php?rest_route=\/wp\/v2\/types\/post"}],"author":[{"embeddable":true,"href":"https:\/\/www.buroperiodistico.com.mx\/index.php?rest_route=\/wp\/v2\/users\/1"}],"replies":[{"embeddable":true,"href":"https:\/\/www.buroperiodistico.com.mx\/index.php?rest_route=%2Fwp%2Fv2%2Fcomments&post=210876"}],"version-history":[{"count":1,"href":"https:\/\/www.buroperiodistico.com.mx\/index.php?rest_route=\/wp\/v2\/posts\/210876\/revisions"}],"predecessor-version":[{"id":210882,"href":"https:\/\/www.buroperiodistico.com.mx\/index.php?rest_route=\/wp\/v2\/posts\/210876\/revisions\/210882"}],"wp:featuredmedia":[{"embeddable":true,"href":"https:\/\/www.buroperiodistico.com.mx\/index.php?rest_route=\/wp\/v2\/media\/210881"}],"wp:attachment":[{"href":"https:\/\/www.buroperiodistico.com.mx\/index.php?rest_route=%2Fwp%2Fv2%2Fmedia&parent=210876"}],"wp:term":[{"taxonomy":"category","embeddable":true,"href":"https:\/\/www.buroperiodistico.com.mx\/index.php?rest_route=%2Fwp%2Fv2%2Fcategories&post=210876"},{"taxonomy":"post_tag","embeddable":true,"href":"https:\/\/www.buroperiodistico.com.mx\/index.php?rest_route=%2Fwp%2Fv2%2Ftags&post=210876"}],"curies":[{"name":"wp","href":"https:\/\/api.w.org\/{rel}","templated":true}]}}