{"id":210871,"date":"2026-04-30T16:04:14","date_gmt":"2026-04-30T21:04:14","guid":{"rendered":"https:\/\/www.buroperiodistico.com.mx\/?p=210871"},"modified":"2026-04-30T16:04:14","modified_gmt":"2026-04-30T21:04:14","slug":"fortalece-gobierno-del-estado-infraestructura-electrica-en-escuelas-de-tamaulipas","status":"publish","type":"post","link":"https:\/\/www.buroperiodistico.com.mx\/?p=210871","title":{"rendered":"Fortalece Gobierno del Estado infraestructura el\u00e9ctrica en escuelas de Tamaulipas"},"content":{"rendered":"<p><em><strong><img loading=\"lazy\" decoding=\"async\" class=\" wp-image-210874 alignright\" src=\"https:\/\/www.buroperiodistico.com.mx\/wp-content\/uploads\/2026\/04\/ITITamaulipas-1.jpeg\" alt=\"\" width=\"418\" height=\"257\" srcset=\"https:\/\/www.buroperiodistico.com.mx\/wp-content\/uploads\/2026\/04\/ITITamaulipas-1.jpeg 1024w, https:\/\/www.buroperiodistico.com.mx\/wp-content\/uploads\/2026\/04\/ITITamaulipas-1-300x184.jpeg 300w, https:\/\/www.buroperiodistico.com.mx\/wp-content\/uploads\/2026\/04\/ITITamaulipas-1-768x472.jpeg 768w\" sizes=\"auto, (max-width: 418px) 100vw, 418px\" \/>Ciudad Victoria, Tamaulipas (30-Abril-2026).-<\/strong><\/em> El Gobierno del Estado, a trav\u00e9s del Instituto Tamaulipeco de Infraestructura F\u00edsica Educativa (ITIFE), fortalece las acciones orientadas a mejorar las condiciones de los planteles escolares en coordinaci\u00f3n con la Secretar\u00eda de Educaci\u00f3n de Tamaulipas.<\/p>\n<p>El director general del ITIFE, Sergio Castillo Sag\u00e1stegui, inform\u00f3 que dentro del segundo paquete de planeaci\u00f3n 2026 se contempla la sustituci\u00f3n de subestaciones el\u00e9ctricas en diversos planteles del estado, debido a fallas o insuficiencia de capacidad derivadas del incremento en el uso de equipos el\u00e9ctricos, particularmente sistemas de aire acondicionado.<\/p>\n<p>Precis\u00f3 que en Ciudad Victoria se tienen identificadas entre 12 y 15 subestaciones que ser\u00e1n reemplazadas como parte de estas acciones de fortalecimiento a la infraestructura educativa.<\/p>\n<p>Asimismo, destac\u00f3 que entre 2025 y 2026 , se proyecta la sustituci\u00f3n de entre 130 y 150 subestaciones el\u00e9ctricas en distintas regiones de Tamaulipas, mediante una inversi\u00f3n aproximada de 200 millones de pesos provenientes del Fondo de Aportaciones M\u00faltiples (FAM).<\/p>\n<p>El funcionario estatal se\u00f1al\u00f3 que estas obras permitir\u00e1n garantizar mejores condiciones de operaci\u00f3n y funcionamiento en los centros educativos, contribuyendo a generar espacios m\u00e1s seguros y adecuados para la comunidad escolar.<\/p>\n<p>El funcionario se\u00f1al\u00f3 que el Gobierno del Estado reafirma su compromiso con el fortalecimiento de la infraestructura educativa y el mejoramiento de los servicios b\u00e1sicos en beneficio de las y los estudiantes tamaulipecos.<\/p>\n<p><img loading=\"lazy\" decoding=\"async\" class=\"aligncenter size-full wp-image-210872\" src=\"https:\/\/www.buroperiodistico.com.mx\/wp-content\/uploads\/2026\/04\/ITITamaulipas-I-1.jpeg\" alt=\"\" width=\"640\" height=\"360\" srcset=\"https:\/\/www.buroperiodistico.com.mx\/wp-content\/uploads\/2026\/04\/ITITamaulipas-I-1.jpeg 640w, https:\/\/www.buroperiodistico.com.mx\/wp-content\/uploads\/2026\/04\/ITITamaulipas-I-1-300x169.jpeg 300w\" sizes=\"auto, (max-width: 640px) 100vw, 640px\" \/> <img loading=\"lazy\" decoding=\"async\" class=\"aligncenter size-full wp-image-210873\" src=\"https:\/\/www.buroperiodistico.com.mx\/wp-content\/uploads\/2026\/04\/ITITamaulipas-II-1.jpeg\" alt=\"\" width=\"640\" height=\"480\" srcset=\"https:\/\/www.buroperiodistico.com.mx\/wp-content\/uploads\/2026\/04\/ITITamaulipas-II-1.jpeg 640w, https:\/\/www.buroperiodistico.com.mx\/wp-content\/uploads\/2026\/04\/ITITamaulipas-II-1-300x225.jpeg 300w\" sizes=\"auto, (max-width: 640px) 100vw, 640px\" \/><\/p>\n","protected":false},"excerpt":{"rendered":"<p>Ciudad Victoria, Tamaulipas (30-Abril-2026).- El Gobierno del Estado, a trav\u00e9s del Instituto Tamaulipeco de Infraestructura&#8230;<\/p>\n","protected":false},"author":1,"featured_media":210874,"comment_status":"closed","ping_status":"closed","sticky":false,"template":"","format":"standard","meta":{"footnotes":"","jetpack_publicize_message":"","jetpack_publicize_feature_enabled":true,"jetpack_social_post_already_shared":true,"jetpack_social_options":{"image_generator_settings":{"template":"highway","default_image_id":0,"font":"","enabled":false},"version":2}},"categories":[10],"tags":[],"class_list":["post-210871","post","type-post","status-publish","format-standard","has-post-thumbnail","hentry","category-tamaulipas"],"jetpack_publicize_connections":[],"_links":{"self":[{"href":"https:\/\/www.buroperiodistico.com.mx\/index.php?rest_route=\/wp\/v2\/posts\/210871","targetHints":{"allow":["GET"]}}],"collection":[{"href":"https:\/\/www.buroperiodistico.com.mx\/index.php?rest_route=\/wp\/v2\/posts"}],"about":[{"href":"https:\/\/www.buroperiodistico.com.mx\/index.php?rest_route=\/wp\/v2\/types\/post"}],"author":[{"embeddable":true,"href":"https:\/\/www.buroperiodistico.com.mx\/index.php?rest_route=\/wp\/v2\/users\/1"}],"replies":[{"embeddable":true,"href":"https:\/\/www.buroperiodistico.com.mx\/index.php?rest_route=%2Fwp%2Fv2%2Fcomments&post=210871"}],"version-history":[{"count":1,"href":"https:\/\/www.buroperiodistico.com.mx\/index.php?rest_route=\/wp\/v2\/posts\/210871\/revisions"}],"predecessor-version":[{"id":210875,"href":"https:\/\/www.buroperiodistico.com.mx\/index.php?rest_route=\/wp\/v2\/posts\/210871\/revisions\/210875"}],"wp:featuredmedia":[{"embeddable":true,"href":"https:\/\/www.buroperiodistico.com.mx\/index.php?rest_route=\/wp\/v2\/media\/210874"}],"wp:attachment":[{"href":"https:\/\/www.buroperiodistico.com.mx\/index.php?rest_route=%2Fwp%2Fv2%2Fmedia&parent=210871"}],"wp:term":[{"taxonomy":"category","embeddable":true,"href":"https:\/\/www.buroperiodistico.com.mx\/index.php?rest_route=%2Fwp%2Fv2%2Fcategories&post=210871"},{"taxonomy":"post_tag","embeddable":true,"href":"https:\/\/www.buroperiodistico.com.mx\/index.php?rest_route=%2Fwp%2Fv2%2Ftags&post=210871"}],"curies":[{"name":"wp","href":"https:\/\/api.w.org\/{rel}","templated":true}]}}