{"id":210867,"date":"2026-04-30T15:59:28","date_gmt":"2026-04-30T20:59:28","guid":{"rendered":"https:\/\/www.buroperiodistico.com.mx\/?p=210867"},"modified":"2026-04-30T15:59:28","modified_gmt":"2026-04-30T20:59:28","slug":"refuerza-ut-matamoros-desarrollo-industrial-con-participacion-en-cluster-automotriz","status":"publish","type":"post","link":"https:\/\/www.buroperiodistico.com.mx\/?p=210867","title":{"rendered":"Refuerza UT Matamoros desarrollo industrial con participaci\u00f3n en cl\u00faster automotriz"},"content":{"rendered":"<p><em><strong><img loading=\"lazy\" decoding=\"async\" class=\" wp-image-210869 alignright\" src=\"https:\/\/www.buroperiodistico.com.mx\/wp-content\/uploads\/2026\/04\/UTMAutomotriz.jpeg\" alt=\"\" width=\"562\" height=\"316\" srcset=\"https:\/\/www.buroperiodistico.com.mx\/wp-content\/uploads\/2026\/04\/UTMAutomotriz.jpeg 1024w, https:\/\/www.buroperiodistico.com.mx\/wp-content\/uploads\/2026\/04\/UTMAutomotriz-300x169.jpeg 300w, https:\/\/www.buroperiodistico.com.mx\/wp-content\/uploads\/2026\/04\/UTMAutomotriz-768x432.jpeg 768w\" sizes=\"auto, (max-width: 562px) 100vw, 562px\" \/>Matamoros, Tamaulipas (30-Abril-2026).-<\/strong><\/em> Con el objetivo de fortalecer la planeaci\u00f3n estrat\u00e9gica y atender las necesidades del sector industrial, acad\u00e9mico y gubernamental, la Universidad Tecnol\u00f3gica de Matamoros (UTM) particip\u00f3 en una reuni\u00f3n de seguimiento del Cl\u00faster Automotriz de Tamaulipas.<\/p>\n<p>La rectora de la instituci\u00f3n, Diana Masso Quintana, destac\u00f3 que este encuentro permiti\u00f3 consolidar un espacio de di\u00e1logo y colaboraci\u00f3n entre los distintos sectores que integran el cl\u00faster, fortaleciendo la vinculaci\u00f3n institucional.<\/p>\n<p>Se\u00f1al\u00f3 que estas acciones forman parte del compromiso de la universidad por impulsar el desarrollo econ\u00f3mico regional y la formaci\u00f3n de capital humano altamente capacitado, alineado a las necesidades actuales de la industria.<\/p>\n<p>Asimismo, reconoci\u00f3 el respaldo del gobernador Am\u00e9rico Villarreal Anaya y del secretario de Educaci\u00f3n, Miguel \u00c1ngel Valdez Garc\u00eda, para promover iniciativas que fortalecen el crecimiento industrial y posicionan a Tamaulipas como referente nacional en manufactura automotriz.<\/p>\n<p>Indic\u00f3 que con estas acciones, la Universidad Tecnol\u00f3gica de Matamoros reafirma su compromiso con la vinculaci\u00f3n estrat\u00e9gica, la innovaci\u00f3n y el desarrollo sostenible, contribuyendo al fortalecimiento del ecosistema productivo de la regi\u00f3n.<\/p>\n","protected":false},"excerpt":{"rendered":"<p>Matamoros, Tamaulipas (30-Abril-2026).- Con el objetivo de fortalecer la planeaci\u00f3n estrat\u00e9gica y atender las necesidades&#8230;<\/p>\n","protected":false},"author":1,"featured_media":210869,"comment_status":"closed","ping_status":"closed","sticky":false,"template":"","format":"standard","meta":{"footnotes":"","jetpack_publicize_message":"","jetpack_publicize_feature_enabled":true,"jetpack_social_post_already_shared":true,"jetpack_social_options":{"image_generator_settings":{"template":"highway","default_image_id":0,"font":"","enabled":false},"version":2}},"categories":[10],"tags":[],"class_list":["post-210867","post","type-post","status-publish","format-standard","has-post-thumbnail","hentry","category-tamaulipas"],"jetpack_publicize_connections":[],"_links":{"self":[{"href":"https:\/\/www.buroperiodistico.com.mx\/index.php?rest_route=\/wp\/v2\/posts\/210867","targetHints":{"allow":["GET"]}}],"collection":[{"href":"https:\/\/www.buroperiodistico.com.mx\/index.php?rest_route=\/wp\/v2\/posts"}],"about":[{"href":"https:\/\/www.buroperiodistico.com.mx\/index.php?rest_route=\/wp\/v2\/types\/post"}],"author":[{"embeddable":true,"href":"https:\/\/www.buroperiodistico.com.mx\/index.php?rest_route=\/wp\/v2\/users\/1"}],"replies":[{"embeddable":true,"href":"https:\/\/www.buroperiodistico.com.mx\/index.php?rest_route=%2Fwp%2Fv2%2Fcomments&post=210867"}],"version-history":[{"count":1,"href":"https:\/\/www.buroperiodistico.com.mx\/index.php?rest_route=\/wp\/v2\/posts\/210867\/revisions"}],"predecessor-version":[{"id":210870,"href":"https:\/\/www.buroperiodistico.com.mx\/index.php?rest_route=\/wp\/v2\/posts\/210867\/revisions\/210870"}],"wp:featuredmedia":[{"embeddable":true,"href":"https:\/\/www.buroperiodistico.com.mx\/index.php?rest_route=\/wp\/v2\/media\/210869"}],"wp:attachment":[{"href":"https:\/\/www.buroperiodistico.com.mx\/index.php?rest_route=%2Fwp%2Fv2%2Fmedia&parent=210867"}],"wp:term":[{"taxonomy":"category","embeddable":true,"href":"https:\/\/www.buroperiodistico.com.mx\/index.php?rest_route=%2Fwp%2Fv2%2Fcategories&post=210867"},{"taxonomy":"post_tag","embeddable":true,"href":"https:\/\/www.buroperiodistico.com.mx\/index.php?rest_route=%2Fwp%2Fv2%2Ftags&post=210867"}],"curies":[{"name":"wp","href":"https:\/\/api.w.org\/{rel}","templated":true}]}}