{"id":210855,"date":"2026-04-30T15:45:39","date_gmt":"2026-04-30T20:45:39","guid":{"rendered":"https:\/\/www.buroperiodistico.com.mx\/?p=210855"},"modified":"2026-04-30T15:45:39","modified_gmt":"2026-04-30T20:45:39","slug":"brillan-tamaulipecos-en-panamericano-de-judo-eduardo-sagastegui-gana-el-oro","status":"publish","type":"post","link":"https:\/\/www.buroperiodistico.com.mx\/?p=210855","title":{"rendered":"Brillan tamaulipecos en Panamericano de Judo; Eduardo Sag\u00e1stegui gana el oro"},"content":{"rendered":"<p><em><strong><img loading=\"lazy\" decoding=\"async\" class=\" wp-image-210859 alignright\" src=\"https:\/\/www.buroperiodistico.com.mx\/wp-content\/uploads\/2026\/04\/IDEoro.jpeg\" alt=\"\" width=\"590\" height=\"368\" srcset=\"https:\/\/www.buroperiodistico.com.mx\/wp-content\/uploads\/2026\/04\/IDEoro.jpeg 1024w, https:\/\/www.buroperiodistico.com.mx\/wp-content\/uploads\/2026\/04\/IDEoro-300x187.jpeg 300w, https:\/\/www.buroperiodistico.com.mx\/wp-content\/uploads\/2026\/04\/IDEoro-768x479.jpeg 768w\" sizes=\"auto, (max-width: 590px) 100vw, 590px\" \/>Guayaquil, Ecuador (30-Abril-2026).-<\/strong><\/em> La delegaci\u00f3n de Tamaulipas tuvo una destacada participaci\u00f3n en el Campeonato Panamericano de Judo Cadete y Junior 2026, celebrado en Guayaquil, Ecuador,destacando la medalla de oro conquistada por Eduardo Sag\u00e1stegui en la categor\u00eda Junior.<\/p>\n<p>Los judocas tamaulipecos contribuyeron a los resultados obtenidos por la selecci\u00f3n mexicana en distintas categor\u00edas con una sobresaliente actuaci\u00f3n de Eduardo Sag\u00e1stegui, consolidando su nivel competitivo internacional y fortaleciendo su preparaci\u00f3n rumbo a la Olimpiada Nacional CONADE 2026, que se celebrar\u00e1 en M\u00e9rida, Yucat\u00e1n.<\/p>\n<p>En otros resultados, el tamaulipeco Rafael Garc\u00eda Estrever obtuvo la medalla de plata en la categor\u00eda cadete -73 kilogramos, tras avanzar a la final luego de enfrentar a rivales de Uruguay y Canad\u00e1, y caer ante el brasile\u00f1o Nicol\u00e1s Almeida.<\/p>\n<p>Por su parte, Frida Maya sum\u00f3 una medalla de bronce en la categor\u00eda -57 kilogramos, dentro de la rama femenil, manteniendo una constante en sus participaciones internacionales. As\u00ed mismo, Bella Mar\u00eda Sol\u00eds se colg\u00f3 el Bronce en la categor\u00eda Cadetes -40 kilogramos.<\/p>\n<p>Jos\u00e9 P\u00e9rez finaliz\u00f3 en la s\u00e9ptima posici\u00f3n en la categor\u00eda junior -66 kilogramos, al igual que Axel Gonz\u00e1lez en -81 kilogramos y Alberto Zamora cerr\u00f3 en el octavo puesto en la categor\u00eda cadete.<\/p>\n<p>La delegaci\u00f3n de Tamaulipas asisti\u00f3 a este certamen internacional con el respaldo del Gobierno del Estado a trav\u00e9s de la Secretar\u00eda de Bienestar Social y el Instituto del Deporte de Tamaulipas (INDE), que dirige Manuel Viru\u00e9s Lozano.<\/p>\n<p>La entrenadora Cecilia Mart\u00ednez Aguilera expres\u00f3 su satisfacci\u00f3n por el desempe\u00f1o del representativo tamaulipeco, integrado por siete atletas, quienes lograron posicionarse entre los mejores.<\/p>\n<p>Con estos resultados, la delegaci\u00f3n tamaulipeca concluy\u00f3 su participaci\u00f3n en este compromiso internacional, cumpliendo con las expectativas y sumando experiencia de cara a pr\u00f3ximos eventos del calendario nacional.<\/p>\n<p><img loading=\"lazy\" decoding=\"async\" class=\"aligncenter size-full wp-image-210856\" src=\"https:\/\/www.buroperiodistico.com.mx\/wp-content\/uploads\/2026\/04\/IDEoro-I.jpeg\" alt=\"\" width=\"640\" height=\"426\" srcset=\"https:\/\/www.buroperiodistico.com.mx\/wp-content\/uploads\/2026\/04\/IDEoro-I.jpeg 640w, https:\/\/www.buroperiodistico.com.mx\/wp-content\/uploads\/2026\/04\/IDEoro-I-300x200.jpeg 300w\" sizes=\"auto, (max-width: 640px) 100vw, 640px\" \/> <img loading=\"lazy\" decoding=\"async\" class=\"aligncenter size-full wp-image-210858\" src=\"https:\/\/www.buroperiodistico.com.mx\/wp-content\/uploads\/2026\/04\/IDEoro-III.jpeg\" alt=\"\" width=\"480\" height=\"600\" srcset=\"https:\/\/www.buroperiodistico.com.mx\/wp-content\/uploads\/2026\/04\/IDEoro-III.jpeg 480w, https:\/\/www.buroperiodistico.com.mx\/wp-content\/uploads\/2026\/04\/IDEoro-III-240x300.jpeg 240w\" sizes=\"auto, (max-width: 480px) 100vw, 480px\" \/> <img loading=\"lazy\" decoding=\"async\" class=\"aligncenter size-full wp-image-210857\" src=\"https:\/\/www.buroperiodistico.com.mx\/wp-content\/uploads\/2026\/04\/IDEoro-II.jpeg\" alt=\"\" width=\"486\" height=\"480\" srcset=\"https:\/\/www.buroperiodistico.com.mx\/wp-content\/uploads\/2026\/04\/IDEoro-II.jpeg 486w, https:\/\/www.buroperiodistico.com.mx\/wp-content\/uploads\/2026\/04\/IDEoro-II-300x296.jpeg 300w\" sizes=\"auto, (max-width: 486px) 100vw, 486px\" \/><\/p>\n","protected":false},"excerpt":{"rendered":"<p>Guayaquil, Ecuador (30-Abril-2026).- La delegaci\u00f3n de Tamaulipas tuvo una destacada participaci\u00f3n en el Campeonato Panamericano&#8230;<\/p>\n","protected":false},"author":1,"featured_media":210859,"comment_status":"closed","ping_status":"closed","sticky":false,"template":"","format":"standard","meta":{"footnotes":"","jetpack_publicize_message":"","jetpack_publicize_feature_enabled":true,"jetpack_social_post_already_shared":true,"jetpack_social_options":{"image_generator_settings":{"template":"highway","default_image_id":0,"font":"","enabled":false},"version":2}},"categories":[12],"tags":[],"class_list":["post-210855","post","type-post","status-publish","format-standard","has-post-thumbnail","hentry","category-deportes"],"jetpack_publicize_connections":[],"_links":{"self":[{"href":"https:\/\/www.buroperiodistico.com.mx\/index.php?rest_route=\/wp\/v2\/posts\/210855","targetHints":{"allow":["GET"]}}],"collection":[{"href":"https:\/\/www.buroperiodistico.com.mx\/index.php?rest_route=\/wp\/v2\/posts"}],"about":[{"href":"https:\/\/www.buroperiodistico.com.mx\/index.php?rest_route=\/wp\/v2\/types\/post"}],"author":[{"embeddable":true,"href":"https:\/\/www.buroperiodistico.com.mx\/index.php?rest_route=\/wp\/v2\/users\/1"}],"replies":[{"embeddable":true,"href":"https:\/\/www.buroperiodistico.com.mx\/index.php?rest_route=%2Fwp%2Fv2%2Fcomments&post=210855"}],"version-history":[{"count":2,"href":"https:\/\/www.buroperiodistico.com.mx\/index.php?rest_route=\/wp\/v2\/posts\/210855\/revisions"}],"predecessor-version":[{"id":210861,"href":"https:\/\/www.buroperiodistico.com.mx\/index.php?rest_route=\/wp\/v2\/posts\/210855\/revisions\/210861"}],"wp:featuredmedia":[{"embeddable":true,"href":"https:\/\/www.buroperiodistico.com.mx\/index.php?rest_route=\/wp\/v2\/media\/210859"}],"wp:attachment":[{"href":"https:\/\/www.buroperiodistico.com.mx\/index.php?rest_route=%2Fwp%2Fv2%2Fmedia&parent=210855"}],"wp:term":[{"taxonomy":"category","embeddable":true,"href":"https:\/\/www.buroperiodistico.com.mx\/index.php?rest_route=%2Fwp%2Fv2%2Fcategories&post=210855"},{"taxonomy":"post_tag","embeddable":true,"href":"https:\/\/www.buroperiodistico.com.mx\/index.php?rest_route=%2Fwp%2Fv2%2Ftags&post=210855"}],"curies":[{"name":"wp","href":"https:\/\/api.w.org\/{rel}","templated":true}]}}