{"id":210852,"date":"2026-04-30T15:37:45","date_gmt":"2026-04-30T20:37:45","guid":{"rendered":"https:\/\/www.buroperiodistico.com.mx\/?p=210852"},"modified":"2026-04-30T15:37:45","modified_gmt":"2026-04-30T20:37:45","slug":"aviso-por-cierre-de-vialidades-desfile-del-dia-del-trabajo","status":"publish","type":"post","link":"https:\/\/www.buroperiodistico.com.mx\/?p=210852","title":{"rendered":"Aviso por cierre de vialidades, desfile del D\u00eda del Trabajo"},"content":{"rendered":"<p><em><strong>Reynosa, Tam (30-Abril-2026).-<\/strong><\/em> Este 1 de mayo se llevar\u00e1 a cabo el tradicional desfile en conmemoraci\u00f3n al D\u00eda del Trabajo, iniciando a las 09:00 horas, por lo que el Gobierno Municipal de Reynosa deber\u00e1 realizar cierre de vialidades en las siguientes avenidas y se ir\u00e1 reanudando la circulaci\u00f3n conforme vaya avanzando:<\/p>\n<p>Inicia en Av. Heron Ram\u00edrez; contin\u00faa por: Her\u00f3n Ramirez y Oaxaca, Her\u00f3n Ramirez y Nayarit, Her\u00f3n Ramirez y Michoac\u00e1n, Nicol\u00e1s Bravo y Pedro J. M\u00e9ndez; Francisco I. Madero y Guadalupe Victoria, Francisco I. Madero y Porfirio D\u00edaz, Porfirio D\u00edaz y Pedro J. M\u00e9ndez; Porfirio D\u00edaz y Matamoros, Porfirio D\u00edaz y Francisco I. Madero, Porfirio D\u00edaz y Zaragoza; Zaragoza y Benito Ju\u00e1rez, Zaragoza y Prof. Issasi, Zaragoza y JB Chapa, hasta terminar en calle Zaragoza entre calle Hidalgo y Benito Ju\u00e1rez.<\/p>\n<p>Exhortamos a la ciudadan\u00eda en general a tomar precauciones y utilizar v\u00edas alternas, se contar\u00e1 con agentes de la Polic\u00eda Vial en estas avenidas.<\/p>\n<p>#GobiernoMunicipalDeReynosa<\/p>\n<p><img loading=\"lazy\" decoding=\"async\" class=\"aligncenter  wp-image-210853\" src=\"https:\/\/www.buroperiodistico.com.mx\/wp-content\/uploads\/2026\/04\/Vialix.jpg\" alt=\"\" width=\"907\" height=\"490\" srcset=\"https:\/\/www.buroperiodistico.com.mx\/wp-content\/uploads\/2026\/04\/Vialix.jpg 1110w, https:\/\/www.buroperiodistico.com.mx\/wp-content\/uploads\/2026\/04\/Vialix-300x162.jpg 300w, https:\/\/www.buroperiodistico.com.mx\/wp-content\/uploads\/2026\/04\/Vialix-1024x554.jpg 1024w, https:\/\/www.buroperiodistico.com.mx\/wp-content\/uploads\/2026\/04\/Vialix-768x415.jpg 768w\" sizes=\"auto, (max-width: 907px) 100vw, 907px\" \/><\/p>\n","protected":false},"excerpt":{"rendered":"<p>Reynosa, Tam (30-Abril-2026).- Este 1 de mayo se llevar\u00e1 a cabo el tradicional desfile en&#8230;<\/p>\n","protected":false},"author":1,"featured_media":210853,"comment_status":"closed","ping_status":"closed","sticky":false,"template":"","format":"standard","meta":{"footnotes":"","jetpack_publicize_message":"","jetpack_publicize_feature_enabled":true,"jetpack_social_post_already_shared":true,"jetpack_social_options":{"image_generator_settings":{"template":"highway","default_image_id":0,"font":"","enabled":false},"version":2}},"categories":[9],"tags":[],"class_list":["post-210852","post","type-post","status-publish","format-standard","has-post-thumbnail","hentry","category-reynosa"],"jetpack_publicize_connections":[],"_links":{"self":[{"href":"https:\/\/www.buroperiodistico.com.mx\/index.php?rest_route=\/wp\/v2\/posts\/210852","targetHints":{"allow":["GET"]}}],"collection":[{"href":"https:\/\/www.buroperiodistico.com.mx\/index.php?rest_route=\/wp\/v2\/posts"}],"about":[{"href":"https:\/\/www.buroperiodistico.com.mx\/index.php?rest_route=\/wp\/v2\/types\/post"}],"author":[{"embeddable":true,"href":"https:\/\/www.buroperiodistico.com.mx\/index.php?rest_route=\/wp\/v2\/users\/1"}],"replies":[{"embeddable":true,"href":"https:\/\/www.buroperiodistico.com.mx\/index.php?rest_route=%2Fwp%2Fv2%2Fcomments&post=210852"}],"version-history":[{"count":1,"href":"https:\/\/www.buroperiodistico.com.mx\/index.php?rest_route=\/wp\/v2\/posts\/210852\/revisions"}],"predecessor-version":[{"id":210854,"href":"https:\/\/www.buroperiodistico.com.mx\/index.php?rest_route=\/wp\/v2\/posts\/210852\/revisions\/210854"}],"wp:featuredmedia":[{"embeddable":true,"href":"https:\/\/www.buroperiodistico.com.mx\/index.php?rest_route=\/wp\/v2\/media\/210853"}],"wp:attachment":[{"href":"https:\/\/www.buroperiodistico.com.mx\/index.php?rest_route=%2Fwp%2Fv2%2Fmedia&parent=210852"}],"wp:term":[{"taxonomy":"category","embeddable":true,"href":"https:\/\/www.buroperiodistico.com.mx\/index.php?rest_route=%2Fwp%2Fv2%2Fcategories&post=210852"},{"taxonomy":"post_tag","embeddable":true,"href":"https:\/\/www.buroperiodistico.com.mx\/index.php?rest_route=%2Fwp%2Fv2%2Ftags&post=210852"}],"curies":[{"name":"wp","href":"https:\/\/api.w.org\/{rel}","templated":true}]}}