{"id":210819,"date":"2026-04-30T13:39:53","date_gmt":"2026-04-30T18:39:53","guid":{"rendered":"https:\/\/www.buroperiodistico.com.mx\/?p=210819"},"modified":"2026-04-30T13:39:53","modified_gmt":"2026-04-30T18:39:53","slug":"invita-el-gobierno-de-reynosa-a-inscribirse-a-las-clases-de-karate-en-el-polideportivo","status":"publish","type":"post","link":"https:\/\/www.buroperiodistico.com.mx\/?p=210819","title":{"rendered":"Invita el Gobierno de Reynosa a inscribirse a las clases de Karate en el Polideportivo"},"content":{"rendered":"<p><em><strong><img loading=\"lazy\" decoding=\"async\" class=\" wp-image-210822 alignright\" src=\"https:\/\/www.buroperiodistico.com.mx\/wp-content\/uploads\/2026\/04\/Karameka.jpeg\" alt=\"\" width=\"435\" height=\"267\" srcset=\"https:\/\/www.buroperiodistico.com.mx\/wp-content\/uploads\/2026\/04\/Karameka.jpeg 1024w, https:\/\/www.buroperiodistico.com.mx\/wp-content\/uploads\/2026\/04\/Karameka-300x184.jpeg 300w, https:\/\/www.buroperiodistico.com.mx\/wp-content\/uploads\/2026\/04\/Karameka-768x471.jpeg 768w\" sizes=\"auto, (max-width: 435px) 100vw, 435px\" \/>Reynosa, Tam (30-Abril-2026).-<\/strong><\/em> Con el objetivo de fomentar la pr\u00e1ctica deportiva y el desarrollo integral de la ciudadan\u00eda, el Gobierno de Reynosa, encabezado por el Alcalde Carlos Pe\u00f1a Ortiz, invita al p\u00fablico en general a formar parte del equipo de Karate e inscribirse en las clases que se imparten en el Polideportivo.<\/p>\n<p>El Gobierno Municipal destac\u00f3 que el karate es una disciplina que promueve valores como la disciplina, el respeto y la perseverancia, adem\u00e1s de contribuir al bienestar f\u00edsico y mental de quienes lo practican.<\/p>\n<p>El Instituto Municipal del Deporte pone a disposici\u00f3n sus oficinas para brindar mayor informaci\u00f3n, o bien comunicarse a los tel\u00e9fonos 8999575797 y 8999575798.<\/p>\n<p>#Reynosaimparable<\/p>\n<p><img loading=\"lazy\" decoding=\"async\" class=\"aligncenter size-full wp-image-210820\" src=\"https:\/\/www.buroperiodistico.com.mx\/wp-content\/uploads\/2026\/04\/Karameka-I.jpeg\" alt=\"\" width=\"640\" height=\"426\" srcset=\"https:\/\/www.buroperiodistico.com.mx\/wp-content\/uploads\/2026\/04\/Karameka-I.jpeg 640w, https:\/\/www.buroperiodistico.com.mx\/wp-content\/uploads\/2026\/04\/Karameka-I-300x200.jpeg 300w\" sizes=\"auto, (max-width: 640px) 100vw, 640px\" \/> <img loading=\"lazy\" decoding=\"async\" class=\"aligncenter size-full wp-image-210821\" src=\"https:\/\/www.buroperiodistico.com.mx\/wp-content\/uploads\/2026\/04\/Karameka-II.jpeg\" alt=\"\" width=\"640\" height=\"426\" srcset=\"https:\/\/www.buroperiodistico.com.mx\/wp-content\/uploads\/2026\/04\/Karameka-II.jpeg 640w, https:\/\/www.buroperiodistico.com.mx\/wp-content\/uploads\/2026\/04\/Karameka-II-300x200.jpeg 300w\" sizes=\"auto, (max-width: 640px) 100vw, 640px\" \/><\/p>\n","protected":false},"excerpt":{"rendered":"<p>Reynosa, Tam (30-Abril-2026).- Con el objetivo de fomentar la pr\u00e1ctica deportiva y el desarrollo integral&#8230;<\/p>\n","protected":false},"author":1,"featured_media":210822,"comment_status":"closed","ping_status":"closed","sticky":false,"template":"","format":"standard","meta":{"footnotes":"","jetpack_publicize_message":"","jetpack_publicize_feature_enabled":true,"jetpack_social_post_already_shared":true,"jetpack_social_options":{"image_generator_settings":{"template":"highway","default_image_id":0,"font":"","enabled":false},"version":2}},"categories":[9],"tags":[],"class_list":["post-210819","post","type-post","status-publish","format-standard","has-post-thumbnail","hentry","category-reynosa"],"jetpack_publicize_connections":[],"_links":{"self":[{"href":"https:\/\/www.buroperiodistico.com.mx\/index.php?rest_route=\/wp\/v2\/posts\/210819","targetHints":{"allow":["GET"]}}],"collection":[{"href":"https:\/\/www.buroperiodistico.com.mx\/index.php?rest_route=\/wp\/v2\/posts"}],"about":[{"href":"https:\/\/www.buroperiodistico.com.mx\/index.php?rest_route=\/wp\/v2\/types\/post"}],"author":[{"embeddable":true,"href":"https:\/\/www.buroperiodistico.com.mx\/index.php?rest_route=\/wp\/v2\/users\/1"}],"replies":[{"embeddable":true,"href":"https:\/\/www.buroperiodistico.com.mx\/index.php?rest_route=%2Fwp%2Fv2%2Fcomments&post=210819"}],"version-history":[{"count":1,"href":"https:\/\/www.buroperiodistico.com.mx\/index.php?rest_route=\/wp\/v2\/posts\/210819\/revisions"}],"predecessor-version":[{"id":210823,"href":"https:\/\/www.buroperiodistico.com.mx\/index.php?rest_route=\/wp\/v2\/posts\/210819\/revisions\/210823"}],"wp:featuredmedia":[{"embeddable":true,"href":"https:\/\/www.buroperiodistico.com.mx\/index.php?rest_route=\/wp\/v2\/media\/210822"}],"wp:attachment":[{"href":"https:\/\/www.buroperiodistico.com.mx\/index.php?rest_route=%2Fwp%2Fv2%2Fmedia&parent=210819"}],"wp:term":[{"taxonomy":"category","embeddable":true,"href":"https:\/\/www.buroperiodistico.com.mx\/index.php?rest_route=%2Fwp%2Fv2%2Fcategories&post=210819"},{"taxonomy":"post_tag","embeddable":true,"href":"https:\/\/www.buroperiodistico.com.mx\/index.php?rest_route=%2Fwp%2Fv2%2Ftags&post=210819"}],"curies":[{"name":"wp","href":"https:\/\/api.w.org\/{rel}","templated":true}]}}