{"id":210805,"date":"2026-04-30T11:39:20","date_gmt":"2026-04-30T16:39:20","guid":{"rendered":"https:\/\/www.buroperiodistico.com.mx\/?p=210805"},"modified":"2026-04-30T11:39:20","modified_gmt":"2026-04-30T16:39:20","slug":"mejoran-alcalde-carlos-pena-ortiz-y-dif-calidad-de-vida-de-100-ciudadanos-con-cirugias-de-cataratas-y-carnosidad","status":"publish","type":"post","link":"https:\/\/www.buroperiodistico.com.mx\/?p=210805","title":{"rendered":"Mejoran Alcalde Carlos Pe\u00f1a Ortiz y DIF calidad de vida de 100 ciudadanos con cirug\u00edas de cataratas y carnosidad"},"content":{"rendered":"<ul>\n<li><strong><em>Recibe Presidente del Patronato DIF, con cena a pacientes operados.<\/em><\/strong><\/li>\n<\/ul>\n<p><strong><img loading=\"lazy\" decoding=\"async\" class=\" wp-image-210811 alignright\" src=\"https:\/\/www.buroperiodistico.com.mx\/wp-content\/uploads\/2026\/04\/Difx-7.jpeg\" alt=\"\" width=\"525\" height=\"325\" srcset=\"https:\/\/www.buroperiodistico.com.mx\/wp-content\/uploads\/2026\/04\/Difx-7.jpeg 1024w, https:\/\/www.buroperiodistico.com.mx\/wp-content\/uploads\/2026\/04\/Difx-7-300x186.jpeg 300w, https:\/\/www.buroperiodistico.com.mx\/wp-content\/uploads\/2026\/04\/Difx-7-768x476.jpeg 768w\" sizes=\"auto, (max-width: 525px) 100vw, 525px\" \/>Reynosa, Tam (30-Abril-2026).-<\/strong> Como parte de la Jornada de Salud Visual 2026, el Alcalde, Carlos Pe\u00f1a Ortiz a trav\u00e9s del Sistema DIF-Reynosa que preside Carlos Luis Pe\u00f1a Garza, ha beneficiado hasta el momento a un total de 100 ciudadanos con cirug\u00edas de cataratas y carnosidad en forma completamente gratuita, mejorando la calidad de vida de los ciudadanos que m\u00e1s lo necesitan.<\/p>\n<p>Este mi\u00e9rcoles por la noche, el Presidente del Patronato DIF Municipal, Carlos Luis Pe\u00f1a Garza, acompa\u00f1ado de Jos\u00e9 Antonio Ch\u00e1vez Herrera, Secretario de Servicios P\u00fablicos, recibi\u00f3 con una cena a los pacientes beneficiados que regresaron tras haber sido intervenidos con cirug\u00edas de cataratas en el Hospital La Carlota de Montemorelos, Nuevo Le\u00f3n.<\/p>\n<p>El primer viaje con 50 pacientes fue el pasado 27 de abril y este mi\u00e9rcoles 29 de abril el segundo traslado, acciones que se realizan gracias al compromiso del Alcalde Carlos Pe\u00f1a Ortiz con la salud visual de la ciudadan\u00eda, con la meta de alcanzar 150 cirug\u00edas gratuitas, contribuyendo a mejorar la vida de las familias.<\/p>\n<p><img loading=\"lazy\" decoding=\"async\" class=\"aligncenter size-full wp-image-210806\" src=\"https:\/\/www.buroperiodistico.com.mx\/wp-content\/uploads\/2026\/04\/Difx-I-7.jpeg\" alt=\"\" width=\"640\" height=\"427\" srcset=\"https:\/\/www.buroperiodistico.com.mx\/wp-content\/uploads\/2026\/04\/Difx-I-7.jpeg 640w, https:\/\/www.buroperiodistico.com.mx\/wp-content\/uploads\/2026\/04\/Difx-I-7-300x200.jpeg 300w\" sizes=\"auto, (max-width: 640px) 100vw, 640px\" \/> <img loading=\"lazy\" decoding=\"async\" class=\"aligncenter size-full wp-image-210810\" src=\"https:\/\/www.buroperiodistico.com.mx\/wp-content\/uploads\/2026\/04\/Difx-IIIII.jpeg\" alt=\"\" width=\"640\" height=\"427\" srcset=\"https:\/\/www.buroperiodistico.com.mx\/wp-content\/uploads\/2026\/04\/Difx-IIIII.jpeg 640w, https:\/\/www.buroperiodistico.com.mx\/wp-content\/uploads\/2026\/04\/Difx-IIIII-300x200.jpeg 300w\" sizes=\"auto, (max-width: 640px) 100vw, 640px\" \/> <img loading=\"lazy\" decoding=\"async\" class=\"aligncenter size-full wp-image-210809\" src=\"https:\/\/www.buroperiodistico.com.mx\/wp-content\/uploads\/2026\/04\/Difx-IIII-1.jpeg\" alt=\"\" width=\"640\" height=\"427\" srcset=\"https:\/\/www.buroperiodistico.com.mx\/wp-content\/uploads\/2026\/04\/Difx-IIII-1.jpeg 640w, https:\/\/www.buroperiodistico.com.mx\/wp-content\/uploads\/2026\/04\/Difx-IIII-1-300x200.jpeg 300w\" sizes=\"auto, (max-width: 640px) 100vw, 640px\" \/> <img loading=\"lazy\" decoding=\"async\" class=\"aligncenter size-full wp-image-210808\" src=\"https:\/\/www.buroperiodistico.com.mx\/wp-content\/uploads\/2026\/04\/Difx-III-3.jpeg\" alt=\"\" width=\"640\" height=\"427\" srcset=\"https:\/\/www.buroperiodistico.com.mx\/wp-content\/uploads\/2026\/04\/Difx-III-3.jpeg 640w, https:\/\/www.buroperiodistico.com.mx\/wp-content\/uploads\/2026\/04\/Difx-III-3-300x200.jpeg 300w\" sizes=\"auto, (max-width: 640px) 100vw, 640px\" \/> <img loading=\"lazy\" decoding=\"async\" class=\"aligncenter size-full wp-image-210807\" src=\"https:\/\/www.buroperiodistico.com.mx\/wp-content\/uploads\/2026\/04\/Difx-II-5.jpeg\" alt=\"\" width=\"640\" height=\"427\" srcset=\"https:\/\/www.buroperiodistico.com.mx\/wp-content\/uploads\/2026\/04\/Difx-II-5.jpeg 640w, https:\/\/www.buroperiodistico.com.mx\/wp-content\/uploads\/2026\/04\/Difx-II-5-300x200.jpeg 300w\" sizes=\"auto, (max-width: 640px) 100vw, 640px\" \/><\/p>\n","protected":false},"excerpt":{"rendered":"<p>Recibe Presidente del Patronato DIF, con cena a pacientes operados. Reynosa, Tam (30-Abril-2026).- Como parte&#8230;<\/p>\n","protected":false},"author":1,"featured_media":210811,"comment_status":"closed","ping_status":"closed","sticky":false,"template":"","format":"standard","meta":{"footnotes":"","jetpack_publicize_message":"","jetpack_publicize_feature_enabled":true,"jetpack_social_post_already_shared":true,"jetpack_social_options":{"image_generator_settings":{"template":"highway","default_image_id":0,"font":"","enabled":false},"version":2}},"categories":[9],"tags":[],"class_list":["post-210805","post","type-post","status-publish","format-standard","has-post-thumbnail","hentry","category-reynosa"],"jetpack_publicize_connections":[],"_links":{"self":[{"href":"https:\/\/www.buroperiodistico.com.mx\/index.php?rest_route=\/wp\/v2\/posts\/210805","targetHints":{"allow":["GET"]}}],"collection":[{"href":"https:\/\/www.buroperiodistico.com.mx\/index.php?rest_route=\/wp\/v2\/posts"}],"about":[{"href":"https:\/\/www.buroperiodistico.com.mx\/index.php?rest_route=\/wp\/v2\/types\/post"}],"author":[{"embeddable":true,"href":"https:\/\/www.buroperiodistico.com.mx\/index.php?rest_route=\/wp\/v2\/users\/1"}],"replies":[{"embeddable":true,"href":"https:\/\/www.buroperiodistico.com.mx\/index.php?rest_route=%2Fwp%2Fv2%2Fcomments&post=210805"}],"version-history":[{"count":1,"href":"https:\/\/www.buroperiodistico.com.mx\/index.php?rest_route=\/wp\/v2\/posts\/210805\/revisions"}],"predecessor-version":[{"id":210812,"href":"https:\/\/www.buroperiodistico.com.mx\/index.php?rest_route=\/wp\/v2\/posts\/210805\/revisions\/210812"}],"wp:featuredmedia":[{"embeddable":true,"href":"https:\/\/www.buroperiodistico.com.mx\/index.php?rest_route=\/wp\/v2\/media\/210811"}],"wp:attachment":[{"href":"https:\/\/www.buroperiodistico.com.mx\/index.php?rest_route=%2Fwp%2Fv2%2Fmedia&parent=210805"}],"wp:term":[{"taxonomy":"category","embeddable":true,"href":"https:\/\/www.buroperiodistico.com.mx\/index.php?rest_route=%2Fwp%2Fv2%2Fcategories&post=210805"},{"taxonomy":"post_tag","embeddable":true,"href":"https:\/\/www.buroperiodistico.com.mx\/index.php?rest_route=%2Fwp%2Fv2%2Ftags&post=210805"}],"curies":[{"name":"wp","href":"https:\/\/api.w.org\/{rel}","templated":true}]}}