{"id":210800,"date":"2026-04-30T11:19:47","date_gmt":"2026-04-30T16:19:47","guid":{"rendered":"https:\/\/www.buroperiodistico.com.mx\/?p=210800"},"modified":"2026-04-30T11:19:47","modified_gmt":"2026-04-30T16:19:47","slug":"domina-ut-nuevo-laredo-desafio-juridico-aduanero-inter-universidades-2026","status":"publish","type":"post","link":"https:\/\/www.buroperiodistico.com.mx\/?p=210800","title":{"rendered":"Domina UT Nuevo Laredo Desaf\u00edo Jur\u00eddico Aduanero Inter-Universidades 2026"},"content":{"rendered":"<p><em><strong><img loading=\"lazy\" decoding=\"async\" class=\" wp-image-210803 alignright\" src=\"https:\/\/www.buroperiodistico.com.mx\/wp-content\/uploads\/2026\/04\/UTNUniversidades.jpeg\" alt=\"\" width=\"532\" height=\"351\" srcset=\"https:\/\/www.buroperiodistico.com.mx\/wp-content\/uploads\/2026\/04\/UTNUniversidades.jpeg 1024w, https:\/\/www.buroperiodistico.com.mx\/wp-content\/uploads\/2026\/04\/UTNUniversidades-300x198.jpeg 300w, https:\/\/www.buroperiodistico.com.mx\/wp-content\/uploads\/2026\/04\/UTNUniversidades-768x507.jpeg 768w, https:\/\/www.buroperiodistico.com.mx\/wp-content\/uploads\/2026\/04\/UTNUniversidades-720x475.jpeg 720w\" sizes=\"auto, (max-width: 532px) 100vw, 532px\" \/>Nuevo Laredo, Tamaulipas (30-Abril-2026).-<\/strong><\/em> La Universidad Tecnol\u00f3gica de Nuevo Laredo (UTNL) obtuvo el primer y segundo lugar en el \u201cDesaf\u00edo Jur\u00eddico Aduanero Inter-Universidades 2026\u201d, realizado en el Centro Cultural de Nuevo Laredo, consolidando su liderazgo acad\u00e9mico en materia de comercio exterior y derecho aduanero.<\/p>\n<p>El rector de la instituci\u00f3n, Jos\u00e9 Antonio Tovar Lara, inform\u00f3 que la competencia evalu\u00f3 el conocimiento, la agilidad y la capacidad de respuesta de las y los participantes mediante din\u00e1micas eliminatorias, incluyendo una etapa con sistema de botonera que exig\u00eda respuestas inmediatas.<\/p>\n<p>Destac\u00f3 la relevancia estrat\u00e9gica de Nuevo Laredo en el comercio internacional, as\u00ed como la responsabilidad de formar profesionistas especializados en materia aduanera, en un entorno global din\u00e1mico y altamente competitivo. En este sentido, subray\u00f3 que este tipo de ejercicios acad\u00e9micos fortalecen habilidades clave como el an\u00e1lisis cr\u00edtico, la argumentaci\u00f3n jur\u00eddica, la toma de decisiones y el trabajo en equipo.<\/p>\n<p>En cuanto a los resultados, Yolanda Ang\u00e9lica Molina Neri, estudiante de quinto cuatrimestre del programa de T\u00e9cnico Superior Universitario en Operaciones Log\u00edsticas y Comercio Exterior, obtuvo el primer lugar; el segundo sitio fue para Aar\u00f3n Aguilar Moreno, del mismo programa acad\u00e9mico; mientras que el tercer lugar correspondi\u00f3 a Diego Capuchino Cervantes, alumno de Ingenier\u00eda en Log\u00edstica Internacional de la Universidad Tecnol\u00f3gica de La Laguna.<\/p>\n<p>El certamen reuni\u00f3 a 16 estudiantes provenientes de ocho universidades tecnol\u00f3gicas del pa\u00eds, entre ellas las de Saltillo, San Luis R\u00edo Colorado, Ciudad Ju\u00e1rez, La Bab\u00edcora, La Laguna (Durango), Matamoros y la propia UTNL, as\u00ed como la Facultad de Comercio, Administraci\u00f3n y Ciencias Sociales de la Universidad Aut\u00f3noma de Tamaulipas. Finalmente, el rector reconoci\u00f3 el respaldo del gobernador Am\u00e9rico Villarreal Anaya y del secretario de Educaci\u00f3n, Miguel \u00c1ngel Valdez Garc\u00eda, para fortalecer el desarrollo profesional del estudiantado y consolidar a las instituciones educativas como ejes de la transformaci\u00f3n social<\/p>\n<p><img loading=\"lazy\" decoding=\"async\" class=\"aligncenter size-full wp-image-210801\" src=\"https:\/\/www.buroperiodistico.com.mx\/wp-content\/uploads\/2026\/04\/UTNUniversidades-I.jpeg\" alt=\"\" width=\"640\" height=\"426\" srcset=\"https:\/\/www.buroperiodistico.com.mx\/wp-content\/uploads\/2026\/04\/UTNUniversidades-I.jpeg 640w, https:\/\/www.buroperiodistico.com.mx\/wp-content\/uploads\/2026\/04\/UTNUniversidades-I-300x200.jpeg 300w\" sizes=\"auto, (max-width: 640px) 100vw, 640px\" \/> <img loading=\"lazy\" decoding=\"async\" class=\"aligncenter size-full wp-image-210802\" src=\"https:\/\/www.buroperiodistico.com.mx\/wp-content\/uploads\/2026\/04\/UTNUniversidades-II.jpeg\" alt=\"\" width=\"640\" height=\"360\" srcset=\"https:\/\/www.buroperiodistico.com.mx\/wp-content\/uploads\/2026\/04\/UTNUniversidades-II.jpeg 640w, https:\/\/www.buroperiodistico.com.mx\/wp-content\/uploads\/2026\/04\/UTNUniversidades-II-300x169.jpeg 300w\" sizes=\"auto, (max-width: 640px) 100vw, 640px\" \/><\/p>\n","protected":false},"excerpt":{"rendered":"<p>Nuevo Laredo, Tamaulipas (30-Abril-2026).- La Universidad Tecnol\u00f3gica de Nuevo Laredo (UTNL) obtuvo el primer y&#8230;<\/p>\n","protected":false},"author":1,"featured_media":210803,"comment_status":"closed","ping_status":"closed","sticky":false,"template":"","format":"standard","meta":{"footnotes":"","jetpack_publicize_message":"","jetpack_publicize_feature_enabled":true,"jetpack_social_post_already_shared":true,"jetpack_social_options":{"image_generator_settings":{"template":"highway","default_image_id":0,"font":"","enabled":false},"version":2}},"categories":[10],"tags":[],"class_list":["post-210800","post","type-post","status-publish","format-standard","has-post-thumbnail","hentry","category-tamaulipas"],"jetpack_publicize_connections":[],"_links":{"self":[{"href":"https:\/\/www.buroperiodistico.com.mx\/index.php?rest_route=\/wp\/v2\/posts\/210800","targetHints":{"allow":["GET"]}}],"collection":[{"href":"https:\/\/www.buroperiodistico.com.mx\/index.php?rest_route=\/wp\/v2\/posts"}],"about":[{"href":"https:\/\/www.buroperiodistico.com.mx\/index.php?rest_route=\/wp\/v2\/types\/post"}],"author":[{"embeddable":true,"href":"https:\/\/www.buroperiodistico.com.mx\/index.php?rest_route=\/wp\/v2\/users\/1"}],"replies":[{"embeddable":true,"href":"https:\/\/www.buroperiodistico.com.mx\/index.php?rest_route=%2Fwp%2Fv2%2Fcomments&post=210800"}],"version-history":[{"count":1,"href":"https:\/\/www.buroperiodistico.com.mx\/index.php?rest_route=\/wp\/v2\/posts\/210800\/revisions"}],"predecessor-version":[{"id":210804,"href":"https:\/\/www.buroperiodistico.com.mx\/index.php?rest_route=\/wp\/v2\/posts\/210800\/revisions\/210804"}],"wp:featuredmedia":[{"embeddable":true,"href":"https:\/\/www.buroperiodistico.com.mx\/index.php?rest_route=\/wp\/v2\/media\/210803"}],"wp:attachment":[{"href":"https:\/\/www.buroperiodistico.com.mx\/index.php?rest_route=%2Fwp%2Fv2%2Fmedia&parent=210800"}],"wp:term":[{"taxonomy":"category","embeddable":true,"href":"https:\/\/www.buroperiodistico.com.mx\/index.php?rest_route=%2Fwp%2Fv2%2Fcategories&post=210800"},{"taxonomy":"post_tag","embeddable":true,"href":"https:\/\/www.buroperiodistico.com.mx\/index.php?rest_route=%2Fwp%2Fv2%2Ftags&post=210800"}],"curies":[{"name":"wp","href":"https:\/\/api.w.org\/{rel}","templated":true}]}}