{"id":210793,"date":"2026-04-30T10:41:02","date_gmt":"2026-04-30T15:41:02","guid":{"rendered":"https:\/\/www.buroperiodistico.com.mx\/?p=210793"},"modified":"2026-04-30T10:41:02","modified_gmt":"2026-04-30T15:41:02","slug":"oficinas-de-comapa-suspenderan-labores-por-dia-del-trabajo","status":"publish","type":"post","link":"https:\/\/www.buroperiodistico.com.mx\/?p=210793","title":{"rendered":"Oficinas de COMAPA suspender\u00e1n labores por D\u00eda del Trabajo"},"content":{"rendered":"<p><em><strong>Reynosa, Tam (30-Abril-2026).-<\/strong><\/em>\u00a0Con motivo del D\u00eda del Trabajo y en cumplimiento con la disposici\u00f3n oficial, la Comisi\u00f3n Municipal de Agua Potable y Alcantarillado de Reynosa informa a sus usuarios que este viernes 1 de mayo, las oficinas del organismo permanecer\u00e1n cerradas.<\/p>\n<p>Sin embargo, se continuar\u00e1 brindando atenci\u00f3n a la ciudadan\u00eda a trav\u00e9s de los canales digitales oficiales, donde podr\u00e1n realizar reportes y consultas por medio de redes sociales: COMAPA REYNOSA y a trav\u00e9s de la p\u00e1gina oficial: https:\/\/www.comapareynosa.gob.mx\/inicio\/.<\/p>\n<p>Las actividades se reanudar\u00e1n el s\u00e1bado 2 de mayo, en el horario habitual de las sucursales, para continuar ofreciendo atenci\u00f3n a los usuarios. El organismo agradece la comprensi\u00f3n de la ciudadan\u00eda y reitera su compromiso de mantener activos los canales de comunicaci\u00f3n para brindar atenci\u00f3n oportuna.<\/p>\n<p><img loading=\"lazy\" decoding=\"async\" class=\"aligncenter  wp-image-210794\" src=\"https:\/\/www.buroperiodistico.com.mx\/wp-content\/uploads\/2026\/04\/Avix.jpg\" alt=\"\" width=\"944\" height=\"510\" srcset=\"https:\/\/www.buroperiodistico.com.mx\/wp-content\/uploads\/2026\/04\/Avix.jpg 1110w, https:\/\/www.buroperiodistico.com.mx\/wp-content\/uploads\/2026\/04\/Avix-300x162.jpg 300w, https:\/\/www.buroperiodistico.com.mx\/wp-content\/uploads\/2026\/04\/Avix-1024x554.jpg 1024w, https:\/\/www.buroperiodistico.com.mx\/wp-content\/uploads\/2026\/04\/Avix-768x415.jpg 768w\" sizes=\"auto, (max-width: 944px) 100vw, 944px\" \/><\/p>\n","protected":false},"excerpt":{"rendered":"<p>Reynosa, Tam (30-Abril-2026).-\u00a0Con motivo del D\u00eda del Trabajo y en cumplimiento con la disposici\u00f3n oficial,&#8230;<\/p>\n","protected":false},"author":1,"featured_media":210794,"comment_status":"closed","ping_status":"closed","sticky":false,"template":"","format":"standard","meta":{"footnotes":"","jetpack_publicize_message":"","jetpack_publicize_feature_enabled":true,"jetpack_social_post_already_shared":true,"jetpack_social_options":{"image_generator_settings":{"template":"highway","default_image_id":0,"font":"","enabled":false},"version":2}},"categories":[9],"tags":[],"class_list":["post-210793","post","type-post","status-publish","format-standard","has-post-thumbnail","hentry","category-reynosa"],"jetpack_publicize_connections":[],"_links":{"self":[{"href":"https:\/\/www.buroperiodistico.com.mx\/index.php?rest_route=\/wp\/v2\/posts\/210793","targetHints":{"allow":["GET"]}}],"collection":[{"href":"https:\/\/www.buroperiodistico.com.mx\/index.php?rest_route=\/wp\/v2\/posts"}],"about":[{"href":"https:\/\/www.buroperiodistico.com.mx\/index.php?rest_route=\/wp\/v2\/types\/post"}],"author":[{"embeddable":true,"href":"https:\/\/www.buroperiodistico.com.mx\/index.php?rest_route=\/wp\/v2\/users\/1"}],"replies":[{"embeddable":true,"href":"https:\/\/www.buroperiodistico.com.mx\/index.php?rest_route=%2Fwp%2Fv2%2Fcomments&post=210793"}],"version-history":[{"count":1,"href":"https:\/\/www.buroperiodistico.com.mx\/index.php?rest_route=\/wp\/v2\/posts\/210793\/revisions"}],"predecessor-version":[{"id":210795,"href":"https:\/\/www.buroperiodistico.com.mx\/index.php?rest_route=\/wp\/v2\/posts\/210793\/revisions\/210795"}],"wp:featuredmedia":[{"embeddable":true,"href":"https:\/\/www.buroperiodistico.com.mx\/index.php?rest_route=\/wp\/v2\/media\/210794"}],"wp:attachment":[{"href":"https:\/\/www.buroperiodistico.com.mx\/index.php?rest_route=%2Fwp%2Fv2%2Fmedia&parent=210793"}],"wp:term":[{"taxonomy":"category","embeddable":true,"href":"https:\/\/www.buroperiodistico.com.mx\/index.php?rest_route=%2Fwp%2Fv2%2Fcategories&post=210793"},{"taxonomy":"post_tag","embeddable":true,"href":"https:\/\/www.buroperiodistico.com.mx\/index.php?rest_route=%2Fwp%2Fv2%2Ftags&post=210793"}],"curies":[{"name":"wp","href":"https:\/\/api.w.org\/{rel}","templated":true}]}}