{"id":210778,"date":"2026-04-29T20:36:52","date_gmt":"2026-04-30T01:36:52","guid":{"rendered":"https:\/\/www.buroperiodistico.com.mx\/?p=210778"},"modified":"2026-04-29T20:36:52","modified_gmt":"2026-04-30T01:36:52","slug":"celebran-a-la-ninez-tamaulipeca-con-acceso-gratuito-a-parques-estatales","status":"publish","type":"post","link":"https:\/\/www.buroperiodistico.com.mx\/?p=210778","title":{"rendered":"Celebran a la ni\u00f1ez tamaulipeca con acceso gratuito a parques estatales"},"content":{"rendered":"<p><em><strong><img loading=\"lazy\" decoding=\"async\" class=\" wp-image-210781 alignright\" src=\"https:\/\/www.buroperiodistico.com.mx\/wp-content\/uploads\/2026\/04\/CPBestatales.jpeg\" alt=\"\" width=\"514\" height=\"319\" srcset=\"https:\/\/www.buroperiodistico.com.mx\/wp-content\/uploads\/2026\/04\/CPBestatales.jpeg 1024w, https:\/\/www.buroperiodistico.com.mx\/wp-content\/uploads\/2026\/04\/CPBestatales-300x186.jpeg 300w, https:\/\/www.buroperiodistico.com.mx\/wp-content\/uploads\/2026\/04\/CPBestatales-768x476.jpeg 768w\" sizes=\"auto, (max-width: 514px) 100vw, 514px\" \/>Ciudad Victoria, Tamaulipas (29-Abril-2026).-<\/strong><\/em> En el marco de la celebraci\u00f3n del D\u00eda del Ni\u00f1o, la Comisi\u00f3n de Parques y Biodiversidad de Tamaulipas inform\u00f3 que el pr\u00f3ximo 30 de abril las ni\u00f1as y ni\u00f1os podr\u00e1n ingresar de manera gratuita a todos los parques administrados por este organismo, como parte de las acciones orientadas a fomentar la convivencia familiar y el contacto con la naturaleza.<\/p>\n<p>El vocal de la Comisi\u00f3n, Eduardo Rocha Orozco, destac\u00f3 que esta iniciativa busca garantizar espacios accesibles, seguros e incluyentes que contribuyan al desarrollo integral de la ni\u00f1ez tamaulipeca.<\/p>\n<p>Se\u00f1al\u00f3 que esta acci\u00f3n forma parte de la pol\u00edtica social impulsada por el gobernador Am\u00e9rico Villarreal Anaya, orientada a fortalecer el bienestar de las familias y promover el uso de espacios p\u00fablicos dignos.<\/p>\n<p>Asimismo, inform\u00f3 que actualmente se realizan trabajos de rehabilitaci\u00f3n en diversos parques del estado, incluyendo mantenimiento general, mejoras en \u00e1reas recreativas, acondicionamiento de lagos y rehabilitaci\u00f3n de recintos de fauna, con el objetivo de ofrecer instalaciones en \u00f3ptimas condiciones.<\/p>\n<p>En este contexto, destac\u00f3 el avance en la instalaci\u00f3n de una granja interactiva, la cual permitir\u00e1 a ni\u00f1as y ni\u00f1os tener un acercamiento directo con los animales, fortaleciendo la educaci\u00f3n ambiental y la conciencia sobre el cuidado de la biodiversidad.<\/p>\n<p>Con estas acciones, la Comisi\u00f3n de Parques y Biodiversidad de Tamaulipas reafirma su compromiso de impulsar espacios que promuevan la convivencia, el aprendizaje y el respeto por el entorno natural, contribuyendo al fortalecimiento del tejido social en la entidad.<\/p>\n<p><img loading=\"lazy\" decoding=\"async\" class=\"aligncenter size-full wp-image-210779\" src=\"https:\/\/www.buroperiodistico.com.mx\/wp-content\/uploads\/2026\/04\/CPBestatales-I.jpeg\" alt=\"\" width=\"640\" height=\"471\" srcset=\"https:\/\/www.buroperiodistico.com.mx\/wp-content\/uploads\/2026\/04\/CPBestatales-I.jpeg 640w, https:\/\/www.buroperiodistico.com.mx\/wp-content\/uploads\/2026\/04\/CPBestatales-I-300x221.jpeg 300w\" sizes=\"auto, (max-width: 640px) 100vw, 640px\" \/> <img loading=\"lazy\" decoding=\"async\" class=\"aligncenter size-full wp-image-210780\" src=\"https:\/\/www.buroperiodistico.com.mx\/wp-content\/uploads\/2026\/04\/CPBestatales-II.jpeg\" alt=\"\" width=\"640\" height=\"480\" srcset=\"https:\/\/www.buroperiodistico.com.mx\/wp-content\/uploads\/2026\/04\/CPBestatales-II.jpeg 640w, https:\/\/www.buroperiodistico.com.mx\/wp-content\/uploads\/2026\/04\/CPBestatales-II-300x225.jpeg 300w\" sizes=\"auto, (max-width: 640px) 100vw, 640px\" \/><\/p>\n","protected":false},"excerpt":{"rendered":"<p>Ciudad Victoria, Tamaulipas (29-Abril-2026).- En el marco de la celebraci\u00f3n del D\u00eda del Ni\u00f1o, la&#8230;<\/p>\n","protected":false},"author":1,"featured_media":210781,"comment_status":"closed","ping_status":"closed","sticky":false,"template":"","format":"standard","meta":{"footnotes":"","jetpack_publicize_message":"","jetpack_publicize_feature_enabled":true,"jetpack_social_post_already_shared":true,"jetpack_social_options":{"image_generator_settings":{"template":"highway","default_image_id":0,"font":"","enabled":false},"version":2}},"categories":[10],"tags":[],"class_list":["post-210778","post","type-post","status-publish","format-standard","has-post-thumbnail","hentry","category-tamaulipas"],"jetpack_publicize_connections":[],"_links":{"self":[{"href":"https:\/\/www.buroperiodistico.com.mx\/index.php?rest_route=\/wp\/v2\/posts\/210778","targetHints":{"allow":["GET"]}}],"collection":[{"href":"https:\/\/www.buroperiodistico.com.mx\/index.php?rest_route=\/wp\/v2\/posts"}],"about":[{"href":"https:\/\/www.buroperiodistico.com.mx\/index.php?rest_route=\/wp\/v2\/types\/post"}],"author":[{"embeddable":true,"href":"https:\/\/www.buroperiodistico.com.mx\/index.php?rest_route=\/wp\/v2\/users\/1"}],"replies":[{"embeddable":true,"href":"https:\/\/www.buroperiodistico.com.mx\/index.php?rest_route=%2Fwp%2Fv2%2Fcomments&post=210778"}],"version-history":[{"count":1,"href":"https:\/\/www.buroperiodistico.com.mx\/index.php?rest_route=\/wp\/v2\/posts\/210778\/revisions"}],"predecessor-version":[{"id":210782,"href":"https:\/\/www.buroperiodistico.com.mx\/index.php?rest_route=\/wp\/v2\/posts\/210778\/revisions\/210782"}],"wp:featuredmedia":[{"embeddable":true,"href":"https:\/\/www.buroperiodistico.com.mx\/index.php?rest_route=\/wp\/v2\/media\/210781"}],"wp:attachment":[{"href":"https:\/\/www.buroperiodistico.com.mx\/index.php?rest_route=%2Fwp%2Fv2%2Fmedia&parent=210778"}],"wp:term":[{"taxonomy":"category","embeddable":true,"href":"https:\/\/www.buroperiodistico.com.mx\/index.php?rest_route=%2Fwp%2Fv2%2Fcategories&post=210778"},{"taxonomy":"post_tag","embeddable":true,"href":"https:\/\/www.buroperiodistico.com.mx\/index.php?rest_route=%2Fwp%2Fv2%2Ftags&post=210778"}],"curies":[{"name":"wp","href":"https:\/\/api.w.org\/{rel}","templated":true}]}}