{"id":210770,"date":"2026-04-29T20:26:55","date_gmt":"2026-04-30T01:26:55","guid":{"rendered":"https:\/\/www.buroperiodistico.com.mx\/?p=210770"},"modified":"2026-04-29T20:26:55","modified_gmt":"2026-04-30T01:26:55","slug":"tamaulipas-avanza-a-la-final-en-escenario-del-mundial-social","status":"publish","type":"post","link":"https:\/\/www.buroperiodistico.com.mx\/?p=210770","title":{"rendered":"Tamaulipas avanza a la final en escenario del \u201cMundial Social\u201d"},"content":{"rendered":"<p><em><strong><img loading=\"lazy\" decoding=\"async\" class=\" wp-image-210772 alignright\" src=\"https:\/\/www.buroperiodistico.com.mx\/wp-content\/uploads\/2026\/04\/IDESocial.jpeg\" alt=\"\" width=\"583\" height=\"371\" srcset=\"https:\/\/www.buroperiodistico.com.mx\/wp-content\/uploads\/2026\/04\/IDESocial.jpeg 1024w, https:\/\/www.buroperiodistico.com.mx\/wp-content\/uploads\/2026\/04\/IDESocial-300x191.jpeg 300w, https:\/\/www.buroperiodistico.com.mx\/wp-content\/uploads\/2026\/04\/IDESocial-768x489.jpeg 768w\" sizes=\"auto, (max-width: 583px) 100vw, 583px\" \/>Puebla, Puebla (29-Abril-2026).-<\/strong><\/em> La Comisi\u00f3n Nacional de Cultura F\u00edsica y Deporte (CONADE), en conjunto con la Federaci\u00f3n Mexicana de F\u00fatbol, confirm\u00f3 que la final de la Olimpiada Nacional 2026, en la que la Selecci\u00f3n Tamaulipas Sub-15 varonil asegur\u00f3 su lugar tras vencer 2-1 a Quer\u00e9taro, formar\u00e1 parte del denominado \u201cMundial Social\u201d, iniciativa impulsada por el Gobierno de M\u00e9xico encabezado por la presidenta Claudia Sheinbaum Pardo.<\/p>\n<p>El encuentro por el t\u00edtulo se disputar\u00e1 el pr\u00f3ximo 27 de mayo ante el representativo de Coahuila, dentro de este escenario nacional que agrupa diversos eventos deportivos en categor\u00edas juveniles y escolares.<\/p>\n<p>Con este resultado, Tamaulipas rompe una sequ\u00eda de m\u00e1s de una d\u00e9cada al instalarse nuevamente en una final nacional, consolidando el proceso competitivo de este grupo en la m\u00e1xima justa juvenil del pa\u00eds.<\/p>\n<p>Como parte del programa del \u201cMundial Social\u201d, se contempla que un d\u00eda despu\u00e9s de la final de la CONADE se realice la Copa Escolar del Mundial Social, mientras que el 29 de mayo se llevar\u00e1n a cabo las ceremonias de premiaci\u00f3n.<\/p>\n<p>Al respecto, el director general del Instituto del Deporte de Tamaulipas, Manuel Viru\u00e9s Lozano, destac\u00f3 que el equipo cuenta con el respaldo del Gobierno del Estado, encabezado por el gobernador Am\u00e9rico Villarreal Anaya, as\u00ed como de la secretaria de Bienestar Social, Silvia Casas Gonz\u00e1lez, para fortalecer su preparaci\u00f3n de cara a la disputa por la medalla de oro.<\/p>\n<p>La Selecci\u00f3n Tamaulipas est\u00e1 integrada por jugadores de Matamoros, Reynosa y la zona conurbada de Tampico y Ciudad Madero, quienes buscar\u00e1n consolidar este logro y escribir una nueva p\u00e1gina en la historia del f\u00fatbol juvenil del estado.<\/p>\n<p><img loading=\"lazy\" decoding=\"async\" class=\"aligncenter size-full wp-image-210771\" src=\"https:\/\/www.buroperiodistico.com.mx\/wp-content\/uploads\/2026\/04\/IDESocial-I.jpeg\" alt=\"\" width=\"640\" height=\"426\" srcset=\"https:\/\/www.buroperiodistico.com.mx\/wp-content\/uploads\/2026\/04\/IDESocial-I.jpeg 640w, https:\/\/www.buroperiodistico.com.mx\/wp-content\/uploads\/2026\/04\/IDESocial-I-300x200.jpeg 300w\" sizes=\"auto, (max-width: 640px) 100vw, 640px\" \/><\/p>\n","protected":false},"excerpt":{"rendered":"<p>Puebla, Puebla (29-Abril-2026).- La Comisi\u00f3n Nacional de Cultura F\u00edsica y Deporte (CONADE), en conjunto con&#8230;<\/p>\n","protected":false},"author":1,"featured_media":210772,"comment_status":"closed","ping_status":"closed","sticky":false,"template":"","format":"standard","meta":{"footnotes":"","jetpack_publicize_message":"","jetpack_publicize_feature_enabled":true,"jetpack_social_post_already_shared":true,"jetpack_social_options":{"image_generator_settings":{"template":"highway","default_image_id":0,"font":"","enabled":false},"version":2}},"categories":[10],"tags":[],"class_list":["post-210770","post","type-post","status-publish","format-standard","has-post-thumbnail","hentry","category-tamaulipas"],"jetpack_publicize_connections":[],"_links":{"self":[{"href":"https:\/\/www.buroperiodistico.com.mx\/index.php?rest_route=\/wp\/v2\/posts\/210770","targetHints":{"allow":["GET"]}}],"collection":[{"href":"https:\/\/www.buroperiodistico.com.mx\/index.php?rest_route=\/wp\/v2\/posts"}],"about":[{"href":"https:\/\/www.buroperiodistico.com.mx\/index.php?rest_route=\/wp\/v2\/types\/post"}],"author":[{"embeddable":true,"href":"https:\/\/www.buroperiodistico.com.mx\/index.php?rest_route=\/wp\/v2\/users\/1"}],"replies":[{"embeddable":true,"href":"https:\/\/www.buroperiodistico.com.mx\/index.php?rest_route=%2Fwp%2Fv2%2Fcomments&post=210770"}],"version-history":[{"count":1,"href":"https:\/\/www.buroperiodistico.com.mx\/index.php?rest_route=\/wp\/v2\/posts\/210770\/revisions"}],"predecessor-version":[{"id":210773,"href":"https:\/\/www.buroperiodistico.com.mx\/index.php?rest_route=\/wp\/v2\/posts\/210770\/revisions\/210773"}],"wp:featuredmedia":[{"embeddable":true,"href":"https:\/\/www.buroperiodistico.com.mx\/index.php?rest_route=\/wp\/v2\/media\/210772"}],"wp:attachment":[{"href":"https:\/\/www.buroperiodistico.com.mx\/index.php?rest_route=%2Fwp%2Fv2%2Fmedia&parent=210770"}],"wp:term":[{"taxonomy":"category","embeddable":true,"href":"https:\/\/www.buroperiodistico.com.mx\/index.php?rest_route=%2Fwp%2Fv2%2Fcategories&post=210770"},{"taxonomy":"post_tag","embeddable":true,"href":"https:\/\/www.buroperiodistico.com.mx\/index.php?rest_route=%2Fwp%2Fv2%2Ftags&post=210770"}],"curies":[{"name":"wp","href":"https:\/\/api.w.org\/{rel}","templated":true}]}}