{"id":210763,"date":"2026-04-29T20:01:43","date_gmt":"2026-04-30T01:01:43","guid":{"rendered":"https:\/\/www.buroperiodistico.com.mx\/?p=210763"},"modified":"2026-04-29T20:01:43","modified_gmt":"2026-04-30T01:01:43","slug":"fortalece-uat-investigacion-y-vinculacion-educativa-set","status":"publish","type":"post","link":"https:\/\/www.buroperiodistico.com.mx\/?p=210763","title":{"rendered":"Fortalece UAT investigaci\u00f3n y vinculaci\u00f3n educativa: SET"},"content":{"rendered":"<p><em><strong><img loading=\"lazy\" decoding=\"async\" class=\" wp-image-210764 alignright\" src=\"https:\/\/www.buroperiodistico.com.mx\/wp-content\/uploads\/2026\/04\/SETeducativa-1.jpeg\" alt=\"\" width=\"473\" height=\"310\" srcset=\"https:\/\/www.buroperiodistico.com.mx\/wp-content\/uploads\/2026\/04\/SETeducativa-1.jpeg 1024w, https:\/\/www.buroperiodistico.com.mx\/wp-content\/uploads\/2026\/04\/SETeducativa-1-300x197.jpeg 300w, https:\/\/www.buroperiodistico.com.mx\/wp-content\/uploads\/2026\/04\/SETeducativa-1-768x503.jpeg 768w\" sizes=\"auto, (max-width: 473px) 100vw, 473px\" \/>Ciudad Victoria, Tamaulipas (29-Abril-2026).-<\/strong><\/em> La Universidad Aut\u00f3noma de Tamaulipas (UAT) fortalece su vinculaci\u00f3n con la Secretar\u00eda de Educaci\u00f3n en la entidad, particularmente en los \u00e1mbitos de la investigaci\u00f3n y la ampliaci\u00f3n de espacios en la educaci\u00f3n media superior, inform\u00f3 el secretario de Educaci\u00f3n, Miguel \u00c1ngel Valdez Garc\u00eda.<\/p>\n<p>El titular de la dependencia destac\u00f3 que la UAT es la instituci\u00f3n que m\u00e1s investigadores aporta al Sistema Nacional de Investigadoras e Investigadores en el estado, contribuyendo con proyectos que generan conocimiento orientado a la soluci\u00f3n de problem\u00e1ticas sociales.<\/p>\n<p>Asimismo, reconoci\u00f3 el liderazgo del rector D\u00e1maso Anaya Alvarado, al se\u00f1alar que la vinculaci\u00f3n entre ambas instituciones ha permitido consolidar iniciativas acad\u00e9micas y de investigaci\u00f3n en beneficio del sistema educativo.<\/p>\n<p>En materia de cobertura educativa, destac\u00f3 la colaboraci\u00f3n de la universidad en la apertura de espacios en educaci\u00f3n media superior, particularmente en municipios con alta demanda como Reynosa, Nuevo Laredo y Altamira, mediante esquemas innovadores como preparatorias virtuales.<\/p>\n<p>De igual forma, subray\u00f3 la coordinaci\u00f3n en programas de becas impulsados por el gobierno estatal, encabezado por Am\u00e9rico Villarreal Anaya, que benefician a estudiantes universitarios y fortalecen la permanencia escolar.<\/p>\n<p>El secretario inform\u00f3 que esta colaboraci\u00f3n se extiende a proyectos espec\u00edficos de investigaci\u00f3n aplicada, como el diagn\u00f3stico de problem\u00e1ticas socioemocionales en planteles educativos, iniciativa desarrollada por especialistas de la UAT en coordinaci\u00f3n con la Secretar\u00eda de Educaci\u00f3n.<\/p>\n<p>Finalmente, reiter\u00f3 que el trabajo conjunto entre la UAT y el Gobierno del Estado consolida a la educaci\u00f3n superior como un eje estrat\u00e9gico para la transformaci\u00f3n social, mediante la generaci\u00f3n de conocimiento, la innovaci\u00f3n educativa y la atenci\u00f3n a las necesidades del entorno.<\/p>\n","protected":false},"excerpt":{"rendered":"<p>Ciudad Victoria, Tamaulipas (29-Abril-2026).- La Universidad Aut\u00f3noma de Tamaulipas (UAT) fortalece su vinculaci\u00f3n con la&#8230;<\/p>\n","protected":false},"author":1,"featured_media":210764,"comment_status":"closed","ping_status":"closed","sticky":false,"template":"","format":"standard","meta":{"footnotes":"","jetpack_publicize_message":"","jetpack_publicize_feature_enabled":true,"jetpack_social_post_already_shared":true,"jetpack_social_options":{"image_generator_settings":{"template":"highway","default_image_id":0,"font":"","enabled":false},"version":2}},"categories":[10],"tags":[],"class_list":["post-210763","post","type-post","status-publish","format-standard","has-post-thumbnail","hentry","category-tamaulipas"],"jetpack_publicize_connections":[],"_links":{"self":[{"href":"https:\/\/www.buroperiodistico.com.mx\/index.php?rest_route=\/wp\/v2\/posts\/210763","targetHints":{"allow":["GET"]}}],"collection":[{"href":"https:\/\/www.buroperiodistico.com.mx\/index.php?rest_route=\/wp\/v2\/posts"}],"about":[{"href":"https:\/\/www.buroperiodistico.com.mx\/index.php?rest_route=\/wp\/v2\/types\/post"}],"author":[{"embeddable":true,"href":"https:\/\/www.buroperiodistico.com.mx\/index.php?rest_route=\/wp\/v2\/users\/1"}],"replies":[{"embeddable":true,"href":"https:\/\/www.buroperiodistico.com.mx\/index.php?rest_route=%2Fwp%2Fv2%2Fcomments&post=210763"}],"version-history":[{"count":1,"href":"https:\/\/www.buroperiodistico.com.mx\/index.php?rest_route=\/wp\/v2\/posts\/210763\/revisions"}],"predecessor-version":[{"id":210765,"href":"https:\/\/www.buroperiodistico.com.mx\/index.php?rest_route=\/wp\/v2\/posts\/210763\/revisions\/210765"}],"wp:featuredmedia":[{"embeddable":true,"href":"https:\/\/www.buroperiodistico.com.mx\/index.php?rest_route=\/wp\/v2\/media\/210764"}],"wp:attachment":[{"href":"https:\/\/www.buroperiodistico.com.mx\/index.php?rest_route=%2Fwp%2Fv2%2Fmedia&parent=210763"}],"wp:term":[{"taxonomy":"category","embeddable":true,"href":"https:\/\/www.buroperiodistico.com.mx\/index.php?rest_route=%2Fwp%2Fv2%2Fcategories&post=210763"},{"taxonomy":"post_tag","embeddable":true,"href":"https:\/\/www.buroperiodistico.com.mx\/index.php?rest_route=%2Fwp%2Fv2%2Ftags&post=210763"}],"curies":[{"name":"wp","href":"https:\/\/api.w.org\/{rel}","templated":true}]}}