{"id":210749,"date":"2026-04-29T19:43:35","date_gmt":"2026-04-30T00:43:35","guid":{"rendered":"https:\/\/www.buroperiodistico.com.mx\/?p=210749"},"modified":"2026-04-29T19:43:35","modified_gmt":"2026-04-30T00:43:35","slug":"emite-secretaria-de-salud-recomendaciones-por-altas-temperaturas","status":"publish","type":"post","link":"https:\/\/www.buroperiodistico.com.mx\/?p=210749","title":{"rendered":"Emite Secretar\u00eda de Salud recomendaciones por altas temperaturas"},"content":{"rendered":"<p><em><strong><img loading=\"lazy\" decoding=\"async\" class=\" wp-image-210750 alignright\" src=\"https:\/\/www.buroperiodistico.com.mx\/wp-content\/uploads\/2026\/04\/Altastemperaturas.jpeg\" alt=\"\" width=\"425\" height=\"260\" srcset=\"https:\/\/www.buroperiodistico.com.mx\/wp-content\/uploads\/2026\/04\/Altastemperaturas.jpeg 1024w, https:\/\/www.buroperiodistico.com.mx\/wp-content\/uploads\/2026\/04\/Altastemperaturas-300x183.jpeg 300w, https:\/\/www.buroperiodistico.com.mx\/wp-content\/uploads\/2026\/04\/Altastemperaturas-768x470.jpeg 768w\" sizes=\"auto, (max-width: 425px) 100vw, 425px\" \/>Ciudad Victoria, Tamaulipas (29-Abril-2026).-<\/strong><\/em> Ante la presencia de la onda de calor, y de acuerdo al informe\u00a0 presentado por el departamento de Meteorolog\u00eda del Organismo Cuenca Golfo Norte, que los d\u00edas cr\u00edticos son hasta el 1 de mayo del presente a\u00f1o, la secretaria de Salud recomend\u00f3 a la poblaci\u00f3n tomar las medidas de prevenci\u00f3n para evitar los golpes de calor, tales como beber suficientes l\u00edquidos, no exponerse al sol por tiempos prolongados y solicitar atenci\u00f3n m\u00e9dica en caso de presentar alg\u00fan s\u00edntoma.<\/p>\n<p>Adriana Marcela Hern\u00e1ndez Campos, expuso que, el calentamiento de aire o invasi\u00f3n del aire denominado como onda de calor, puede durar de 4 a 10 d\u00edas, lo que provoca la presencia del golpe de calor, el incremento de enfermedades diarreicas, deshidrataciones severas, as\u00ed como el que se agraven las enfermedades cr\u00f3nicas degenerativas como la diabetes e hipertensi\u00f3n.<\/p>\n<p>\u201cEn esta temporada tambi\u00e9n se pueden incrementar las enfermedades intestinales, que aunque hasta el momento no hay registros de brotes de este padecimiento, es necesario cuidar lo que consumimos y d\u00f3nde los consumimos, as\u00ed como\u00a0 lavarnos con frecuencia las manos\u201d, se\u00f1al\u00f3 Hern\u00e1ndez Campos.<\/p>\n<p>Con el intenso calor, las personas que se encuentran con mayor vulnerabilidad son los trabajadores de la construcci\u00f3n, trabajadores agr\u00edcolas, deportistas, as\u00ed como los ni\u00f1os y adultos mayores, por ello las recomendaciones se enfocan a no realizar actividades intensas bajo el sol, hidratarse constantemente y consumir alimentos frescos.<\/p>\n<p>Parte de las recomendaciones para las altas temperaturas es evitar el consumo de bebidas alcoh\u00f3licas; no permanecer en un veh\u00edculo con las puertas cerradas; y jam\u00e1s dejar en un veh\u00edculo al sol\u00a0a beb\u00e9s, ni\u00f1as, ni\u00f1os, personas adultas mayores o personas en condici\u00f3n de discapacidad.<\/p>\n<p>Por \u00faltimo es importante destacar que las mascotas tambi\u00e9n sienten el golpe de calor y debemos procurar que siempre tengan agua disponible, no dejaros en habitaciones sin ventilaci\u00f3n, en veh\u00edculos al sol y tampoco en las azoteas.<\/p>\n<p>Cabe mencionar que de acuerdo al reporte epidemiol\u00f3gico, en el 2025 en 9 municipios se reportaron 68 casos asociados a las altas temperaturas, de los cuales 26 fueron por insolaci\u00f3n; 22 por golpe de calor; 19 deshidrataciones, y 1 paciente present\u00f3 quemaduras por exposici\u00f3n al sol.<\/p>\n","protected":false},"excerpt":{"rendered":"<p>Ciudad Victoria, Tamaulipas (29-Abril-2026).- Ante la presencia de la onda de calor, y de acuerdo&#8230;<\/p>\n","protected":false},"author":1,"featured_media":210750,"comment_status":"closed","ping_status":"closed","sticky":false,"template":"","format":"standard","meta":{"footnotes":"","jetpack_publicize_message":"","jetpack_publicize_feature_enabled":true,"jetpack_social_post_already_shared":true,"jetpack_social_options":{"image_generator_settings":{"template":"highway","default_image_id":0,"font":"","enabled":false},"version":2}},"categories":[10],"tags":[],"class_list":["post-210749","post","type-post","status-publish","format-standard","has-post-thumbnail","hentry","category-tamaulipas"],"jetpack_publicize_connections":[],"_links":{"self":[{"href":"https:\/\/www.buroperiodistico.com.mx\/index.php?rest_route=\/wp\/v2\/posts\/210749","targetHints":{"allow":["GET"]}}],"collection":[{"href":"https:\/\/www.buroperiodistico.com.mx\/index.php?rest_route=\/wp\/v2\/posts"}],"about":[{"href":"https:\/\/www.buroperiodistico.com.mx\/index.php?rest_route=\/wp\/v2\/types\/post"}],"author":[{"embeddable":true,"href":"https:\/\/www.buroperiodistico.com.mx\/index.php?rest_route=\/wp\/v2\/users\/1"}],"replies":[{"embeddable":true,"href":"https:\/\/www.buroperiodistico.com.mx\/index.php?rest_route=%2Fwp%2Fv2%2Fcomments&post=210749"}],"version-history":[{"count":1,"href":"https:\/\/www.buroperiodistico.com.mx\/index.php?rest_route=\/wp\/v2\/posts\/210749\/revisions"}],"predecessor-version":[{"id":210751,"href":"https:\/\/www.buroperiodistico.com.mx\/index.php?rest_route=\/wp\/v2\/posts\/210749\/revisions\/210751"}],"wp:featuredmedia":[{"embeddable":true,"href":"https:\/\/www.buroperiodistico.com.mx\/index.php?rest_route=\/wp\/v2\/media\/210750"}],"wp:attachment":[{"href":"https:\/\/www.buroperiodistico.com.mx\/index.php?rest_route=%2Fwp%2Fv2%2Fmedia&parent=210749"}],"wp:term":[{"taxonomy":"category","embeddable":true,"href":"https:\/\/www.buroperiodistico.com.mx\/index.php?rest_route=%2Fwp%2Fv2%2Fcategories&post=210749"},{"taxonomy":"post_tag","embeddable":true,"href":"https:\/\/www.buroperiodistico.com.mx\/index.php?rest_route=%2Fwp%2Fv2%2Ftags&post=210749"}],"curies":[{"name":"wp","href":"https:\/\/api.w.org\/{rel}","templated":true}]}}